{"id":803,"date":"2021-03-09T15:34:06","date_gmt":"2021-03-09T14:34:06","guid":{"rendered":"https:\/\/weltlaeden.de\/badcannstatt\/?p=803"},"modified":"2021-03-09T15:34:18","modified_gmt":"2021-03-09T14:34:18","slug":"aktion-fairwertsteuer-7000-euro-gespendet","status":"publish","type":"post","link":"https:\/\/weltlaeden.de\/badcannstatt\/aktion-fairwertsteuer-7000-euro-gespendet\/","title":{"rendered":"Aktion Fairwertsteuer: 7000.- Euro gespendet"},"content":{"rendered":"<p>Der Weltladen Bad Cannstatt konnte mit dem Weltladen an der Planie gemeinsam im Rahmen der Aktion #fairwertsteuer insgesamt 7000.- Euro spenden. Die reduzierte Mehrwertsteuer im zweiten Halbjahr 2020 kommt somit den Produzentinnen und Produzenten in benachteiligten L\u00e4ndern zugute.<\/p>\n<p>Der Weltladen-Dachverband hat mit der aktion #fairwertsteuer Mitte 2020 zusammen mit Partnern einen Fonds ins Leben gerufen, um von der Corona-Pandemie besonders betroffene Handelspartner zu unterst\u00fctzen. Der Fonds wird in erster Linie von Weltl\u00e4den gespeist, die die zwischen dem 1. Juli und 31. Dezember 2020 reduzierte Mehrwertsteuer nicht an ihre Kund*innen weitergeleitet haben, sondern in den Topf der aktion #fairwertsteuer.<\/p>\n<p>Bis Mitte Februar 2021 sind auf diese Weise mehr als 445.000 Euro zusammengekommen. Einen Gro\u00dfteil davon konnte der Weltladen-Dachverband bereits an 70 Handelspartner in 20 L\u00e4ndern auszahlen. Derzeit l\u00e4uft die dritte Vergaberunde, in der Handelspartner neue Antr\u00e4ge einreichen k\u00f6nnen, bevor die Aktion zum 31. M\u00e4rz beendet wird. Der Weltladen-Dachverband rechnet damit, dass bis dahin insgesamt 500.000 Euro eingegangen sein werden.<\/p>\n","protected":false},"excerpt":{"rendered":"<p>Der Weltladen Bad Cannstatt konnte mit dem Weltladen an der Planie gemeinsam im Rahmen der Aktion #fairwertsteuer insgesamt 7000.- Euro spenden. Die reduzierte Mehrwertsteuer im zweiten Halbjahr 2020 kommt somit den Produzentinnen und Produzenten in benachteiligten L\u00e4ndern zugute. Der Weltladen-Dachverband hat mit der aktion #fairwertsteuer Mitte 2020 zusammen mit Partnern einen Fonds ins Leben gerufen,&hellip;<\/p>\n","protected":false},"author":96,"featured_media":804,"comment_status":"closed","ping_status":"closed","sticky":false,"template":"","format":"standard","meta":{"footnotes":""},"categories":[8],"tags":[],"class_list":["post-803","post","type-post","status-publish","format-standard","has-post-thumbnail","hentry","category-neues","category-8","description-off"],"yoast_head":"<!-- This site is optimized with the Yoast SEO plugin v26.8 - https:\/\/yoast.com\/product\/yoast-seo-wordpress\/ -->\n<title>Aktion Fairwertsteuer: 7000.- Euro gespendet - Weltladen Bad Cannstatt<\/title>\n<meta name=\"robots\" content=\"index, follow, max-snippet:-1, max-image-preview:large, max-video-preview:-1\" \/>\n<link rel=\"canonical\" href=\"https:\/\/weltlaeden.de\/badcannstatt\/aktion-fairwertsteuer-7000-euro-gespendet\/\" \/>\n<meta property=\"og:locale\" content=\"de_DE\" \/>\n<meta property=\"og:type\" content=\"article\" \/>\n<meta property=\"og:title\" content=\"Aktion Fairwertsteuer: 7000.- Euro gespendet - Weltladen Bad Cannstatt\" \/>\n<meta property=\"og:description\" content=\"Der Weltladen Bad Cannstatt konnte mit dem Weltladen an der Planie gemeinsam im Rahmen der Aktion #fairwertsteuer insgesamt 7000.- Euro spenden. Die reduzierte Mehrwertsteuer im zweiten Halbjahr 2020 kommt somit den Produzentinnen und Produzenten in benachteiligten L\u00e4ndern zugute. Der Weltladen-Dachverband hat mit der aktion #fairwertsteuer Mitte 2020 zusammen mit Partnern einen Fonds ins Leben gerufen,&hellip;\" \/>\n<meta property=\"og:url\" content=\"https:\/\/weltlaeden.de\/badcannstatt\/aktion-fairwertsteuer-7000-euro-gespendet\/\" \/>\n<meta property=\"og:site_name\" content=\"Weltladen Bad Cannstatt\" \/>\n<meta property=\"article:published_time\" content=\"2021-03-09T14:34:06+00:00\" \/>\n<meta property=\"article:modified_time\" content=\"2021-03-09T14:34:18+00:00\" \/>\n<meta property=\"og:image\" content=\"https:\/\/weltlaeden.de\/badcannstatt\/wp-content\/uploads\/sites\/65\/2021\/03\/fairwertsteuer-Bild-f\u00fcr-PM.jpg\" \/>\n\t<meta property=\"og:image:width\" content=\"1344\" \/>\n\t<meta property=\"og:image:height\" content=\"1920\" \/>\n\t<meta property=\"og:image:type\" content=\"image\/jpeg\" \/>\n<meta name=\"author\" content=\"badcannstatt\" \/>\n<meta name=\"twitter:card\" content=\"summary_large_image\" \/>\n<meta name=\"twitter:label1\" content=\"Verfasst von\" \/>\n\t<meta name=\"twitter:data1\" content=\"badcannstatt\" \/>\n\t<meta name=\"twitter:label2\" content=\"Gesch\u00e4tzte Lesezeit\" \/>\n\t<meta name=\"twitter:data2\" content=\"1\u00a0Minute\" \/>\n<script type=\"application\/ld+json\" class=\"yoast-schema-graph\">{\"@context\":\"https:\/\/schema.org\",\"@graph\":[{\"@type\":\"Article\",\"@id\":\"https:\/\/weltlaeden.de\/badcannstatt\/aktion-fairwertsteuer-7000-euro-gespendet\/#article\",\"isPartOf\":{\"@id\":\"https:\/\/weltlaeden.de\/badcannstatt\/aktion-fairwertsteuer-7000-euro-gespendet\/\"},\"author\":{\"name\":\"badcannstatt\",\"@id\":\"https:\/\/weltlaeden.de\/badcannstatt\/#\/schema\/person\/2614ab322b6fdcbdd27a9f6288f3137f\"},\"headline\":\"Aktion Fairwertsteuer: 7000.- Euro gespendet\",\"datePublished\":\"2021-03-09T14:34:06+00:00\",\"dateModified\":\"2021-03-09T14:34:18+00:00\",\"mainEntityOfPage\":{\"@id\":\"https:\/\/weltlaeden.de\/badcannstatt\/aktion-fairwertsteuer-7000-euro-gespendet\/\"},\"wordCount\":162,\"image\":{\"@id\":\"https:\/\/weltlaeden.de\/badcannstatt\/aktion-fairwertsteuer-7000-euro-gespendet\/#primaryimage\"},\"thumbnailUrl\":\"https:\/\/weltlaeden.de\/badcannstatt\/wp-content\/uploads\/sites\/65\/2021\/03\/fairwertsteuer-Bild-f\u00fcr-PM.jpg\",\"articleSection\":[\"Neuigkeiten\"],\"inLanguage\":\"de\"},{\"@type\":\"WebPage\",\"@id\":\"https:\/\/weltlaeden.de\/badcannstatt\/aktion-fairwertsteuer-7000-euro-gespendet\/\",\"url\":\"https:\/\/weltlaeden.de\/badcannstatt\/aktion-fairwertsteuer-7000-euro-gespendet\/\",\"name\":\"Aktion Fairwertsteuer: 7000.- Euro gespendet - Weltladen Bad Cannstatt\",\"isPartOf\":{\"@id\":\"https:\/\/weltlaeden.de\/badcannstatt\/#website\"},\"primaryImageOfPage\":{\"@id\":\"https:\/\/weltlaeden.de\/badcannstatt\/aktion-fairwertsteuer-7000-euro-gespendet\/#primaryimage\"},\"image\":{\"@id\":\"https:\/\/weltlaeden.de\/badcannstatt\/aktion-fairwertsteuer-7000-euro-gespendet\/#primaryimage\"},\"thumbnailUrl\":\"https:\/\/weltlaeden.de\/badcannstatt\/wp-content\/uploads\/sites\/65\/2021\/03\/fairwertsteuer-Bild-f\u00fcr-PM.jpg\",\"datePublished\":\"2021-03-09T14:34:06+00:00\",\"dateModified\":\"2021-03-09T14:34:18+00:00\",\"author\":{\"@id\":\"https:\/\/weltlaeden.de\/badcannstatt\/#\/schema\/person\/2614ab322b6fdcbdd27a9f6288f3137f\"},\"breadcrumb\":{\"@id\":\"https:\/\/weltlaeden.de\/badcannstatt\/aktion-fairwertsteuer-7000-euro-gespendet\/#breadcrumb\"},\"inLanguage\":\"de\",\"potentialAction\":[{\"@type\":\"ReadAction\",\"target\":[\"https:\/\/weltlaeden.de\/badcannstatt\/aktion-fairwertsteuer-7000-euro-gespendet\/\"]}]},{\"@type\":\"ImageObject\",\"inLanguage\":\"de\",\"@id\":\"https:\/\/weltlaeden.de\/badcannstatt\/aktion-fairwertsteuer-7000-euro-gespendet\/#primaryimage\",\"url\":\"https:\/\/weltlaeden.de\/badcannstatt\/wp-content\/uploads\/sites\/65\/2021\/03\/fairwertsteuer-Bild-f\u00fcr-PM.jpg\",\"contentUrl\":\"https:\/\/weltlaeden.de\/badcannstatt\/wp-content\/uploads\/sites\/65\/2021\/03\/fairwertsteuer-Bild-f\u00fcr-PM.jpg\",\"width\":1344,\"height\":1920},{\"@type\":\"BreadcrumbList\",\"@id\":\"https:\/\/weltlaeden.de\/badcannstatt\/aktion-fairwertsteuer-7000-euro-gespendet\/#breadcrumb\",\"itemListElement\":[{\"@type\":\"ListItem\",\"position\":1,\"name\":\"Startseite\",\"item\":\"https:\/\/weltlaeden.de\/badcannstatt\/\"},{\"@type\":\"ListItem\",\"position\":2,\"name\":\"Aktion Fairwertsteuer: 7000.- Euro gespendet\"}]},{\"@type\":\"WebSite\",\"@id\":\"https:\/\/weltlaeden.de\/badcannstatt\/#website\",\"url\":\"https:\/\/weltlaeden.de\/badcannstatt\/\",\"name\":\"Vorlage\",\"description\":\"Am Marktplatz, mitten in Bad Cannstatt\",\"potentialAction\":[{\"@type\":\"SearchAction\",\"target\":{\"@type\":\"EntryPoint\",\"urlTemplate\":\"https:\/\/weltlaeden.de\/badcannstatt\/?s={search_term_string}\"},\"query-input\":{\"@type\":\"PropertyValueSpecification\",\"valueRequired\":true,\"valueName\":\"search_term_string\"}}],\"inLanguage\":\"de\"},{\"@type\":\"Person\",\"@id\":\"https:\/\/weltlaeden.de\/badcannstatt\/#\/schema\/person\/2614ab322b6fdcbdd27a9f6288f3137f\",\"name\":\"badcannstatt\",\"image\":{\"@type\":\"ImageObject\",\"inLanguage\":\"de\",\"@id\":\"https:\/\/weltlaeden.de\/badcannstatt\/#\/schema\/person\/image\/\",\"url\":\"https:\/\/secure.gravatar.com\/avatar\/0d97ccf4862784a6db41525b68e388c3?s=96&d=mm&r=g\",\"contentUrl\":\"https:\/\/secure.gravatar.com\/avatar\/0d97ccf4862784a6db41525b68e388c3?s=96&d=mm&r=g\",\"caption\":\"badcannstatt\"}}]}<\/script>\n<!-- \/ Yoast SEO plugin. -->","yoast_head_json":{"title":"Aktion Fairwertsteuer: 7000.- Euro gespendet - Weltladen Bad Cannstatt","robots":{"index":"index","follow":"follow","max-snippet":"max-snippet:-1","max-image-preview":"max-image-preview:large","max-video-preview":"max-video-preview:-1"},"canonical":"https:\/\/weltlaeden.de\/badcannstatt\/aktion-fairwertsteuer-7000-euro-gespendet\/","og_locale":"de_DE","og_type":"article","og_title":"Aktion Fairwertsteuer: 7000.- Euro gespendet - Weltladen Bad Cannstatt","og_description":"Der Weltladen Bad Cannstatt konnte mit dem Weltladen an der Planie gemeinsam im Rahmen der Aktion #fairwertsteuer insgesamt 7000.- Euro spenden. Die reduzierte Mehrwertsteuer im zweiten Halbjahr 2020 kommt somit den Produzentinnen und Produzenten in benachteiligten L\u00e4ndern zugute. Der Weltladen-Dachverband hat mit der aktion #fairwertsteuer Mitte 2020 zusammen mit Partnern einen Fonds ins Leben gerufen,&hellip;","og_url":"https:\/\/weltlaeden.de\/badcannstatt\/aktion-fairwertsteuer-7000-euro-gespendet\/","og_site_name":"Weltladen Bad Cannstatt","article_published_time":"2021-03-09T14:34:06+00:00","article_modified_time":"2021-03-09T14:34:18+00:00","og_image":[{"width":1344,"height":1920,"url":"https:\/\/weltlaeden.de\/badcannstatt\/wp-content\/uploads\/sites\/65\/2021\/03\/fairwertsteuer-Bild-f\u00fcr-PM.jpg","type":"image\/jpeg"}],"author":"badcannstatt","twitter_card":"summary_large_image","twitter_misc":{"Verfasst von":"badcannstatt","Gesch\u00e4tzte Lesezeit":"1\u00a0Minute"},"schema":{"@context":"https:\/\/schema.org","@graph":[{"@type":"Article","@id":"https:\/\/weltlaeden.de\/badcannstatt\/aktion-fairwertsteuer-7000-euro-gespendet\/#article","isPartOf":{"@id":"https:\/\/weltlaeden.de\/badcannstatt\/aktion-fairwertsteuer-7000-euro-gespendet\/"},"author":{"name":"badcannstatt","@id":"https:\/\/weltlaeden.de\/badcannstatt\/#\/schema\/person\/2614ab322b6fdcbdd27a9f6288f3137f"},"headline":"Aktion Fairwertsteuer: 7000.- Euro gespendet","datePublished":"2021-03-09T14:34:06+00:00","dateModified":"2021-03-09T14:34:18+00:00","mainEntityOfPage":{"@id":"https:\/\/weltlaeden.de\/badcannstatt\/aktion-fairwertsteuer-7000-euro-gespendet\/"},"wordCount":162,"image":{"@id":"https:\/\/weltlaeden.de\/badcannstatt\/aktion-fairwertsteuer-7000-euro-gespendet\/#primaryimage"},"thumbnailUrl":"https:\/\/weltlaeden.de\/badcannstatt\/wp-content\/uploads\/sites\/65\/2021\/03\/fairwertsteuer-Bild-f\u00fcr-PM.jpg","articleSection":["Neuigkeiten"],"inLanguage":"de"},{"@type":"WebPage","@id":"https:\/\/weltlaeden.de\/badcannstatt\/aktion-fairwertsteuer-7000-euro-gespendet\/","url":"https:\/\/weltlaeden.de\/badcannstatt\/aktion-fairwertsteuer-7000-euro-gespendet\/","name":"Aktion Fairwertsteuer: 7000.- Euro gespendet - Weltladen Bad Cannstatt","isPartOf":{"@id":"https:\/\/weltlaeden.de\/badcannstatt\/#website"},"primaryImageOfPage":{"@id":"https:\/\/weltlaeden.de\/badcannstatt\/aktion-fairwertsteuer-7000-euro-gespendet\/#primaryimage"},"image":{"@id":"https:\/\/weltlaeden.de\/badcannstatt\/aktion-fairwertsteuer-7000-euro-gespendet\/#primaryimage"},"thumbnailUrl":"https:\/\/weltlaeden.de\/badcannstatt\/wp-content\/uploads\/sites\/65\/2021\/03\/fairwertsteuer-Bild-f\u00fcr-PM.jpg","datePublished":"2021-03-09T14:34:06+00:00","dateModified":"2021-03-09T14:34:18+00:00","author":{"@id":"https:\/\/weltlaeden.de\/badcannstatt\/#\/schema\/person\/2614ab322b6fdcbdd27a9f6288f3137f"},"breadcrumb":{"@id":"https:\/\/weltlaeden.de\/badcannstatt\/aktion-fairwertsteuer-7000-euro-gespendet\/#breadcrumb"},"inLanguage":"de","potentialAction":[{"@type":"ReadAction","target":["https:\/\/weltlaeden.de\/badcannstatt\/aktion-fairwertsteuer-7000-euro-gespendet\/"]}]},{"@type":"ImageObject","inLanguage":"de","@id":"https:\/\/weltlaeden.de\/badcannstatt\/aktion-fairwertsteuer-7000-euro-gespendet\/#primaryimage","url":"https:\/\/weltlaeden.de\/badcannstatt\/wp-content\/uploads\/sites\/65\/2021\/03\/fairwertsteuer-Bild-f\u00fcr-PM.jpg","contentUrl":"https:\/\/weltlaeden.de\/badcannstatt\/wp-content\/uploads\/sites\/65\/2021\/03\/fairwertsteuer-Bild-f\u00fcr-PM.jpg","width":1344,"height":1920},{"@type":"BreadcrumbList","@id":"https:\/\/weltlaeden.de\/badcannstatt\/aktion-fairwertsteuer-7000-euro-gespendet\/#breadcrumb","itemListElement":[{"@type":"ListItem","position":1,"name":"Startseite","item":"https:\/\/weltlaeden.de\/badcannstatt\/"},{"@type":"ListItem","position":2,"name":"Aktion Fairwertsteuer: 7000.- Euro gespendet"}]},{"@type":"WebSite","@id":"https:\/\/weltlaeden.de\/badcannstatt\/#website","url":"https:\/\/weltlaeden.de\/badcannstatt\/","name":"Vorlage","description":"Am Marktplatz, mitten in Bad Cannstatt","potentialAction":[{"@type":"SearchAction","target":{"@type":"EntryPoint","urlTemplate":"https:\/\/weltlaeden.de\/badcannstatt\/?s={search_term_string}"},"query-input":{"@type":"PropertyValueSpecification","valueRequired":true,"valueName":"search_term_string"}}],"inLanguage":"de"},{"@type":"Person","@id":"https:\/\/weltlaeden.de\/badcannstatt\/#\/schema\/person\/2614ab322b6fdcbdd27a9f6288f3137f","name":"badcannstatt","image":{"@type":"ImageObject","inLanguage":"de","@id":"https:\/\/weltlaeden.de\/badcannstatt\/#\/schema\/person\/image\/","url":"https:\/\/secure.gravatar.com\/avatar\/0d97ccf4862784a6db41525b68e388c3?s=96&d=mm&r=g","contentUrl":"https:\/\/secure.gravatar.com\/avatar\/0d97ccf4862784a6db41525b68e388c3?s=96&d=mm&r=g","caption":"badcannstatt"}}]}},"_links":{"self":[{"href":"https:\/\/weltlaeden.de\/badcannstatt\/wp-json\/wp\/v2\/posts\/803","targetHints":{"allow":["GET"]}}],"collection":[{"href":"https:\/\/weltlaeden.de\/badcannstatt\/wp-json\/wp\/v2\/posts"}],"about":[{"href":"https:\/\/weltlaeden.de\/badcannstatt\/wp-json\/wp\/v2\/types\/post"}],"author":[{"embeddable":true,"href":"https:\/\/weltlaeden.de\/badcannstatt\/wp-json\/wp\/v2\/users\/96"}],"replies":[{"embeddable":true,"href":"https:\/\/weltlaeden.de\/badcannstatt\/wp-json\/wp\/v2\/comments?post=803"}],"version-history":[{"count":2,"href":"https:\/\/weltlaeden.de\/badcannstatt\/wp-json\/wp\/v2\/posts\/803\/revisions"}],"predecessor-version":[{"id":806,"href":"https:\/\/weltlaeden.de\/badcannstatt\/wp-json\/wp\/v2\/posts\/803\/revisions\/806"}],"wp:featuredmedia":[{"embeddable":true,"href":"https:\/\/weltlaeden.de\/badcannstatt\/wp-json\/wp\/v2\/media\/804"}],"wp:attachment":[{"href":"https:\/\/weltlaeden.de\/badcannstatt\/wp-json\/wp\/v2\/media?parent=803"}],"wp:term":[{"taxonomy":"category","embeddable":true,"href":"https:\/\/weltlaeden.de\/badcannstatt\/wp-json\/wp\/v2\/categories?post=803"},{"taxonomy":"post_tag","embeddable":true,"href":"https:\/\/weltlaeden.de\/badcannstatt\/wp-json\/wp\/v2\/tags?post=803"}],"curies":[{"name":"wp","href":"https:\/\/api.w.org\/{rel}","templated":true}]}}