{"id":720,"date":"2020-06-30T14:06:03","date_gmt":"2020-06-30T12:06:03","guid":{"rendered":"https:\/\/weltlaeden.de\/badcannstatt\/?p=720"},"modified":"2020-06-30T14:06:03","modified_gmt":"2020-06-30T12:06:03","slug":"aktionfairwertsteuer","status":"publish","type":"post","link":"https:\/\/weltlaeden.de\/badcannstatt\/aktionfairwertsteuer\/","title":{"rendered":"aktion #fairwertsteuer \u2013 Wir machen mit!"},"content":{"rendered":"<p>Der Weltladen-Dachverband startet gemeinsam mit der bundesweiten Fair-Handels-Beratung und dem Forum Fairer Handel zum 1. Juli die aktion #fairwertsteuer. Sie zielt darauf ab, die Mehrwertsteuer-Absenkung nicht an die Kunden weiterzugeben, sondern an Fair-Handels-Produzenten im Globalen S\u00fcden.<\/p>\n<p>Die Produzenten in Afrika, Asien und Lateinamerika sind besonders stark von den Auswirkungen der Corona-Krise betroffen. Viele von ihnen k\u00f6nnen wegen der Ausgangssperren derzeit nicht in ihren Werkst\u00e4tten und auf den Feldern arbeiten, sie erhalten kein Material, fertig produzierte Ware kann teilweise nicht verschifft werden und der Verkauf im Inland ist zum Erliegen gekommen,\u00a0 gleichzeitig k\u00f6nnen sie aber am wenigsten mit staatlicher Unterst\u00fctzung rechnen.<\/p>\n<p>So k\u00f6nnen wir die Produzenten st\u00e4rken, damit sie und ihre Organisationen die Krise hoffentlich gut \u00fcberstehen. Die Mehrwertsteuer-Absenkung macht in der Regel nur wenige Cent aus. In der Summe kann im Laufe eines halben Jahres jedoch ein nennenswerter Betrag generiert werden, der f\u00fcr Handelspartner im S\u00fcden einen wichtigen Beitrag zur Stabilisierung ihrer Organisationen leisten kann.<\/p>\n<p>Die Gelder werden auf einem separaten Konto gesammelt, das der Weltladen-Dachverband noch einrichten wird.<\/p>\n<p>Der Faire Handel der Weltl\u00e4den tr\u00e4gt u.a. durch h\u00f6here Erl\u00f6se f\u00fcr die Produzenten sowie Beratung und weitere Leistungen dazu bei, die Organisationen der Handelspartner zu st\u00e4rken. Gerade in dieser Zeit sind verl\u00e4ssliche Einnahmen von besonderer Bedeutung f\u00fcr die Produzenten.<\/p>\n<p><a href=\"https:\/\/www.weltladen.de\/fuer-weltlaeden\/aktion-fairwertsteuer\/\">https:\/\/www.weltladen.de\/fuer-weltlaeden\/aktion-fairwertsteuer\/<\/a><\/p>\n","protected":false},"excerpt":{"rendered":"<p>Der Weltladen-Dachverband startet gemeinsam mit der bundesweiten Fair-Handels-Beratung und dem Forum Fairer Handel zum 1. Juli die aktion #fairwertsteuer. Sie zielt darauf ab, die Mehrwertsteuer-Absenkung nicht an die Kunden weiterzugeben, sondern an Fair-Handels-Produzenten im Globalen S\u00fcden. Die Produzenten in Afrika, Asien und Lateinamerika sind besonders stark von den Auswirkungen der Corona-Krise betroffen. Viele von ihnen&hellip;<\/p>\n","protected":false},"author":96,"featured_media":721,"comment_status":"closed","ping_status":"closed","sticky":false,"template":"","format":"standard","meta":{"footnotes":""},"categories":[8],"tags":[],"class_list":["post-720","post","type-post","status-publish","format-standard","has-post-thumbnail","hentry","category-neues","category-8","description-off"],"yoast_head":"<!-- This site is optimized with the Yoast SEO plugin v26.8 - https:\/\/yoast.com\/product\/yoast-seo-wordpress\/ -->\n<title>aktion #fairwertsteuer \u2013 Wir machen mit! - Weltladen Bad Cannstatt<\/title>\n<meta name=\"description\" content=\"aktion #fairwertsteuer \u2013 Wir machen mit!\" \/>\n<meta name=\"robots\" content=\"index, follow, max-snippet:-1, max-image-preview:large, max-video-preview:-1\" \/>\n<link rel=\"canonical\" href=\"https:\/\/weltlaeden.de\/badcannstatt\/aktionfairwertsteuer\/\" \/>\n<meta property=\"og:locale\" content=\"de_DE\" \/>\n<meta property=\"og:type\" content=\"article\" \/>\n<meta property=\"og:title\" content=\"aktion #fairwertsteuer \u2013 Wir machen mit! - Weltladen Bad Cannstatt\" \/>\n<meta property=\"og:description\" content=\"aktion #fairwertsteuer \u2013 Wir machen mit!\" \/>\n<meta property=\"og:url\" content=\"https:\/\/weltlaeden.de\/badcannstatt\/aktionfairwertsteuer\/\" \/>\n<meta property=\"og:site_name\" content=\"Weltladen Bad Cannstatt\" \/>\n<meta property=\"article:published_time\" content=\"2020-06-30T12:06:03+00:00\" \/>\n<meta property=\"og:image\" content=\"https:\/\/weltlaeden.de\/badcannstatt\/wp-content\/uploads\/sites\/65\/2020\/06\/sharepic_aktion_fairwertsteuer_fairwert-1024x1024.png\" \/>\n\t<meta property=\"og:image:width\" content=\"1024\" \/>\n\t<meta property=\"og:image:height\" content=\"1024\" \/>\n\t<meta property=\"og:image:type\" content=\"image\/png\" \/>\n<meta name=\"author\" content=\"badcannstatt\" \/>\n<meta name=\"twitter:card\" content=\"summary_large_image\" \/>\n<meta name=\"twitter:label1\" content=\"Verfasst von\" \/>\n\t<meta name=\"twitter:data1\" content=\"badcannstatt\" \/>\n\t<meta name=\"twitter:label2\" content=\"Gesch\u00e4tzte Lesezeit\" \/>\n\t<meta name=\"twitter:data2\" content=\"1\u00a0Minute\" \/>\n<script type=\"application\/ld+json\" class=\"yoast-schema-graph\">{\"@context\":\"https:\/\/schema.org\",\"@graph\":[{\"@type\":\"Article\",\"@id\":\"https:\/\/weltlaeden.de\/badcannstatt\/aktionfairwertsteuer\/#article\",\"isPartOf\":{\"@id\":\"https:\/\/weltlaeden.de\/badcannstatt\/aktionfairwertsteuer\/\"},\"author\":{\"name\":\"badcannstatt\",\"@id\":\"https:\/\/weltlaeden.de\/badcannstatt\/#\/schema\/person\/2614ab322b6fdcbdd27a9f6288f3137f\"},\"headline\":\"aktion #fairwertsteuer \u2013 Wir machen mit!\",\"datePublished\":\"2020-06-30T12:06:03+00:00\",\"mainEntityOfPage\":{\"@id\":\"https:\/\/weltlaeden.de\/badcannstatt\/aktionfairwertsteuer\/\"},\"wordCount\":236,\"image\":{\"@id\":\"https:\/\/weltlaeden.de\/badcannstatt\/aktionfairwertsteuer\/#primaryimage\"},\"thumbnailUrl\":\"https:\/\/weltlaeden.de\/badcannstatt\/wp-content\/uploads\/sites\/65\/2020\/06\/sharepic_aktion_fairwertsteuer_fairwert.png\",\"articleSection\":[\"Neuigkeiten\"],\"inLanguage\":\"de\"},{\"@type\":\"WebPage\",\"@id\":\"https:\/\/weltlaeden.de\/badcannstatt\/aktionfairwertsteuer\/\",\"url\":\"https:\/\/weltlaeden.de\/badcannstatt\/aktionfairwertsteuer\/\",\"name\":\"aktion #fairwertsteuer \u2013 Wir machen mit! - Weltladen Bad Cannstatt\",\"isPartOf\":{\"@id\":\"https:\/\/weltlaeden.de\/badcannstatt\/#website\"},\"primaryImageOfPage\":{\"@id\":\"https:\/\/weltlaeden.de\/badcannstatt\/aktionfairwertsteuer\/#primaryimage\"},\"image\":{\"@id\":\"https:\/\/weltlaeden.de\/badcannstatt\/aktionfairwertsteuer\/#primaryimage\"},\"thumbnailUrl\":\"https:\/\/weltlaeden.de\/badcannstatt\/wp-content\/uploads\/sites\/65\/2020\/06\/sharepic_aktion_fairwertsteuer_fairwert.png\",\"datePublished\":\"2020-06-30T12:06:03+00:00\",\"author\":{\"@id\":\"https:\/\/weltlaeden.de\/badcannstatt\/#\/schema\/person\/2614ab322b6fdcbdd27a9f6288f3137f\"},\"description\":\"aktion #fairwertsteuer \u2013 Wir machen mit!\",\"breadcrumb\":{\"@id\":\"https:\/\/weltlaeden.de\/badcannstatt\/aktionfairwertsteuer\/#breadcrumb\"},\"inLanguage\":\"de\",\"potentialAction\":[{\"@type\":\"ReadAction\",\"target\":[\"https:\/\/weltlaeden.de\/badcannstatt\/aktionfairwertsteuer\/\"]}]},{\"@type\":\"ImageObject\",\"inLanguage\":\"de\",\"@id\":\"https:\/\/weltlaeden.de\/badcannstatt\/aktionfairwertsteuer\/#primaryimage\",\"url\":\"https:\/\/weltlaeden.de\/badcannstatt\/wp-content\/uploads\/sites\/65\/2020\/06\/sharepic_aktion_fairwertsteuer_fairwert.png\",\"contentUrl\":\"https:\/\/weltlaeden.de\/badcannstatt\/wp-content\/uploads\/sites\/65\/2020\/06\/sharepic_aktion_fairwertsteuer_fairwert.png\",\"width\":1201,\"height\":1201},{\"@type\":\"BreadcrumbList\",\"@id\":\"https:\/\/weltlaeden.de\/badcannstatt\/aktionfairwertsteuer\/#breadcrumb\",\"itemListElement\":[{\"@type\":\"ListItem\",\"position\":1,\"name\":\"Startseite\",\"item\":\"https:\/\/weltlaeden.de\/badcannstatt\/\"},{\"@type\":\"ListItem\",\"position\":2,\"name\":\"aktion #fairwertsteuer \u2013 Wir machen mit!\"}]},{\"@type\":\"WebSite\",\"@id\":\"https:\/\/weltlaeden.de\/badcannstatt\/#website\",\"url\":\"https:\/\/weltlaeden.de\/badcannstatt\/\",\"name\":\"Vorlage\",\"description\":\"Am Marktplatz, mitten in Bad Cannstatt\",\"potentialAction\":[{\"@type\":\"SearchAction\",\"target\":{\"@type\":\"EntryPoint\",\"urlTemplate\":\"https:\/\/weltlaeden.de\/badcannstatt\/?s={search_term_string}\"},\"query-input\":{\"@type\":\"PropertyValueSpecification\",\"valueRequired\":true,\"valueName\":\"search_term_string\"}}],\"inLanguage\":\"de\"},{\"@type\":\"Person\",\"@id\":\"https:\/\/weltlaeden.de\/badcannstatt\/#\/schema\/person\/2614ab322b6fdcbdd27a9f6288f3137f\",\"name\":\"badcannstatt\",\"image\":{\"@type\":\"ImageObject\",\"inLanguage\":\"de\",\"@id\":\"https:\/\/weltlaeden.de\/badcannstatt\/#\/schema\/person\/image\/\",\"url\":\"https:\/\/secure.gravatar.com\/avatar\/0d97ccf4862784a6db41525b68e388c3?s=96&d=mm&r=g\",\"contentUrl\":\"https:\/\/secure.gravatar.com\/avatar\/0d97ccf4862784a6db41525b68e388c3?s=96&d=mm&r=g\",\"caption\":\"badcannstatt\"}}]}<\/script>\n<!-- \/ Yoast SEO plugin. -->","yoast_head_json":{"title":"aktion #fairwertsteuer \u2013 Wir machen mit! - Weltladen Bad Cannstatt","description":"aktion #fairwertsteuer \u2013 Wir machen mit!","robots":{"index":"index","follow":"follow","max-snippet":"max-snippet:-1","max-image-preview":"max-image-preview:large","max-video-preview":"max-video-preview:-1"},"canonical":"https:\/\/weltlaeden.de\/badcannstatt\/aktionfairwertsteuer\/","og_locale":"de_DE","og_type":"article","og_title":"aktion #fairwertsteuer \u2013 Wir machen mit! - Weltladen Bad Cannstatt","og_description":"aktion #fairwertsteuer \u2013 Wir machen mit!","og_url":"https:\/\/weltlaeden.de\/badcannstatt\/aktionfairwertsteuer\/","og_site_name":"Weltladen Bad Cannstatt","article_published_time":"2020-06-30T12:06:03+00:00","og_image":[{"width":1024,"height":1024,"url":"https:\/\/weltlaeden.de\/badcannstatt\/wp-content\/uploads\/sites\/65\/2020\/06\/sharepic_aktion_fairwertsteuer_fairwert-1024x1024.png","type":"image\/png"}],"author":"badcannstatt","twitter_card":"summary_large_image","twitter_misc":{"Verfasst von":"badcannstatt","Gesch\u00e4tzte Lesezeit":"1\u00a0Minute"},"schema":{"@context":"https:\/\/schema.org","@graph":[{"@type":"Article","@id":"https:\/\/weltlaeden.de\/badcannstatt\/aktionfairwertsteuer\/#article","isPartOf":{"@id":"https:\/\/weltlaeden.de\/badcannstatt\/aktionfairwertsteuer\/"},"author":{"name":"badcannstatt","@id":"https:\/\/weltlaeden.de\/badcannstatt\/#\/schema\/person\/2614ab322b6fdcbdd27a9f6288f3137f"},"headline":"aktion #fairwertsteuer \u2013 Wir machen mit!","datePublished":"2020-06-30T12:06:03+00:00","mainEntityOfPage":{"@id":"https:\/\/weltlaeden.de\/badcannstatt\/aktionfairwertsteuer\/"},"wordCount":236,"image":{"@id":"https:\/\/weltlaeden.de\/badcannstatt\/aktionfairwertsteuer\/#primaryimage"},"thumbnailUrl":"https:\/\/weltlaeden.de\/badcannstatt\/wp-content\/uploads\/sites\/65\/2020\/06\/sharepic_aktion_fairwertsteuer_fairwert.png","articleSection":["Neuigkeiten"],"inLanguage":"de"},{"@type":"WebPage","@id":"https:\/\/weltlaeden.de\/badcannstatt\/aktionfairwertsteuer\/","url":"https:\/\/weltlaeden.de\/badcannstatt\/aktionfairwertsteuer\/","name":"aktion #fairwertsteuer \u2013 Wir machen mit! - Weltladen Bad Cannstatt","isPartOf":{"@id":"https:\/\/weltlaeden.de\/badcannstatt\/#website"},"primaryImageOfPage":{"@id":"https:\/\/weltlaeden.de\/badcannstatt\/aktionfairwertsteuer\/#primaryimage"},"image":{"@id":"https:\/\/weltlaeden.de\/badcannstatt\/aktionfairwertsteuer\/#primaryimage"},"thumbnailUrl":"https:\/\/weltlaeden.de\/badcannstatt\/wp-content\/uploads\/sites\/65\/2020\/06\/sharepic_aktion_fairwertsteuer_fairwert.png","datePublished":"2020-06-30T12:06:03+00:00","author":{"@id":"https:\/\/weltlaeden.de\/badcannstatt\/#\/schema\/person\/2614ab322b6fdcbdd27a9f6288f3137f"},"description":"aktion #fairwertsteuer \u2013 Wir machen mit!","breadcrumb":{"@id":"https:\/\/weltlaeden.de\/badcannstatt\/aktionfairwertsteuer\/#breadcrumb"},"inLanguage":"de","potentialAction":[{"@type":"ReadAction","target":["https:\/\/weltlaeden.de\/badcannstatt\/aktionfairwertsteuer\/"]}]},{"@type":"ImageObject","inLanguage":"de","@id":"https:\/\/weltlaeden.de\/badcannstatt\/aktionfairwertsteuer\/#primaryimage","url":"https:\/\/weltlaeden.de\/badcannstatt\/wp-content\/uploads\/sites\/65\/2020\/06\/sharepic_aktion_fairwertsteuer_fairwert.png","contentUrl":"https:\/\/weltlaeden.de\/badcannstatt\/wp-content\/uploads\/sites\/65\/2020\/06\/sharepic_aktion_fairwertsteuer_fairwert.png","width":1201,"height":1201},{"@type":"BreadcrumbList","@id":"https:\/\/weltlaeden.de\/badcannstatt\/aktionfairwertsteuer\/#breadcrumb","itemListElement":[{"@type":"ListItem","position":1,"name":"Startseite","item":"https:\/\/weltlaeden.de\/badcannstatt\/"},{"@type":"ListItem","position":2,"name":"aktion #fairwertsteuer \u2013 Wir machen mit!"}]},{"@type":"WebSite","@id":"https:\/\/weltlaeden.de\/badcannstatt\/#website","url":"https:\/\/weltlaeden.de\/badcannstatt\/","name":"Vorlage","description":"Am Marktplatz, mitten in Bad Cannstatt","potentialAction":[{"@type":"SearchAction","target":{"@type":"EntryPoint","urlTemplate":"https:\/\/weltlaeden.de\/badcannstatt\/?s={search_term_string}"},"query-input":{"@type":"PropertyValueSpecification","valueRequired":true,"valueName":"search_term_string"}}],"inLanguage":"de"},{"@type":"Person","@id":"https:\/\/weltlaeden.de\/badcannstatt\/#\/schema\/person\/2614ab322b6fdcbdd27a9f6288f3137f","name":"badcannstatt","image":{"@type":"ImageObject","inLanguage":"de","@id":"https:\/\/weltlaeden.de\/badcannstatt\/#\/schema\/person\/image\/","url":"https:\/\/secure.gravatar.com\/avatar\/0d97ccf4862784a6db41525b68e388c3?s=96&d=mm&r=g","contentUrl":"https:\/\/secure.gravatar.com\/avatar\/0d97ccf4862784a6db41525b68e388c3?s=96&d=mm&r=g","caption":"badcannstatt"}}]}},"_links":{"self":[{"href":"https:\/\/weltlaeden.de\/badcannstatt\/wp-json\/wp\/v2\/posts\/720","targetHints":{"allow":["GET"]}}],"collection":[{"href":"https:\/\/weltlaeden.de\/badcannstatt\/wp-json\/wp\/v2\/posts"}],"about":[{"href":"https:\/\/weltlaeden.de\/badcannstatt\/wp-json\/wp\/v2\/types\/post"}],"author":[{"embeddable":true,"href":"https:\/\/weltlaeden.de\/badcannstatt\/wp-json\/wp\/v2\/users\/96"}],"replies":[{"embeddable":true,"href":"https:\/\/weltlaeden.de\/badcannstatt\/wp-json\/wp\/v2\/comments?post=720"}],"version-history":[{"count":1,"href":"https:\/\/weltlaeden.de\/badcannstatt\/wp-json\/wp\/v2\/posts\/720\/revisions"}],"predecessor-version":[{"id":722,"href":"https:\/\/weltlaeden.de\/badcannstatt\/wp-json\/wp\/v2\/posts\/720\/revisions\/722"}],"wp:featuredmedia":[{"embeddable":true,"href":"https:\/\/weltlaeden.de\/badcannstatt\/wp-json\/wp\/v2\/media\/721"}],"wp:attachment":[{"href":"https:\/\/weltlaeden.de\/badcannstatt\/wp-json\/wp\/v2\/media?parent=720"}],"wp:term":[{"taxonomy":"category","embeddable":true,"href":"https:\/\/weltlaeden.de\/badcannstatt\/wp-json\/wp\/v2\/categories?post=720"},{"taxonomy":"post_tag","embeddable":true,"href":"https:\/\/weltlaeden.de\/badcannstatt\/wp-json\/wp\/v2\/tags?post=720"}],"curies":[{"name":"wp","href":"https:\/\/api.w.org\/{rel}","templated":true}]}}