{"id":1138,"date":"2024-08-01T15:07:08","date_gmt":"2024-08-01T13:07:08","guid":{"rendered":"https:\/\/weltlaeden.de\/badcannstatt\/?p=1138"},"modified":"2024-08-01T15:07:08","modified_gmt":"2024-08-01T13:07:08","slug":"das-produkt-des-monats-august-fouta-badetuecher-aus-indien-und-der-tuerkei","status":"publish","type":"post","link":"https:\/\/weltlaeden.de\/badcannstatt\/das-produkt-des-monats-august-fouta-badetuecher-aus-indien-und-der-tuerkei\/","title":{"rendered":"Das Produkt des Monats August: Fouta Badet\u00fccher aus Indien und der T\u00fcrkei"},"content":{"rendered":"<p>Fouta ist der tunesische Name f\u00fcr das Badetuch, das in der traditionellen Hammam-Badekultur verwendet wird. Das leichte, saugf\u00e4hige und schnell trocknende Tuch \u00fcberzeugt im vielseitigen Gebrauch in Bad und Sauna, am Strand, am Tisch oder auch als Babytragetuch.<br \/>\nEin Tuch f\u00fcr Weltenbummler mit vielen Vorz\u00fcgen \u2013 seine Leichtigkeit und die Saugf\u00e4higkeit machen es zum idealen Begleiter des modernen Reisenden.<br \/>\nEs trocknet schnell und l\u00e4sst sich mit wenig Volumen in allen Taschen und Rucks\u00e4cken verstauen.<br \/>\nEin Fouta ist ein Tuch f\u00fcr alle F\u00e4lle \u2013 es passt sich allen Bed\u00fcrfnissen an, f\u00fcr Gro\u00df und Klein, als Handtuch, Strandtuch, Laken, Plaid, Pareo, Dhoti oder Tischdecke.<\/p>\n<p>Alle Foutas aus 100% Bio-Baumwolle, handgewebt, GOTS zertifiziert.<\/p>\n<p>Bei unseren Produkten handelt es sich um handgewebte Unikate.<\/p>\n","protected":false},"excerpt":{"rendered":"<p>Fouta ist der tunesische Name f\u00fcr das Badetuch, das in der traditionellen Hammam-Badekultur verwendet wird. Das leichte, saugf\u00e4hige und schnell trocknende Tuch \u00fcberzeugt im vielseitigen Gebrauch in Bad und Sauna, am Strand, am Tisch oder auch als Babytragetuch. Ein Tuch f\u00fcr Weltenbummler mit vielen Vorz\u00fcgen \u2013 seine Leichtigkeit und die Saugf\u00e4higkeit machen es zum idealen&hellip;<\/p>\n","protected":false},"author":96,"featured_media":1139,"comment_status":"closed","ping_status":"closed","sticky":false,"template":"","format":"standard","meta":{"footnotes":""},"categories":[1],"tags":[],"class_list":["post-1138","post","type-post","status-publish","format-standard","has-post-thumbnail","hentry","category-allgemein","category-1","description-off"],"yoast_head":"<!-- This site is optimized with the Yoast SEO plugin v26.8 - https:\/\/yoast.com\/product\/yoast-seo-wordpress\/ -->\n<title>Das Produkt des Monats August: Fouta Badet\u00fccher aus Indien und der T\u00fcrkei - Weltladen Bad Cannstatt<\/title>\n<meta name=\"robots\" content=\"index, follow, max-snippet:-1, max-image-preview:large, max-video-preview:-1\" \/>\n<link rel=\"canonical\" href=\"https:\/\/weltlaeden.de\/badcannstatt\/das-produkt-des-monats-august-fouta-badetuecher-aus-indien-und-der-tuerkei\/\" \/>\n<meta property=\"og:locale\" content=\"de_DE\" \/>\n<meta property=\"og:type\" content=\"article\" \/>\n<meta property=\"og:title\" content=\"Das Produkt des Monats August: Fouta Badet\u00fccher aus Indien und der T\u00fcrkei - Weltladen Bad Cannstatt\" \/>\n<meta property=\"og:description\" content=\"Fouta ist der tunesische Name f\u00fcr das Badetuch, das in der traditionellen Hammam-Badekultur verwendet wird. Das leichte, saugf\u00e4hige und schnell trocknende Tuch \u00fcberzeugt im vielseitigen Gebrauch in Bad und Sauna, am Strand, am Tisch oder auch als Babytragetuch. Ein Tuch f\u00fcr Weltenbummler mit vielen Vorz\u00fcgen \u2013 seine Leichtigkeit und die Saugf\u00e4higkeit machen es zum idealen&hellip;\" \/>\n<meta property=\"og:url\" content=\"https:\/\/weltlaeden.de\/badcannstatt\/das-produkt-des-monats-august-fouta-badetuecher-aus-indien-und-der-tuerkei\/\" \/>\n<meta property=\"og:site_name\" content=\"Weltladen Bad Cannstatt\" \/>\n<meta property=\"article:published_time\" content=\"2024-08-01T13:07:08+00:00\" \/>\n<meta property=\"og:image\" content=\"https:\/\/weltlaeden.de\/badcannstatt\/wp-content\/uploads\/sites\/65\/2024\/08\/Bild-Rubrik-Hammam-2024-04.jpg\" \/>\n\t<meta property=\"og:image:width\" content=\"600\" \/>\n\t<meta property=\"og:image:height\" content=\"272\" \/>\n\t<meta property=\"og:image:type\" content=\"image\/jpeg\" \/>\n<meta name=\"author\" content=\"badcannstatt\" \/>\n<meta name=\"twitter:card\" content=\"summary_large_image\" \/>\n<meta name=\"twitter:label1\" content=\"Verfasst von\" \/>\n\t<meta name=\"twitter:data1\" content=\"badcannstatt\" \/>\n\t<meta name=\"twitter:label2\" content=\"Gesch\u00e4tzte Lesezeit\" \/>\n\t<meta name=\"twitter:data2\" content=\"1\u00a0Minute\" \/>\n<script type=\"application\/ld+json\" class=\"yoast-schema-graph\">{\"@context\":\"https:\/\/schema.org\",\"@graph\":[{\"@type\":\"Article\",\"@id\":\"https:\/\/weltlaeden.de\/badcannstatt\/das-produkt-des-monats-august-fouta-badetuecher-aus-indien-und-der-tuerkei\/#article\",\"isPartOf\":{\"@id\":\"https:\/\/weltlaeden.de\/badcannstatt\/das-produkt-des-monats-august-fouta-badetuecher-aus-indien-und-der-tuerkei\/\"},\"author\":{\"name\":\"badcannstatt\",\"@id\":\"https:\/\/weltlaeden.de\/badcannstatt\/#\/schema\/person\/2614ab322b6fdcbdd27a9f6288f3137f\"},\"headline\":\"Das Produkt des Monats August: Fouta Badet\u00fccher aus Indien und der T\u00fcrkei\",\"datePublished\":\"2024-08-01T13:07:08+00:00\",\"mainEntityOfPage\":{\"@id\":\"https:\/\/weltlaeden.de\/badcannstatt\/das-produkt-des-monats-august-fouta-badetuecher-aus-indien-und-der-tuerkei\/\"},\"wordCount\":141,\"image\":{\"@id\":\"https:\/\/weltlaeden.de\/badcannstatt\/das-produkt-des-monats-august-fouta-badetuecher-aus-indien-und-der-tuerkei\/#primaryimage\"},\"thumbnailUrl\":\"https:\/\/weltlaeden.de\/badcannstatt\/wp-content\/uploads\/sites\/65\/2024\/08\/Bild-Rubrik-Hammam-2024-04.jpg\",\"articleSection\":[\"Keine Kategorie\"],\"inLanguage\":\"de\"},{\"@type\":\"WebPage\",\"@id\":\"https:\/\/weltlaeden.de\/badcannstatt\/das-produkt-des-monats-august-fouta-badetuecher-aus-indien-und-der-tuerkei\/\",\"url\":\"https:\/\/weltlaeden.de\/badcannstatt\/das-produkt-des-monats-august-fouta-badetuecher-aus-indien-und-der-tuerkei\/\",\"name\":\"Das Produkt des Monats August: Fouta Badet\u00fccher aus Indien und der T\u00fcrkei - Weltladen Bad Cannstatt\",\"isPartOf\":{\"@id\":\"https:\/\/weltlaeden.de\/badcannstatt\/#website\"},\"primaryImageOfPage\":{\"@id\":\"https:\/\/weltlaeden.de\/badcannstatt\/das-produkt-des-monats-august-fouta-badetuecher-aus-indien-und-der-tuerkei\/#primaryimage\"},\"image\":{\"@id\":\"https:\/\/weltlaeden.de\/badcannstatt\/das-produkt-des-monats-august-fouta-badetuecher-aus-indien-und-der-tuerkei\/#primaryimage\"},\"thumbnailUrl\":\"https:\/\/weltlaeden.de\/badcannstatt\/wp-content\/uploads\/sites\/65\/2024\/08\/Bild-Rubrik-Hammam-2024-04.jpg\",\"datePublished\":\"2024-08-01T13:07:08+00:00\",\"author\":{\"@id\":\"https:\/\/weltlaeden.de\/badcannstatt\/#\/schema\/person\/2614ab322b6fdcbdd27a9f6288f3137f\"},\"breadcrumb\":{\"@id\":\"https:\/\/weltlaeden.de\/badcannstatt\/das-produkt-des-monats-august-fouta-badetuecher-aus-indien-und-der-tuerkei\/#breadcrumb\"},\"inLanguage\":\"de\",\"potentialAction\":[{\"@type\":\"ReadAction\",\"target\":[\"https:\/\/weltlaeden.de\/badcannstatt\/das-produkt-des-monats-august-fouta-badetuecher-aus-indien-und-der-tuerkei\/\"]}]},{\"@type\":\"ImageObject\",\"inLanguage\":\"de\",\"@id\":\"https:\/\/weltlaeden.de\/badcannstatt\/das-produkt-des-monats-august-fouta-badetuecher-aus-indien-und-der-tuerkei\/#primaryimage\",\"url\":\"https:\/\/weltlaeden.de\/badcannstatt\/wp-content\/uploads\/sites\/65\/2024\/08\/Bild-Rubrik-Hammam-2024-04.jpg\",\"contentUrl\":\"https:\/\/weltlaeden.de\/badcannstatt\/wp-content\/uploads\/sites\/65\/2024\/08\/Bild-Rubrik-Hammam-2024-04.jpg\",\"width\":600,\"height\":272},{\"@type\":\"BreadcrumbList\",\"@id\":\"https:\/\/weltlaeden.de\/badcannstatt\/das-produkt-des-monats-august-fouta-badetuecher-aus-indien-und-der-tuerkei\/#breadcrumb\",\"itemListElement\":[{\"@type\":\"ListItem\",\"position\":1,\"name\":\"Startseite\",\"item\":\"https:\/\/weltlaeden.de\/badcannstatt\/\"},{\"@type\":\"ListItem\",\"position\":2,\"name\":\"Das Produkt des Monats August: Fouta Badet\u00fccher aus Indien und der T\u00fcrkei\"}]},{\"@type\":\"WebSite\",\"@id\":\"https:\/\/weltlaeden.de\/badcannstatt\/#website\",\"url\":\"https:\/\/weltlaeden.de\/badcannstatt\/\",\"name\":\"Vorlage\",\"description\":\"Am Marktplatz, mitten in Bad Cannstatt\",\"potentialAction\":[{\"@type\":\"SearchAction\",\"target\":{\"@type\":\"EntryPoint\",\"urlTemplate\":\"https:\/\/weltlaeden.de\/badcannstatt\/?s={search_term_string}\"},\"query-input\":{\"@type\":\"PropertyValueSpecification\",\"valueRequired\":true,\"valueName\":\"search_term_string\"}}],\"inLanguage\":\"de\"},{\"@type\":\"Person\",\"@id\":\"https:\/\/weltlaeden.de\/badcannstatt\/#\/schema\/person\/2614ab322b6fdcbdd27a9f6288f3137f\",\"name\":\"badcannstatt\",\"image\":{\"@type\":\"ImageObject\",\"inLanguage\":\"de\",\"@id\":\"https:\/\/weltlaeden.de\/badcannstatt\/#\/schema\/person\/image\/\",\"url\":\"https:\/\/secure.gravatar.com\/avatar\/0d97ccf4862784a6db41525b68e388c3?s=96&d=mm&r=g\",\"contentUrl\":\"https:\/\/secure.gravatar.com\/avatar\/0d97ccf4862784a6db41525b68e388c3?s=96&d=mm&r=g\",\"caption\":\"badcannstatt\"}}]}<\/script>\n<!-- \/ Yoast SEO plugin. -->","yoast_head_json":{"title":"Das Produkt des Monats August: Fouta Badet\u00fccher aus Indien und der T\u00fcrkei - Weltladen Bad Cannstatt","robots":{"index":"index","follow":"follow","max-snippet":"max-snippet:-1","max-image-preview":"max-image-preview:large","max-video-preview":"max-video-preview:-1"},"canonical":"https:\/\/weltlaeden.de\/badcannstatt\/das-produkt-des-monats-august-fouta-badetuecher-aus-indien-und-der-tuerkei\/","og_locale":"de_DE","og_type":"article","og_title":"Das Produkt des Monats August: Fouta Badet\u00fccher aus Indien und der T\u00fcrkei - Weltladen Bad Cannstatt","og_description":"Fouta ist der tunesische Name f\u00fcr das Badetuch, das in der traditionellen Hammam-Badekultur verwendet wird. Das leichte, saugf\u00e4hige und schnell trocknende Tuch \u00fcberzeugt im vielseitigen Gebrauch in Bad und Sauna, am Strand, am Tisch oder auch als Babytragetuch. Ein Tuch f\u00fcr Weltenbummler mit vielen Vorz\u00fcgen \u2013 seine Leichtigkeit und die Saugf\u00e4higkeit machen es zum idealen&hellip;","og_url":"https:\/\/weltlaeden.de\/badcannstatt\/das-produkt-des-monats-august-fouta-badetuecher-aus-indien-und-der-tuerkei\/","og_site_name":"Weltladen Bad Cannstatt","article_published_time":"2024-08-01T13:07:08+00:00","og_image":[{"width":600,"height":272,"url":"https:\/\/weltlaeden.de\/badcannstatt\/wp-content\/uploads\/sites\/65\/2024\/08\/Bild-Rubrik-Hammam-2024-04.jpg","type":"image\/jpeg"}],"author":"badcannstatt","twitter_card":"summary_large_image","twitter_misc":{"Verfasst von":"badcannstatt","Gesch\u00e4tzte Lesezeit":"1\u00a0Minute"},"schema":{"@context":"https:\/\/schema.org","@graph":[{"@type":"Article","@id":"https:\/\/weltlaeden.de\/badcannstatt\/das-produkt-des-monats-august-fouta-badetuecher-aus-indien-und-der-tuerkei\/#article","isPartOf":{"@id":"https:\/\/weltlaeden.de\/badcannstatt\/das-produkt-des-monats-august-fouta-badetuecher-aus-indien-und-der-tuerkei\/"},"author":{"name":"badcannstatt","@id":"https:\/\/weltlaeden.de\/badcannstatt\/#\/schema\/person\/2614ab322b6fdcbdd27a9f6288f3137f"},"headline":"Das Produkt des Monats August: Fouta Badet\u00fccher aus Indien und der T\u00fcrkei","datePublished":"2024-08-01T13:07:08+00:00","mainEntityOfPage":{"@id":"https:\/\/weltlaeden.de\/badcannstatt\/das-produkt-des-monats-august-fouta-badetuecher-aus-indien-und-der-tuerkei\/"},"wordCount":141,"image":{"@id":"https:\/\/weltlaeden.de\/badcannstatt\/das-produkt-des-monats-august-fouta-badetuecher-aus-indien-und-der-tuerkei\/#primaryimage"},"thumbnailUrl":"https:\/\/weltlaeden.de\/badcannstatt\/wp-content\/uploads\/sites\/65\/2024\/08\/Bild-Rubrik-Hammam-2024-04.jpg","articleSection":["Keine Kategorie"],"inLanguage":"de"},{"@type":"WebPage","@id":"https:\/\/weltlaeden.de\/badcannstatt\/das-produkt-des-monats-august-fouta-badetuecher-aus-indien-und-der-tuerkei\/","url":"https:\/\/weltlaeden.de\/badcannstatt\/das-produkt-des-monats-august-fouta-badetuecher-aus-indien-und-der-tuerkei\/","name":"Das Produkt des Monats August: Fouta Badet\u00fccher aus Indien und der T\u00fcrkei - Weltladen Bad Cannstatt","isPartOf":{"@id":"https:\/\/weltlaeden.de\/badcannstatt\/#website"},"primaryImageOfPage":{"@id":"https:\/\/weltlaeden.de\/badcannstatt\/das-produkt-des-monats-august-fouta-badetuecher-aus-indien-und-der-tuerkei\/#primaryimage"},"image":{"@id":"https:\/\/weltlaeden.de\/badcannstatt\/das-produkt-des-monats-august-fouta-badetuecher-aus-indien-und-der-tuerkei\/#primaryimage"},"thumbnailUrl":"https:\/\/weltlaeden.de\/badcannstatt\/wp-content\/uploads\/sites\/65\/2024\/08\/Bild-Rubrik-Hammam-2024-04.jpg","datePublished":"2024-08-01T13:07:08+00:00","author":{"@id":"https:\/\/weltlaeden.de\/badcannstatt\/#\/schema\/person\/2614ab322b6fdcbdd27a9f6288f3137f"},"breadcrumb":{"@id":"https:\/\/weltlaeden.de\/badcannstatt\/das-produkt-des-monats-august-fouta-badetuecher-aus-indien-und-der-tuerkei\/#breadcrumb"},"inLanguage":"de","potentialAction":[{"@type":"ReadAction","target":["https:\/\/weltlaeden.de\/badcannstatt\/das-produkt-des-monats-august-fouta-badetuecher-aus-indien-und-der-tuerkei\/"]}]},{"@type":"ImageObject","inLanguage":"de","@id":"https:\/\/weltlaeden.de\/badcannstatt\/das-produkt-des-monats-august-fouta-badetuecher-aus-indien-und-der-tuerkei\/#primaryimage","url":"https:\/\/weltlaeden.de\/badcannstatt\/wp-content\/uploads\/sites\/65\/2024\/08\/Bild-Rubrik-Hammam-2024-04.jpg","contentUrl":"https:\/\/weltlaeden.de\/badcannstatt\/wp-content\/uploads\/sites\/65\/2024\/08\/Bild-Rubrik-Hammam-2024-04.jpg","width":600,"height":272},{"@type":"BreadcrumbList","@id":"https:\/\/weltlaeden.de\/badcannstatt\/das-produkt-des-monats-august-fouta-badetuecher-aus-indien-und-der-tuerkei\/#breadcrumb","itemListElement":[{"@type":"ListItem","position":1,"name":"Startseite","item":"https:\/\/weltlaeden.de\/badcannstatt\/"},{"@type":"ListItem","position":2,"name":"Das Produkt des Monats August: Fouta Badet\u00fccher aus Indien und der T\u00fcrkei"}]},{"@type":"WebSite","@id":"https:\/\/weltlaeden.de\/badcannstatt\/#website","url":"https:\/\/weltlaeden.de\/badcannstatt\/","name":"Vorlage","description":"Am Marktplatz, mitten in Bad Cannstatt","potentialAction":[{"@type":"SearchAction","target":{"@type":"EntryPoint","urlTemplate":"https:\/\/weltlaeden.de\/badcannstatt\/?s={search_term_string}"},"query-input":{"@type":"PropertyValueSpecification","valueRequired":true,"valueName":"search_term_string"}}],"inLanguage":"de"},{"@type":"Person","@id":"https:\/\/weltlaeden.de\/badcannstatt\/#\/schema\/person\/2614ab322b6fdcbdd27a9f6288f3137f","name":"badcannstatt","image":{"@type":"ImageObject","inLanguage":"de","@id":"https:\/\/weltlaeden.de\/badcannstatt\/#\/schema\/person\/image\/","url":"https:\/\/secure.gravatar.com\/avatar\/0d97ccf4862784a6db41525b68e388c3?s=96&d=mm&r=g","contentUrl":"https:\/\/secure.gravatar.com\/avatar\/0d97ccf4862784a6db41525b68e388c3?s=96&d=mm&r=g","caption":"badcannstatt"}}]}},"_links":{"self":[{"href":"https:\/\/weltlaeden.de\/badcannstatt\/wp-json\/wp\/v2\/posts\/1138","targetHints":{"allow":["GET"]}}],"collection":[{"href":"https:\/\/weltlaeden.de\/badcannstatt\/wp-json\/wp\/v2\/posts"}],"about":[{"href":"https:\/\/weltlaeden.de\/badcannstatt\/wp-json\/wp\/v2\/types\/post"}],"author":[{"embeddable":true,"href":"https:\/\/weltlaeden.de\/badcannstatt\/wp-json\/wp\/v2\/users\/96"}],"replies":[{"embeddable":true,"href":"https:\/\/weltlaeden.de\/badcannstatt\/wp-json\/wp\/v2\/comments?post=1138"}],"version-history":[{"count":1,"href":"https:\/\/weltlaeden.de\/badcannstatt\/wp-json\/wp\/v2\/posts\/1138\/revisions"}],"predecessor-version":[{"id":1140,"href":"https:\/\/weltlaeden.de\/badcannstatt\/wp-json\/wp\/v2\/posts\/1138\/revisions\/1140"}],"wp:featuredmedia":[{"embeddable":true,"href":"https:\/\/weltlaeden.de\/badcannstatt\/wp-json\/wp\/v2\/media\/1139"}],"wp:attachment":[{"href":"https:\/\/weltlaeden.de\/badcannstatt\/wp-json\/wp\/v2\/media?parent=1138"}],"wp:term":[{"taxonomy":"category","embeddable":true,"href":"https:\/\/weltlaeden.de\/badcannstatt\/wp-json\/wp\/v2\/categories?post=1138"},{"taxonomy":"post_tag","embeddable":true,"href":"https:\/\/weltlaeden.de\/badcannstatt\/wp-json\/wp\/v2\/tags?post=1138"}],"curies":[{"name":"wp","href":"https:\/\/api.w.org\/{rel}","templated":true}]}}