{"id":846,"date":"2019-12-09T08:55:42","date_gmt":"2019-12-09T07:55:42","guid":{"rendered":"https:\/\/weltlaeden.de\/babenhausen\/?p=846"},"modified":"2019-12-09T09:49:28","modified_gmt":"2019-12-09T08:49:28","slug":"art-meets-chocolate-wenn-schokolade-kreativ-macht-schueler-und-schuelerinnen-gestalten-etiketten-fuer-adventsschokolade","status":"publish","type":"post","link":"https:\/\/weltlaeden.de\/babenhausen\/art-meets-chocolate-wenn-schokolade-kreativ-macht-schueler-und-schuelerinnen-gestalten-etiketten-fuer-adventsschokolade\/","title":{"rendered":"Art meets Chocolate \u2013 wenn Schokolade kreativ macht. Sch\u00fcler und Sch\u00fclerinnen gestalten Etiketten f\u00fcr Adventsschokolade!"},"content":{"rendered":"<p>\u201eBeim Essen einer Tafel Schokolade verbrennt man 4 Kalorien. Sport kann so einfach sein\u201c, witzelt der Schokoladenliebhaber.<\/p>\n<p>Nicht im Sportunterricht, sondern in der Kunst-AG des 7. Jahrgangs der Joachim-Schumann-Schule befassten sich Sch\u00fcler und Sch\u00fclerinnen in den vergangenen Wochen intensiv mit dem Thema Schokolade. Hierbei stellten sie unter Beweis, dass Schokolade durchaus auch kreativ machen kann. Im Rahmen des von unserem Weltladen initiierten Gestaltungs-Wettbewerbs \u201eart meets chocolate\u201c wurden unter der Leitung von Kunstlehrer Wolfgang Seidl Etikettenmotive unterschiedlicher Kategorien f\u00fcr unsere fair gehandelte Tafelschokolade entworfen.<\/p>\n<p>Am 18. November konnten die sch\u00f6nsten Motive von einer kompetenten Fachjury ermittelt und die Gewinneretiketten in den Druck gegeben werden. Seit dem 30. November und p\u00fcnktlich zum Weihnachtsmarkt sind die besonderen Schokotafeln mit den Gewinnermotiven f\u00fcr Sie im Weltladen erh\u00e4ltlich.<\/p>\n<p>&nbsp;<\/p>\n<p style=\"text-align: center\"><strong><img loading=\"lazy\" decoding=\"async\" class=\"aligncenter wp-image-848\" src=\"https:\/\/weltlaeden.de\/babenhausen\/wp-content\/uploads\/sites\/107\/2019\/11\/IMG_3254-Website-News-600x400-px.jpg\" alt=\"\" width=\"520\" height=\"347\" srcset=\"https:\/\/weltlaeden.de\/babenhausen\/wp-content\/uploads\/sites\/107\/2019\/11\/IMG_3254-Website-News-600x400-px.jpg 600w, https:\/\/weltlaeden.de\/babenhausen\/wp-content\/uploads\/sites\/107\/2019\/11\/IMG_3254-Website-News-600x400-px-300x200.jpg 300w\" sizes=\"auto, (max-width: 520px) 100vw, 520px\" \/><\/strong>Wer die Wahl hat &#8230;.<br \/>\nv.l. Ine Reichart, Wolfgang Seidl, Ruth Selzer-Breuninger, Christian Hahn, Gisela Willand<strong><br \/>\n<\/strong><\/p>\n<p>&nbsp;<\/p>\n<p><strong>And the winners are \u2026<\/strong><\/p>\n<p>Keine leichte Aufgabe war es f\u00fcr die Jurymitglieder, die Preistr\u00e4ger der einzelnen Motivkategorien zu ermitteln, da es viele kreative Gestaltungsans\u00e4tze zu beurteilen galt. Nach eingehender Sichtung und einigen Tassen Kaffee waren sich die Jurymitglieder \u2013 Kunstlehrer Wolfgang Seidl von der Joachim-Schumann-Schule, Diplom-Designer Christian Hahn vom B\u00fcro f\u00fcr Erinnerungskultur und K\u00fcnstlerin Ine Reichart \u2013 jedoch einig.<\/p>\n<p>Und hier sind sie, die Preistr\u00e4ger unseres Etiketten-Wettbewerbs \u201eart meets chocolate\u201c:<\/p>\n<p>&nbsp;<\/p>\n<p><img loading=\"lazy\" decoding=\"async\" class=\"alignnone size-medium wp-image-849\" src=\"https:\/\/weltlaeden.de\/babenhausen\/wp-content\/uploads\/sites\/107\/2019\/11\/Haende-300x136.jpg\" alt=\"\" width=\"300\" height=\"136\" srcset=\"https:\/\/weltlaeden.de\/babenhausen\/wp-content\/uploads\/sites\/107\/2019\/11\/Haende-300x136.jpg 300w, https:\/\/weltlaeden.de\/babenhausen\/wp-content\/uploads\/sites\/107\/2019\/11\/Haende-768x347.jpg 768w, https:\/\/weltlaeden.de\/babenhausen\/wp-content\/uploads\/sites\/107\/2019\/11\/Haende-1024x463.jpg 1024w, https:\/\/weltlaeden.de\/babenhausen\/wp-content\/uploads\/sites\/107\/2019\/11\/Haende.jpg 1724w\" sizes=\"auto, (max-width: 300px) 100vw, 300px\" \/><\/p>\n<p style=\"text-align: left\"><strong>Gewinnermotiv Kategorie \u201eEin Geschenk f\u00fcr dich\u201c: <\/strong><strong>Franka Willand; Klasse 7\/6<\/strong><\/p>\n<p>&nbsp;<\/p>\n<p><img loading=\"lazy\" decoding=\"async\" class=\"alignnone size-medium wp-image-851\" src=\"https:\/\/weltlaeden.de\/babenhausen\/wp-content\/uploads\/sites\/107\/2019\/11\/schoki-1-300x136.jpg\" alt=\"\" width=\"300\" height=\"136\" srcset=\"https:\/\/weltlaeden.de\/babenhausen\/wp-content\/uploads\/sites\/107\/2019\/11\/schoki-1-300x136.jpg 300w, https:\/\/weltlaeden.de\/babenhausen\/wp-content\/uploads\/sites\/107\/2019\/11\/schoki-1-768x347.jpg 768w, https:\/\/weltlaeden.de\/babenhausen\/wp-content\/uploads\/sites\/107\/2019\/11\/schoki-1-1024x463.jpg 1024w, https:\/\/weltlaeden.de\/babenhausen\/wp-content\/uploads\/sites\/107\/2019\/11\/schoki-1.jpg 1724w\" sizes=\"auto, (max-width: 300px) 100vw, 300px\" \/><\/p>\n<p><strong>Gewinnermotiv Kategorie \u201eBabenhausen im Advent\u201c: Madeleine Zei\u00df, Klasse 7\/2 <\/strong><\/p>\n<p>&nbsp;<\/p>\n<p><img loading=\"lazy\" decoding=\"async\" class=\"alignnone size-medium wp-image-852\" src=\"https:\/\/weltlaeden.de\/babenhausen\/wp-content\/uploads\/sites\/107\/2019\/11\/Motiv-Hochhaus-300x136.jpg\" alt=\"\" width=\"300\" height=\"136\" srcset=\"https:\/\/weltlaeden.de\/babenhausen\/wp-content\/uploads\/sites\/107\/2019\/11\/Motiv-Hochhaus-300x136.jpg 300w, https:\/\/weltlaeden.de\/babenhausen\/wp-content\/uploads\/sites\/107\/2019\/11\/Motiv-Hochhaus-768x347.jpg 768w, https:\/\/weltlaeden.de\/babenhausen\/wp-content\/uploads\/sites\/107\/2019\/11\/Motiv-Hochhaus-1024x463.jpg 1024w, https:\/\/weltlaeden.de\/babenhausen\/wp-content\/uploads\/sites\/107\/2019\/11\/Motiv-Hochhaus.jpg 1724w\" sizes=\"auto, (max-width: 300px) 100vw, 300px\" \/><\/p>\n<p><strong>Gewinnermotiv\u00a0 Kategorie \u201eArchitektur\u201c:\u00a0<\/strong><strong>Bilal Amiri, Klasse 7\/3 <\/strong><\/p>\n<p>&nbsp;<\/p>\n<p><img loading=\"lazy\" decoding=\"async\" class=\"alignnone size-medium wp-image-853\" src=\"https:\/\/weltlaeden.de\/babenhausen\/wp-content\/uploads\/sites\/107\/2019\/11\/Hexenturm-136x300.jpg\" alt=\"\" width=\"136\" height=\"300\" srcset=\"https:\/\/weltlaeden.de\/babenhausen\/wp-content\/uploads\/sites\/107\/2019\/11\/Hexenturm-136x300.jpg 136w, https:\/\/weltlaeden.de\/babenhausen\/wp-content\/uploads\/sites\/107\/2019\/11\/Hexenturm-768x1697.jpg 768w, https:\/\/weltlaeden.de\/babenhausen\/wp-content\/uploads\/sites\/107\/2019\/11\/Hexenturm-463x1024.jpg 463w, https:\/\/weltlaeden.de\/babenhausen\/wp-content\/uploads\/sites\/107\/2019\/11\/Hexenturm.jpg 780w\" sizes=\"auto, (max-width: 136px) 100vw, 136px\" \/><\/p>\n<p><strong>Gewinnermotiv\u00a0 Kategorie \u201eArchitektur\u201c: Henry Deeg, Klasse 7\/3<br \/>\n<\/strong><\/p>\n<p>&nbsp;<\/p>\n<p><img loading=\"lazy\" decoding=\"async\" class=\"alignnone size-medium wp-image-854\" src=\"https:\/\/weltlaeden.de\/babenhausen\/wp-content\/uploads\/sites\/107\/2019\/11\/Kirche-136x300.jpg\" alt=\"\" width=\"136\" height=\"300\" srcset=\"https:\/\/weltlaeden.de\/babenhausen\/wp-content\/uploads\/sites\/107\/2019\/11\/Kirche-136x300.jpg 136w, https:\/\/weltlaeden.de\/babenhausen\/wp-content\/uploads\/sites\/107\/2019\/11\/Kirche-768x1697.jpg 768w, https:\/\/weltlaeden.de\/babenhausen\/wp-content\/uploads\/sites\/107\/2019\/11\/Kirche-463x1024.jpg 463w, https:\/\/weltlaeden.de\/babenhausen\/wp-content\/uploads\/sites\/107\/2019\/11\/Kirche.jpg 780w\" sizes=\"auto, (max-width: 136px) 100vw, 136px\" \/><\/p>\n<p><strong>Gewinnermotiv\u00a0 Kategorie \u201eArchitektur\u201c: Julia Heltzel &amp; Lilli K\u00e4mmerer, Klasse 7\/3<\/strong><\/p>\n<p>&nbsp;<\/p>\n<p>Am 6. Dezember 2019 kamen alle Gewinner und Gewinnerinnen unseres Wettbewerbs noch einmal bei uns im Weltladen zu einer kleinen Feierstunde zusammen.<\/p>\n<p>&nbsp;<\/p>\n<p><img loading=\"lazy\" decoding=\"async\" class=\"aligncenter wp-image-879\" src=\"https:\/\/weltlaeden.de\/babenhausen\/wp-content\/uploads\/sites\/107\/2019\/11\/20191206_160929_Burst01-Website-600x400_2.jpg\" alt=\"\" width=\"520\" height=\"347\" srcset=\"https:\/\/weltlaeden.de\/babenhausen\/wp-content\/uploads\/sites\/107\/2019\/11\/20191206_160929_Burst01-Website-600x400_2.jpg 600w, https:\/\/weltlaeden.de\/babenhausen\/wp-content\/uploads\/sites\/107\/2019\/11\/20191206_160929_Burst01-Website-600x400_2-300x200.jpg 300w\" sizes=\"auto, (max-width: 520px) 100vw, 520px\" \/><\/p>\n<p><img loading=\"lazy\" decoding=\"async\" class=\"aligncenter wp-image-881\" src=\"https:\/\/weltlaeden.de\/babenhausen\/wp-content\/uploads\/sites\/107\/2019\/11\/20191206_161349_Burst01-Website-600x400.jpg\" alt=\"\" width=\"520\" height=\"347\" srcset=\"https:\/\/weltlaeden.de\/babenhausen\/wp-content\/uploads\/sites\/107\/2019\/11\/20191206_161349_Burst01-Website-600x400.jpg 600w, https:\/\/weltlaeden.de\/babenhausen\/wp-content\/uploads\/sites\/107\/2019\/11\/20191206_161349_Burst01-Website-600x400-300x200.jpg 300w\" sizes=\"auto, (max-width: 520px) 100vw, 520px\" \/><\/p>\n<p><img loading=\"lazy\" decoding=\"async\" class=\"aligncenter wp-image-882\" src=\"https:\/\/weltlaeden.de\/babenhausen\/wp-content\/uploads\/sites\/107\/2019\/11\/20191206_160039_Burst01-Website-600x400_3.jpg\" alt=\"\" width=\"520\" height=\"347\" srcset=\"https:\/\/weltlaeden.de\/babenhausen\/wp-content\/uploads\/sites\/107\/2019\/11\/20191206_160039_Burst01-Website-600x400_3.jpg 599w, https:\/\/weltlaeden.de\/babenhausen\/wp-content\/uploads\/sites\/107\/2019\/11\/20191206_160039_Burst01-Website-600x400_3-300x200.jpg 300w\" sizes=\"auto, (max-width: 520px) 100vw, 520px\" \/><\/p>\n<p>&nbsp;<\/p>\n<p><strong>HERZLICHEN GL\u00dcCKWUNSCH!<\/strong><\/p>\n<p>Wir sagen danke an alle Beteiligten, die sich f\u00fcr unseren Designwettbewerb eingesetzt haben: dem Jahrgang 7 der Joachim-Schumann-Schule mit ihrem Kunstlehrer Wolfgang Seidl, den drei genannten Jurymitgliedern und Firma SFD Werbetechnik Sabine Frank und Christian Hahn, die mit der schnellen digitalen Aufbereitung und Produktion daf\u00fcr gesorgt haben, dass die Etiketten p\u00fcnktlich fertig werden und wir unsere besondere Schokoladenseite zum Advent pr\u00e4sentieren k\u00f6nnen. Unter dem liebevollen Etikett versteckt sich \u00fcbrigens edle, fair gehandelte Schokolade s\u00fcdamerikanischer Herkunft.<\/p>\n<p>Jetzt freuen wir uns darauf, Ihnen unsere Babenh\u00e4user Schokoladen-Edition pers\u00f6nlich vorzustellen. F\u00fcr Schokolade liebende Kalorienrechner: Beim Essen einer Tafel Schokolade verbrennt man 4 Kalorien. Wer jetzt noch einen winterlichen Spaziergang durch die Bummelgasse zum Weltladen und zur\u00fcck mit 300 Kalorien hinzurechnet, kommt bei Mitnahme und Verzehr von f\u00fcnf Tafeln auf einen Energieverbrauch von sage und schreibe 320 kcal. Herzlich willkommen!<\/p>\n<p>&nbsp;<\/p>\n<p><img loading=\"lazy\" decoding=\"async\" class=\"aligncenter wp-image-883 size-full\" src=\"https:\/\/weltlaeden.de\/babenhausen\/wp-content\/uploads\/sites\/107\/2019\/11\/IMG_3455-website-400x600px.jpg\" alt=\"\" width=\"400\" height=\"600\" srcset=\"https:\/\/weltlaeden.de\/babenhausen\/wp-content\/uploads\/sites\/107\/2019\/11\/IMG_3455-website-400x600px.jpg 400w, https:\/\/weltlaeden.de\/babenhausen\/wp-content\/uploads\/sites\/107\/2019\/11\/IMG_3455-website-400x600px-200x300.jpg 200w\" sizes=\"auto, (max-width: 400px) 100vw, 400px\" \/><\/p>\n<p>&nbsp;<\/p>\n","protected":false},"excerpt":{"rendered":"<p>\u201eBeim Essen einer Tafel Schokolade verbrennt man 4 Kalorien. Sport kann so einfach sein\u201c, witzelt der Schokoladenliebhaber. Nicht im Sportunterricht, sondern in der Kunst-AG des 7. Jahrgangs der Joachim-Schumann-Schule befassten sich Sch\u00fcler und Sch\u00fclerinnen in den vergangenen Wochen intensiv mit dem Thema Schokolade. Hierbei stellten sie unter Beweis, dass Schokolade durchaus auch kreativ machen kann.&hellip;<\/p>\n","protected":false},"author":168,"featured_media":847,"comment_status":"closed","ping_status":"closed","sticky":false,"template":"","format":"standard","meta":{"footnotes":""},"categories":[8,12],"tags":[],"class_list":["post-846","post","type-post","status-publish","format-standard","has-post-thumbnail","hentry","category-neues","category-verein","category-8","category-12","description-off"],"yoast_head":"<!-- This site is optimized with the Yoast SEO plugin v26.8 - https:\/\/yoast.com\/product\/yoast-seo-wordpress\/ -->\n<title>Art meets Chocolate \u2013 wenn Schokolade kreativ macht. Sch\u00fcler und Sch\u00fclerinnen gestalten Etiketten f\u00fcr Adventsschokolade! - Weltladen Babenhausen<\/title>\n<meta name=\"robots\" content=\"index, follow, max-snippet:-1, max-image-preview:large, max-video-preview:-1\" \/>\n<link rel=\"canonical\" href=\"https:\/\/weltlaeden.de\/babenhausen\/art-meets-chocolate-wenn-schokolade-kreativ-macht-schueler-und-schuelerinnen-gestalten-etiketten-fuer-adventsschokolade\/\" \/>\n<meta property=\"og:locale\" content=\"de_DE\" \/>\n<meta property=\"og:type\" content=\"article\" \/>\n<meta property=\"og:title\" content=\"Art meets Chocolate \u2013 wenn Schokolade kreativ macht. Sch\u00fcler und Sch\u00fclerinnen gestalten Etiketten f\u00fcr Adventsschokolade! - Weltladen Babenhausen\" \/>\n<meta property=\"og:description\" content=\"\u201eBeim Essen einer Tafel Schokolade verbrennt man 4 Kalorien. Sport kann so einfach sein\u201c, witzelt der Schokoladenliebhaber. Nicht im Sportunterricht, sondern in der Kunst-AG des 7. Jahrgangs der Joachim-Schumann-Schule befassten sich Sch\u00fcler und Sch\u00fclerinnen in den vergangenen Wochen intensiv mit dem Thema Schokolade. Hierbei stellten sie unter Beweis, dass Schokolade durchaus auch kreativ machen kann.&hellip;\" \/>\n<meta property=\"og:url\" content=\"https:\/\/weltlaeden.de\/babenhausen\/art-meets-chocolate-wenn-schokolade-kreativ-macht-schueler-und-schuelerinnen-gestalten-etiketten-fuer-adventsschokolade\/\" \/>\n<meta property=\"og:site_name\" content=\"Weltladen Babenhausen\" \/>\n<meta property=\"article:published_time\" content=\"2019-12-09T07:55:42+00:00\" \/>\n<meta property=\"article:modified_time\" content=\"2019-12-09T08:49:28+00:00\" \/>\n<meta property=\"og:image\" content=\"https:\/\/weltlaeden.de\/babenhausen\/wp-content\/uploads\/sites\/107\/2019\/11\/Bild-Website-News-797x394px.jpg\" \/>\n\t<meta property=\"og:image:width\" content=\"787\" \/>\n\t<meta property=\"og:image:height\" content=\"394\" \/>\n\t<meta property=\"og:image:type\" content=\"image\/jpeg\" \/>\n<meta name=\"author\" content=\"helgawiegel\" \/>\n<meta name=\"twitter:card\" content=\"summary_large_image\" \/>\n<meta name=\"twitter:label1\" content=\"Verfasst von\" \/>\n\t<meta name=\"twitter:data1\" content=\"helgawiegel\" \/>\n\t<meta name=\"twitter:label2\" content=\"Gesch\u00e4tzte Lesezeit\" \/>\n\t<meta name=\"twitter:data2\" content=\"2\u00a0Minuten\" \/>\n<script type=\"application\/ld+json\" class=\"yoast-schema-graph\">{\"@context\":\"https:\/\/schema.org\",\"@graph\":[{\"@type\":\"Article\",\"@id\":\"https:\/\/weltlaeden.de\/babenhausen\/art-meets-chocolate-wenn-schokolade-kreativ-macht-schueler-und-schuelerinnen-gestalten-etiketten-fuer-adventsschokolade\/#article\",\"isPartOf\":{\"@id\":\"https:\/\/weltlaeden.de\/babenhausen\/art-meets-chocolate-wenn-schokolade-kreativ-macht-schueler-und-schuelerinnen-gestalten-etiketten-fuer-adventsschokolade\/\"},\"author\":{\"name\":\"helgawiegel\",\"@id\":\"https:\/\/weltlaeden.de\/babenhausen\/#\/schema\/person\/7dd8f996d047c281a7f1c349ebfe8b4f\"},\"headline\":\"Art meets Chocolate \u2013 wenn Schokolade kreativ macht. Sch\u00fcler und Sch\u00fclerinnen gestalten Etiketten f\u00fcr Adventsschokolade!\",\"datePublished\":\"2019-12-09T07:55:42+00:00\",\"dateModified\":\"2019-12-09T08:49:28+00:00\",\"mainEntityOfPage\":{\"@id\":\"https:\/\/weltlaeden.de\/babenhausen\/art-meets-chocolate-wenn-schokolade-kreativ-macht-schueler-und-schuelerinnen-gestalten-etiketten-fuer-adventsschokolade\/\"},\"wordCount\":451,\"image\":{\"@id\":\"https:\/\/weltlaeden.de\/babenhausen\/art-meets-chocolate-wenn-schokolade-kreativ-macht-schueler-und-schuelerinnen-gestalten-etiketten-fuer-adventsschokolade\/#primaryimage\"},\"thumbnailUrl\":\"https:\/\/weltlaeden.de\/babenhausen\/wp-content\/uploads\/sites\/107\/2019\/11\/Bild-Website-News-797x394px.jpg\",\"articleSection\":[\"Neuigkeiten\",\"Verein\"],\"inLanguage\":\"de\"},{\"@type\":\"WebPage\",\"@id\":\"https:\/\/weltlaeden.de\/babenhausen\/art-meets-chocolate-wenn-schokolade-kreativ-macht-schueler-und-schuelerinnen-gestalten-etiketten-fuer-adventsschokolade\/\",\"url\":\"https:\/\/weltlaeden.de\/babenhausen\/art-meets-chocolate-wenn-schokolade-kreativ-macht-schueler-und-schuelerinnen-gestalten-etiketten-fuer-adventsschokolade\/\",\"name\":\"Art meets Chocolate \u2013 wenn Schokolade kreativ macht. Sch\u00fcler und Sch\u00fclerinnen gestalten Etiketten f\u00fcr Adventsschokolade! - Weltladen Babenhausen\",\"isPartOf\":{\"@id\":\"https:\/\/weltlaeden.de\/babenhausen\/#website\"},\"primaryImageOfPage\":{\"@id\":\"https:\/\/weltlaeden.de\/babenhausen\/art-meets-chocolate-wenn-schokolade-kreativ-macht-schueler-und-schuelerinnen-gestalten-etiketten-fuer-adventsschokolade\/#primaryimage\"},\"image\":{\"@id\":\"https:\/\/weltlaeden.de\/babenhausen\/art-meets-chocolate-wenn-schokolade-kreativ-macht-schueler-und-schuelerinnen-gestalten-etiketten-fuer-adventsschokolade\/#primaryimage\"},\"thumbnailUrl\":\"https:\/\/weltlaeden.de\/babenhausen\/wp-content\/uploads\/sites\/107\/2019\/11\/Bild-Website-News-797x394px.jpg\",\"datePublished\":\"2019-12-09T07:55:42+00:00\",\"dateModified\":\"2019-12-09T08:49:28+00:00\",\"author\":{\"@id\":\"https:\/\/weltlaeden.de\/babenhausen\/#\/schema\/person\/7dd8f996d047c281a7f1c349ebfe8b4f\"},\"breadcrumb\":{\"@id\":\"https:\/\/weltlaeden.de\/babenhausen\/art-meets-chocolate-wenn-schokolade-kreativ-macht-schueler-und-schuelerinnen-gestalten-etiketten-fuer-adventsschokolade\/#breadcrumb\"},\"inLanguage\":\"de\",\"potentialAction\":[{\"@type\":\"ReadAction\",\"target\":[\"https:\/\/weltlaeden.de\/babenhausen\/art-meets-chocolate-wenn-schokolade-kreativ-macht-schueler-und-schuelerinnen-gestalten-etiketten-fuer-adventsschokolade\/\"]}]},{\"@type\":\"ImageObject\",\"inLanguage\":\"de\",\"@id\":\"https:\/\/weltlaeden.de\/babenhausen\/art-meets-chocolate-wenn-schokolade-kreativ-macht-schueler-und-schuelerinnen-gestalten-etiketten-fuer-adventsschokolade\/#primaryimage\",\"url\":\"https:\/\/weltlaeden.de\/babenhausen\/wp-content\/uploads\/sites\/107\/2019\/11\/Bild-Website-News-797x394px.jpg\",\"contentUrl\":\"https:\/\/weltlaeden.de\/babenhausen\/wp-content\/uploads\/sites\/107\/2019\/11\/Bild-Website-News-797x394px.jpg\",\"width\":787,\"height\":394},{\"@type\":\"BreadcrumbList\",\"@id\":\"https:\/\/weltlaeden.de\/babenhausen\/art-meets-chocolate-wenn-schokolade-kreativ-macht-schueler-und-schuelerinnen-gestalten-etiketten-fuer-adventsschokolade\/#breadcrumb\",\"itemListElement\":[{\"@type\":\"ListItem\",\"position\":1,\"name\":\"Startseite\",\"item\":\"https:\/\/weltlaeden.de\/babenhausen\/\"},{\"@type\":\"ListItem\",\"position\":2,\"name\":\"Art meets Chocolate \u2013 wenn Schokolade kreativ macht. Sch\u00fcler und Sch\u00fclerinnen gestalten Etiketten f\u00fcr Adventsschokolade!\"}]},{\"@type\":\"WebSite\",\"@id\":\"https:\/\/weltlaeden.de\/babenhausen\/#website\",\"url\":\"https:\/\/weltlaeden.de\/babenhausen\/\",\"name\":\"Weltladen Babenhausen\",\"description\":\"Faire Produkte seit 1990\",\"potentialAction\":[{\"@type\":\"SearchAction\",\"target\":{\"@type\":\"EntryPoint\",\"urlTemplate\":\"https:\/\/weltlaeden.de\/babenhausen\/?s={search_term_string}\"},\"query-input\":{\"@type\":\"PropertyValueSpecification\",\"valueRequired\":true,\"valueName\":\"search_term_string\"}}],\"inLanguage\":\"de\"},{\"@type\":\"Person\",\"@id\":\"https:\/\/weltlaeden.de\/babenhausen\/#\/schema\/person\/7dd8f996d047c281a7f1c349ebfe8b4f\",\"name\":\"helgawiegel\",\"image\":{\"@type\":\"ImageObject\",\"inLanguage\":\"de\",\"@id\":\"https:\/\/weltlaeden.de\/babenhausen\/#\/schema\/person\/image\/\",\"url\":\"https:\/\/secure.gravatar.com\/avatar\/1abec512ec0fb596215cb7a7e7596667?s=96&d=mm&r=g\",\"contentUrl\":\"https:\/\/secure.gravatar.com\/avatar\/1abec512ec0fb596215cb7a7e7596667?s=96&d=mm&r=g\",\"caption\":\"helgawiegel\"},\"url\":\"https:\/\/weltlaeden.de\/babenhausen\/author\/helgawiegel\/\"}]}<\/script>\n<!-- \/ Yoast SEO plugin. -->","yoast_head_json":{"title":"Art meets Chocolate \u2013 wenn Schokolade kreativ macht. Sch\u00fcler und Sch\u00fclerinnen gestalten Etiketten f\u00fcr Adventsschokolade! - Weltladen Babenhausen","robots":{"index":"index","follow":"follow","max-snippet":"max-snippet:-1","max-image-preview":"max-image-preview:large","max-video-preview":"max-video-preview:-1"},"canonical":"https:\/\/weltlaeden.de\/babenhausen\/art-meets-chocolate-wenn-schokolade-kreativ-macht-schueler-und-schuelerinnen-gestalten-etiketten-fuer-adventsschokolade\/","og_locale":"de_DE","og_type":"article","og_title":"Art meets Chocolate \u2013 wenn Schokolade kreativ macht. Sch\u00fcler und Sch\u00fclerinnen gestalten Etiketten f\u00fcr Adventsschokolade! - Weltladen Babenhausen","og_description":"\u201eBeim Essen einer Tafel Schokolade verbrennt man 4 Kalorien. Sport kann so einfach sein\u201c, witzelt der Schokoladenliebhaber. Nicht im Sportunterricht, sondern in der Kunst-AG des 7. Jahrgangs der Joachim-Schumann-Schule befassten sich Sch\u00fcler und Sch\u00fclerinnen in den vergangenen Wochen intensiv mit dem Thema Schokolade. Hierbei stellten sie unter Beweis, dass Schokolade durchaus auch kreativ machen kann.&hellip;","og_url":"https:\/\/weltlaeden.de\/babenhausen\/art-meets-chocolate-wenn-schokolade-kreativ-macht-schueler-und-schuelerinnen-gestalten-etiketten-fuer-adventsschokolade\/","og_site_name":"Weltladen Babenhausen","article_published_time":"2019-12-09T07:55:42+00:00","article_modified_time":"2019-12-09T08:49:28+00:00","og_image":[{"width":787,"height":394,"url":"https:\/\/weltlaeden.de\/babenhausen\/wp-content\/uploads\/sites\/107\/2019\/11\/Bild-Website-News-797x394px.jpg","type":"image\/jpeg"}],"author":"helgawiegel","twitter_card":"summary_large_image","twitter_misc":{"Verfasst von":"helgawiegel","Gesch\u00e4tzte Lesezeit":"2\u00a0Minuten"},"schema":{"@context":"https:\/\/schema.org","@graph":[{"@type":"Article","@id":"https:\/\/weltlaeden.de\/babenhausen\/art-meets-chocolate-wenn-schokolade-kreativ-macht-schueler-und-schuelerinnen-gestalten-etiketten-fuer-adventsschokolade\/#article","isPartOf":{"@id":"https:\/\/weltlaeden.de\/babenhausen\/art-meets-chocolate-wenn-schokolade-kreativ-macht-schueler-und-schuelerinnen-gestalten-etiketten-fuer-adventsschokolade\/"},"author":{"name":"helgawiegel","@id":"https:\/\/weltlaeden.de\/babenhausen\/#\/schema\/person\/7dd8f996d047c281a7f1c349ebfe8b4f"},"headline":"Art meets Chocolate \u2013 wenn Schokolade kreativ macht. Sch\u00fcler und Sch\u00fclerinnen gestalten Etiketten f\u00fcr Adventsschokolade!","datePublished":"2019-12-09T07:55:42+00:00","dateModified":"2019-12-09T08:49:28+00:00","mainEntityOfPage":{"@id":"https:\/\/weltlaeden.de\/babenhausen\/art-meets-chocolate-wenn-schokolade-kreativ-macht-schueler-und-schuelerinnen-gestalten-etiketten-fuer-adventsschokolade\/"},"wordCount":451,"image":{"@id":"https:\/\/weltlaeden.de\/babenhausen\/art-meets-chocolate-wenn-schokolade-kreativ-macht-schueler-und-schuelerinnen-gestalten-etiketten-fuer-adventsschokolade\/#primaryimage"},"thumbnailUrl":"https:\/\/weltlaeden.de\/babenhausen\/wp-content\/uploads\/sites\/107\/2019\/11\/Bild-Website-News-797x394px.jpg","articleSection":["Neuigkeiten","Verein"],"inLanguage":"de"},{"@type":"WebPage","@id":"https:\/\/weltlaeden.de\/babenhausen\/art-meets-chocolate-wenn-schokolade-kreativ-macht-schueler-und-schuelerinnen-gestalten-etiketten-fuer-adventsschokolade\/","url":"https:\/\/weltlaeden.de\/babenhausen\/art-meets-chocolate-wenn-schokolade-kreativ-macht-schueler-und-schuelerinnen-gestalten-etiketten-fuer-adventsschokolade\/","name":"Art meets Chocolate \u2013 wenn Schokolade kreativ macht. Sch\u00fcler und Sch\u00fclerinnen gestalten Etiketten f\u00fcr Adventsschokolade! - Weltladen Babenhausen","isPartOf":{"@id":"https:\/\/weltlaeden.de\/babenhausen\/#website"},"primaryImageOfPage":{"@id":"https:\/\/weltlaeden.de\/babenhausen\/art-meets-chocolate-wenn-schokolade-kreativ-macht-schueler-und-schuelerinnen-gestalten-etiketten-fuer-adventsschokolade\/#primaryimage"},"image":{"@id":"https:\/\/weltlaeden.de\/babenhausen\/art-meets-chocolate-wenn-schokolade-kreativ-macht-schueler-und-schuelerinnen-gestalten-etiketten-fuer-adventsschokolade\/#primaryimage"},"thumbnailUrl":"https:\/\/weltlaeden.de\/babenhausen\/wp-content\/uploads\/sites\/107\/2019\/11\/Bild-Website-News-797x394px.jpg","datePublished":"2019-12-09T07:55:42+00:00","dateModified":"2019-12-09T08:49:28+00:00","author":{"@id":"https:\/\/weltlaeden.de\/babenhausen\/#\/schema\/person\/7dd8f996d047c281a7f1c349ebfe8b4f"},"breadcrumb":{"@id":"https:\/\/weltlaeden.de\/babenhausen\/art-meets-chocolate-wenn-schokolade-kreativ-macht-schueler-und-schuelerinnen-gestalten-etiketten-fuer-adventsschokolade\/#breadcrumb"},"inLanguage":"de","potentialAction":[{"@type":"ReadAction","target":["https:\/\/weltlaeden.de\/babenhausen\/art-meets-chocolate-wenn-schokolade-kreativ-macht-schueler-und-schuelerinnen-gestalten-etiketten-fuer-adventsschokolade\/"]}]},{"@type":"ImageObject","inLanguage":"de","@id":"https:\/\/weltlaeden.de\/babenhausen\/art-meets-chocolate-wenn-schokolade-kreativ-macht-schueler-und-schuelerinnen-gestalten-etiketten-fuer-adventsschokolade\/#primaryimage","url":"https:\/\/weltlaeden.de\/babenhausen\/wp-content\/uploads\/sites\/107\/2019\/11\/Bild-Website-News-797x394px.jpg","contentUrl":"https:\/\/weltlaeden.de\/babenhausen\/wp-content\/uploads\/sites\/107\/2019\/11\/Bild-Website-News-797x394px.jpg","width":787,"height":394},{"@type":"BreadcrumbList","@id":"https:\/\/weltlaeden.de\/babenhausen\/art-meets-chocolate-wenn-schokolade-kreativ-macht-schueler-und-schuelerinnen-gestalten-etiketten-fuer-adventsschokolade\/#breadcrumb","itemListElement":[{"@type":"ListItem","position":1,"name":"Startseite","item":"https:\/\/weltlaeden.de\/babenhausen\/"},{"@type":"ListItem","position":2,"name":"Art meets Chocolate \u2013 wenn Schokolade kreativ macht. Sch\u00fcler und Sch\u00fclerinnen gestalten Etiketten f\u00fcr Adventsschokolade!"}]},{"@type":"WebSite","@id":"https:\/\/weltlaeden.de\/babenhausen\/#website","url":"https:\/\/weltlaeden.de\/babenhausen\/","name":"Weltladen Babenhausen","description":"Faire Produkte seit 1990","potentialAction":[{"@type":"SearchAction","target":{"@type":"EntryPoint","urlTemplate":"https:\/\/weltlaeden.de\/babenhausen\/?s={search_term_string}"},"query-input":{"@type":"PropertyValueSpecification","valueRequired":true,"valueName":"search_term_string"}}],"inLanguage":"de"},{"@type":"Person","@id":"https:\/\/weltlaeden.de\/babenhausen\/#\/schema\/person\/7dd8f996d047c281a7f1c349ebfe8b4f","name":"helgawiegel","image":{"@type":"ImageObject","inLanguage":"de","@id":"https:\/\/weltlaeden.de\/babenhausen\/#\/schema\/person\/image\/","url":"https:\/\/secure.gravatar.com\/avatar\/1abec512ec0fb596215cb7a7e7596667?s=96&d=mm&r=g","contentUrl":"https:\/\/secure.gravatar.com\/avatar\/1abec512ec0fb596215cb7a7e7596667?s=96&d=mm&r=g","caption":"helgawiegel"},"url":"https:\/\/weltlaeden.de\/babenhausen\/author\/helgawiegel\/"}]}},"_links":{"self":[{"href":"https:\/\/weltlaeden.de\/babenhausen\/wp-json\/wp\/v2\/posts\/846","targetHints":{"allow":["GET"]}}],"collection":[{"href":"https:\/\/weltlaeden.de\/babenhausen\/wp-json\/wp\/v2\/posts"}],"about":[{"href":"https:\/\/weltlaeden.de\/babenhausen\/wp-json\/wp\/v2\/types\/post"}],"author":[{"embeddable":true,"href":"https:\/\/weltlaeden.de\/babenhausen\/wp-json\/wp\/v2\/users\/168"}],"replies":[{"embeddable":true,"href":"https:\/\/weltlaeden.de\/babenhausen\/wp-json\/wp\/v2\/comments?post=846"}],"version-history":[{"count":13,"href":"https:\/\/weltlaeden.de\/babenhausen\/wp-json\/wp\/v2\/posts\/846\/revisions"}],"predecessor-version":[{"id":887,"href":"https:\/\/weltlaeden.de\/babenhausen\/wp-json\/wp\/v2\/posts\/846\/revisions\/887"}],"wp:featuredmedia":[{"embeddable":true,"href":"https:\/\/weltlaeden.de\/babenhausen\/wp-json\/wp\/v2\/media\/847"}],"wp:attachment":[{"href":"https:\/\/weltlaeden.de\/babenhausen\/wp-json\/wp\/v2\/media?parent=846"}],"wp:term":[{"taxonomy":"category","embeddable":true,"href":"https:\/\/weltlaeden.de\/babenhausen\/wp-json\/wp\/v2\/categories?post=846"},{"taxonomy":"post_tag","embeddable":true,"href":"https:\/\/weltlaeden.de\/babenhausen\/wp-json\/wp\/v2\/tags?post=846"}],"curies":[{"name":"wp","href":"https:\/\/api.w.org\/{rel}","templated":true}]}}