{"id":501,"date":"2019-05-15T15:20:20","date_gmt":"2019-05-15T13:20:20","guid":{"rendered":"https:\/\/weltlaeden.de\/babenhausen\/?p=501"},"modified":"2019-10-25T09:24:18","modified_gmt":"2019-10-25T07:24:18","slug":"weltladen-team-mit-neuem-vorstand-und-engagierten-projekten","status":"publish","type":"post","link":"https:\/\/weltlaeden.de\/babenhausen\/weltladen-team-mit-neuem-vorstand-und-engagierten-projekten\/","title":{"rendered":"Weltladen-Team  mit neuem Vorstand  und engagierten Projekten."},"content":{"rendered":"<p>Vorwiegend vereinsorganisatorische Aufgaben standen auf der Tagesordnung, als das Weltladen-Team am 9. Mai zusammenkam. Die Jahreshauptversammlung des \u201eVereins zur F\u00f6rderung des Verst\u00e4ndnisses der Einen Welt e.V.\u201c stand an und mit ihr die Wahl des Vorstands und der Kassenpr\u00fcfer. Ein Tagesordnungspunkt, der nicht ganz ohne Wehmut und einem gro\u00dfen Dankesch\u00f6n an Helga Heintzenberg auskam, die nach vielen Jahren zeitintensiver Vorstandsarbeit ihren Sitz als erste Vorsitzende zur Verf\u00fcgung stellte, trotzdem aber weiterhin im Verein t\u00e4tig sein wird.<\/p>\n<p><strong>Nach Entlastung der bisherigen Mitglieder und anschlie\u00dfender Wahl pr\u00e4sentiert sich der Vorstand nun in neuer Formation: <\/strong><br \/>\n<strong>Den Vereinsvorsitz \u00fcbernimmt Ruth Selzer-Breuninger, als zweite Vorsitzende wird Marga Jonas in ihrem Amt best\u00e4tigt. <\/strong><br \/>\n<strong>An ihrer Seite aktiv sind Hanne Marschall, Renate Mertens, Gisela Willand und Beate Klotz-Reichel als Beisitzerinnen, <\/strong><br \/>\n<strong>Helga Heintzenberg und Gisela Willand \u00fcbernehmen die Kassenpr\u00fcfung. \u00a0<\/strong><\/p>\n<p>F\u00fcr Ruth Selzer-Breuninger ist das Amt der Vereinsvorsitzenden kein Novum. Sie ist seit Gr\u00fcndung des Vereins vor 26 Jahren dabei und hat den Vereinsvorsitz bereits innegehabt.<\/p>\n<p>\u201eVor 26 Jahren h\u00e4tten wir niemals gedacht, dass wir unseren Laden solange w\u00fcrden halten k\u00f6nnen\u201c, sagt Ruth Selzer-Breuninger. \u201eDer Laden wird bis heute mit einem bewundernswerten Engagement von einer Gruppe unerm\u00fcdlicher Mitarbeiterinnen und Mitarbeiter auf ehrenamtlicher Basis gef\u00fchrt, die ihre ganz unterschiedlichen F\u00e4higkeiten einbringen. Wir haben eine gut durchdachte Arbeitsteilung und ein gutes Miteinander, um all die verschiedenen Aufgaben zu meistern. Um dieses Engagement auch f\u00fcr die Zukunft zu sichern, ist es wichtig, sukzessive neue Mitarbeiter und Mitarbeiterinnen zu gewinnen. Das ist die Herausforderung, vor der wir stehen. Wir freuen uns auf jede und jeden, der Lust hat, an unseren sozialen Projekten und unserer Arbeit im Laden mitzuwirken. Uns leitet die Idee der Weltl\u00e4den, zu deren Dachverband auch wir geh\u00f6ren, den produzierenden Menschen in den \u00e4rmeren L\u00e4ndern und Regionen einen Preis f\u00fcr ihre Produkte zu zahlen, von dem sie auch leben k\u00f6nnen. Das ist uns wichtig in einer Welt, in der das Preisdumping regiert.<\/p>\n<p>Es spricht f\u00fcr Babenhausen, dass wir uns nun schon seit 26 Jahren mit unserem Weltladen dank Unterst\u00fctzung der Babenh\u00e4user Mitb\u00fcrger und Mitb\u00fcrgerinnen hierf\u00fcr einsetzen k\u00f6nnen. Und es ist unser Ziel, unseren Ort auch weiterhin mit einem sch\u00f6nen Laden zu bereichern und dadurch einen kleinen Beitrag zu einer gerechteren Welt zu leisten\u201c, so Ruth Selzer-Breuninger.<\/p>\n<p>Ganz in diesem Sinne werden kontinuierlich kleine und gro\u00dfe Projekte angepackt. So gab das Weltladen-Team auch im letzten Vereinsjahr zwei Praktikantinnen der Offenen Schule Babenhausen die M\u00f6glichkeit, in die Arbeit rund um den fairen Handel hineinzuschnuppern und die Hintergr\u00fcnde des ehrenamtlichen Engagements kennenzulernen.<\/p>\n<p>Ein ehrgeiziges und seit einigen Jahren intensiv begleitetes Projekt ist die Unterst\u00fctzung der gemeinn\u00fctzigen Gesundheitsorganisation CSRA in Bolivien, die sich f\u00fcr die medizinische Versorgung der \u00e4rmeren Landbev\u00f6lkerung des Andenstaates, vornehmlich Indios, einsetzt.<\/p>\n<p>Und auch das immer wichtiger werdende Thema der nachhaltigen Wertsch\u00f6pfung steht auf der Priorit\u00e4tenliste. Um hierzu konkrete Handlungsm\u00f6glichkeiten zu diskutieren und zu erschlie\u00dfen, ist f\u00fcr 2019 die Einladung eines Fachreferenten angedacht.<\/p>\n<p>Genug Projekte, um die Suche nach weiteren Mitstreitern und Mitstreiterinnen im neuen Vereinsjahr zu intensivieren. An dieser Stelle die herzliche Einladung an alle, dabei zu sein und im Weltladen-Team mitzumachen.<\/p>\n<p>&nbsp;<\/p>\n<p>(Unser Bild zeigt den neuen Vorstand.Von links: Helga Heintzenberg, Ruth Selzer-Breuninger, Marga Jonas, Gisela Willand, Beate Klotz-Reichel, Hanne Marschall. Es fehlt auf dem Foto Renate Mertens.)<\/p>\n","protected":false},"excerpt":{"rendered":"<p>Vorwiegend vereinsorganisatorische Aufgaben standen auf der Tagesordnung, als das Weltladen-Team am 9. Mai zusammenkam. Die Jahreshauptversammlung des \u201eVereins zur F\u00f6rderung des Verst\u00e4ndnisses der Einen Welt e.V.\u201c stand an und mit ihr die Wahl des Vorstands und der Kassenpr\u00fcfer. Ein Tagesordnungspunkt, der nicht ganz ohne Wehmut und einem gro\u00dfen Dankesch\u00f6n an Helga Heintzenberg auskam, die nach&hellip;<\/p>\n","protected":false},"author":168,"featured_media":814,"comment_status":"closed","ping_status":"closed","sticky":false,"template":"","format":"standard","meta":{"footnotes":""},"categories":[12],"tags":[],"class_list":["post-501","post","type-post","status-publish","format-standard","has-post-thumbnail","hentry","category-verein","category-12","description-off"],"yoast_head":"<!-- This site is optimized with the Yoast SEO plugin v26.8 - https:\/\/yoast.com\/product\/yoast-seo-wordpress\/ -->\n<title>Weltladen-Team mit neuem Vorstand und engagierten Projekten. - Weltladen Babenhausen<\/title>\n<meta name=\"robots\" content=\"index, follow, max-snippet:-1, max-image-preview:large, max-video-preview:-1\" \/>\n<link rel=\"canonical\" href=\"https:\/\/weltlaeden.de\/babenhausen\/weltladen-team-mit-neuem-vorstand-und-engagierten-projekten\/\" \/>\n<meta property=\"og:locale\" content=\"de_DE\" \/>\n<meta property=\"og:type\" content=\"article\" \/>\n<meta property=\"og:title\" content=\"Weltladen-Team mit neuem Vorstand und engagierten Projekten. - Weltladen Babenhausen\" \/>\n<meta property=\"og:description\" content=\"Vorwiegend vereinsorganisatorische Aufgaben standen auf der Tagesordnung, als das Weltladen-Team am 9. Mai zusammenkam. Die Jahreshauptversammlung des \u201eVereins zur F\u00f6rderung des Verst\u00e4ndnisses der Einen Welt e.V.\u201c stand an und mit ihr die Wahl des Vorstands und der Kassenpr\u00fcfer. Ein Tagesordnungspunkt, der nicht ganz ohne Wehmut und einem gro\u00dfen Dankesch\u00f6n an Helga Heintzenberg auskam, die nach&hellip;\" \/>\n<meta property=\"og:url\" content=\"https:\/\/weltlaeden.de\/babenhausen\/weltladen-team-mit-neuem-vorstand-und-engagierten-projekten\/\" \/>\n<meta property=\"og:site_name\" content=\"Weltladen Babenhausen\" \/>\n<meta property=\"article:published_time\" content=\"2019-05-15T13:20:20+00:00\" \/>\n<meta property=\"article:modified_time\" content=\"2019-10-25T07:24:18+00:00\" \/>\n<meta property=\"og:image\" content=\"https:\/\/weltlaeden.de\/babenhausen\/wp-content\/uploads\/sites\/107\/2019\/05\/IMG_3142-Vorstand-bearbeitet-fuer-News2.jpg\" \/>\n\t<meta property=\"og:image:width\" content=\"787\" \/>\n\t<meta property=\"og:image:height\" content=\"400\" \/>\n\t<meta property=\"og:image:type\" content=\"image\/jpeg\" \/>\n<meta name=\"author\" content=\"helgawiegel\" \/>\n<meta name=\"twitter:card\" content=\"summary_large_image\" \/>\n<meta name=\"twitter:label1\" content=\"Verfasst von\" \/>\n\t<meta name=\"twitter:data1\" content=\"helgawiegel\" \/>\n\t<meta name=\"twitter:label2\" content=\"Gesch\u00e4tzte Lesezeit\" \/>\n\t<meta name=\"twitter:data2\" content=\"3\u00a0Minuten\" \/>\n<script type=\"application\/ld+json\" class=\"yoast-schema-graph\">{\"@context\":\"https:\/\/schema.org\",\"@graph\":[{\"@type\":\"Article\",\"@id\":\"https:\/\/weltlaeden.de\/babenhausen\/weltladen-team-mit-neuem-vorstand-und-engagierten-projekten\/#article\",\"isPartOf\":{\"@id\":\"https:\/\/weltlaeden.de\/babenhausen\/weltladen-team-mit-neuem-vorstand-und-engagierten-projekten\/\"},\"author\":{\"name\":\"helgawiegel\",\"@id\":\"https:\/\/weltlaeden.de\/babenhausen\/#\/schema\/person\/7dd8f996d047c281a7f1c349ebfe8b4f\"},\"headline\":\"Weltladen-Team mit neuem Vorstand und engagierten Projekten.\",\"datePublished\":\"2019-05-15T13:20:20+00:00\",\"dateModified\":\"2019-10-25T07:24:18+00:00\",\"mainEntityOfPage\":{\"@id\":\"https:\/\/weltlaeden.de\/babenhausen\/weltladen-team-mit-neuem-vorstand-und-engagierten-projekten\/\"},\"wordCount\":576,\"image\":{\"@id\":\"https:\/\/weltlaeden.de\/babenhausen\/weltladen-team-mit-neuem-vorstand-und-engagierten-projekten\/#primaryimage\"},\"thumbnailUrl\":\"https:\/\/weltlaeden.de\/babenhausen\/wp-content\/uploads\/sites\/107\/2019\/05\/IMG_3142-Vorstand-bearbeitet-fuer-News2.jpg\",\"articleSection\":[\"Verein\"],\"inLanguage\":\"de\"},{\"@type\":\"WebPage\",\"@id\":\"https:\/\/weltlaeden.de\/babenhausen\/weltladen-team-mit-neuem-vorstand-und-engagierten-projekten\/\",\"url\":\"https:\/\/weltlaeden.de\/babenhausen\/weltladen-team-mit-neuem-vorstand-und-engagierten-projekten\/\",\"name\":\"Weltladen-Team mit neuem Vorstand und engagierten Projekten. - Weltladen Babenhausen\",\"isPartOf\":{\"@id\":\"https:\/\/weltlaeden.de\/babenhausen\/#website\"},\"primaryImageOfPage\":{\"@id\":\"https:\/\/weltlaeden.de\/babenhausen\/weltladen-team-mit-neuem-vorstand-und-engagierten-projekten\/#primaryimage\"},\"image\":{\"@id\":\"https:\/\/weltlaeden.de\/babenhausen\/weltladen-team-mit-neuem-vorstand-und-engagierten-projekten\/#primaryimage\"},\"thumbnailUrl\":\"https:\/\/weltlaeden.de\/babenhausen\/wp-content\/uploads\/sites\/107\/2019\/05\/IMG_3142-Vorstand-bearbeitet-fuer-News2.jpg\",\"datePublished\":\"2019-05-15T13:20:20+00:00\",\"dateModified\":\"2019-10-25T07:24:18+00:00\",\"author\":{\"@id\":\"https:\/\/weltlaeden.de\/babenhausen\/#\/schema\/person\/7dd8f996d047c281a7f1c349ebfe8b4f\"},\"breadcrumb\":{\"@id\":\"https:\/\/weltlaeden.de\/babenhausen\/weltladen-team-mit-neuem-vorstand-und-engagierten-projekten\/#breadcrumb\"},\"inLanguage\":\"de\",\"potentialAction\":[{\"@type\":\"ReadAction\",\"target\":[\"https:\/\/weltlaeden.de\/babenhausen\/weltladen-team-mit-neuem-vorstand-und-engagierten-projekten\/\"]}]},{\"@type\":\"ImageObject\",\"inLanguage\":\"de\",\"@id\":\"https:\/\/weltlaeden.de\/babenhausen\/weltladen-team-mit-neuem-vorstand-und-engagierten-projekten\/#primaryimage\",\"url\":\"https:\/\/weltlaeden.de\/babenhausen\/wp-content\/uploads\/sites\/107\/2019\/05\/IMG_3142-Vorstand-bearbeitet-fuer-News2.jpg\",\"contentUrl\":\"https:\/\/weltlaeden.de\/babenhausen\/wp-content\/uploads\/sites\/107\/2019\/05\/IMG_3142-Vorstand-bearbeitet-fuer-News2.jpg\",\"width\":787,\"height\":400},{\"@type\":\"BreadcrumbList\",\"@id\":\"https:\/\/weltlaeden.de\/babenhausen\/weltladen-team-mit-neuem-vorstand-und-engagierten-projekten\/#breadcrumb\",\"itemListElement\":[{\"@type\":\"ListItem\",\"position\":1,\"name\":\"Startseite\",\"item\":\"https:\/\/weltlaeden.de\/babenhausen\/\"},{\"@type\":\"ListItem\",\"position\":2,\"name\":\"Weltladen-Team mit neuem Vorstand und engagierten Projekten.\"}]},{\"@type\":\"WebSite\",\"@id\":\"https:\/\/weltlaeden.de\/babenhausen\/#website\",\"url\":\"https:\/\/weltlaeden.de\/babenhausen\/\",\"name\":\"Weltladen Babenhausen\",\"description\":\"Faire Produkte seit 1990\",\"potentialAction\":[{\"@type\":\"SearchAction\",\"target\":{\"@type\":\"EntryPoint\",\"urlTemplate\":\"https:\/\/weltlaeden.de\/babenhausen\/?s={search_term_string}\"},\"query-input\":{\"@type\":\"PropertyValueSpecification\",\"valueRequired\":true,\"valueName\":\"search_term_string\"}}],\"inLanguage\":\"de\"},{\"@type\":\"Person\",\"@id\":\"https:\/\/weltlaeden.de\/babenhausen\/#\/schema\/person\/7dd8f996d047c281a7f1c349ebfe8b4f\",\"name\":\"helgawiegel\",\"image\":{\"@type\":\"ImageObject\",\"inLanguage\":\"de\",\"@id\":\"https:\/\/weltlaeden.de\/babenhausen\/#\/schema\/person\/image\/\",\"url\":\"https:\/\/secure.gravatar.com\/avatar\/1abec512ec0fb596215cb7a7e7596667?s=96&d=mm&r=g\",\"contentUrl\":\"https:\/\/secure.gravatar.com\/avatar\/1abec512ec0fb596215cb7a7e7596667?s=96&d=mm&r=g\",\"caption\":\"helgawiegel\"},\"url\":\"https:\/\/weltlaeden.de\/babenhausen\/author\/helgawiegel\/\"}]}<\/script>\n<!-- \/ Yoast SEO plugin. -->","yoast_head_json":{"title":"Weltladen-Team mit neuem Vorstand und engagierten Projekten. - Weltladen Babenhausen","robots":{"index":"index","follow":"follow","max-snippet":"max-snippet:-1","max-image-preview":"max-image-preview:large","max-video-preview":"max-video-preview:-1"},"canonical":"https:\/\/weltlaeden.de\/babenhausen\/weltladen-team-mit-neuem-vorstand-und-engagierten-projekten\/","og_locale":"de_DE","og_type":"article","og_title":"Weltladen-Team mit neuem Vorstand und engagierten Projekten. - Weltladen Babenhausen","og_description":"Vorwiegend vereinsorganisatorische Aufgaben standen auf der Tagesordnung, als das Weltladen-Team am 9. Mai zusammenkam. Die Jahreshauptversammlung des \u201eVereins zur F\u00f6rderung des Verst\u00e4ndnisses der Einen Welt e.V.\u201c stand an und mit ihr die Wahl des Vorstands und der Kassenpr\u00fcfer. Ein Tagesordnungspunkt, der nicht ganz ohne Wehmut und einem gro\u00dfen Dankesch\u00f6n an Helga Heintzenberg auskam, die nach&hellip;","og_url":"https:\/\/weltlaeden.de\/babenhausen\/weltladen-team-mit-neuem-vorstand-und-engagierten-projekten\/","og_site_name":"Weltladen Babenhausen","article_published_time":"2019-05-15T13:20:20+00:00","article_modified_time":"2019-10-25T07:24:18+00:00","og_image":[{"width":787,"height":400,"url":"https:\/\/weltlaeden.de\/babenhausen\/wp-content\/uploads\/sites\/107\/2019\/05\/IMG_3142-Vorstand-bearbeitet-fuer-News2.jpg","type":"image\/jpeg"}],"author":"helgawiegel","twitter_card":"summary_large_image","twitter_misc":{"Verfasst von":"helgawiegel","Gesch\u00e4tzte Lesezeit":"3\u00a0Minuten"},"schema":{"@context":"https:\/\/schema.org","@graph":[{"@type":"Article","@id":"https:\/\/weltlaeden.de\/babenhausen\/weltladen-team-mit-neuem-vorstand-und-engagierten-projekten\/#article","isPartOf":{"@id":"https:\/\/weltlaeden.de\/babenhausen\/weltladen-team-mit-neuem-vorstand-und-engagierten-projekten\/"},"author":{"name":"helgawiegel","@id":"https:\/\/weltlaeden.de\/babenhausen\/#\/schema\/person\/7dd8f996d047c281a7f1c349ebfe8b4f"},"headline":"Weltladen-Team mit neuem Vorstand und engagierten Projekten.","datePublished":"2019-05-15T13:20:20+00:00","dateModified":"2019-10-25T07:24:18+00:00","mainEntityOfPage":{"@id":"https:\/\/weltlaeden.de\/babenhausen\/weltladen-team-mit-neuem-vorstand-und-engagierten-projekten\/"},"wordCount":576,"image":{"@id":"https:\/\/weltlaeden.de\/babenhausen\/weltladen-team-mit-neuem-vorstand-und-engagierten-projekten\/#primaryimage"},"thumbnailUrl":"https:\/\/weltlaeden.de\/babenhausen\/wp-content\/uploads\/sites\/107\/2019\/05\/IMG_3142-Vorstand-bearbeitet-fuer-News2.jpg","articleSection":["Verein"],"inLanguage":"de"},{"@type":"WebPage","@id":"https:\/\/weltlaeden.de\/babenhausen\/weltladen-team-mit-neuem-vorstand-und-engagierten-projekten\/","url":"https:\/\/weltlaeden.de\/babenhausen\/weltladen-team-mit-neuem-vorstand-und-engagierten-projekten\/","name":"Weltladen-Team mit neuem Vorstand und engagierten Projekten. - Weltladen Babenhausen","isPartOf":{"@id":"https:\/\/weltlaeden.de\/babenhausen\/#website"},"primaryImageOfPage":{"@id":"https:\/\/weltlaeden.de\/babenhausen\/weltladen-team-mit-neuem-vorstand-und-engagierten-projekten\/#primaryimage"},"image":{"@id":"https:\/\/weltlaeden.de\/babenhausen\/weltladen-team-mit-neuem-vorstand-und-engagierten-projekten\/#primaryimage"},"thumbnailUrl":"https:\/\/weltlaeden.de\/babenhausen\/wp-content\/uploads\/sites\/107\/2019\/05\/IMG_3142-Vorstand-bearbeitet-fuer-News2.jpg","datePublished":"2019-05-15T13:20:20+00:00","dateModified":"2019-10-25T07:24:18+00:00","author":{"@id":"https:\/\/weltlaeden.de\/babenhausen\/#\/schema\/person\/7dd8f996d047c281a7f1c349ebfe8b4f"},"breadcrumb":{"@id":"https:\/\/weltlaeden.de\/babenhausen\/weltladen-team-mit-neuem-vorstand-und-engagierten-projekten\/#breadcrumb"},"inLanguage":"de","potentialAction":[{"@type":"ReadAction","target":["https:\/\/weltlaeden.de\/babenhausen\/weltladen-team-mit-neuem-vorstand-und-engagierten-projekten\/"]}]},{"@type":"ImageObject","inLanguage":"de","@id":"https:\/\/weltlaeden.de\/babenhausen\/weltladen-team-mit-neuem-vorstand-und-engagierten-projekten\/#primaryimage","url":"https:\/\/weltlaeden.de\/babenhausen\/wp-content\/uploads\/sites\/107\/2019\/05\/IMG_3142-Vorstand-bearbeitet-fuer-News2.jpg","contentUrl":"https:\/\/weltlaeden.de\/babenhausen\/wp-content\/uploads\/sites\/107\/2019\/05\/IMG_3142-Vorstand-bearbeitet-fuer-News2.jpg","width":787,"height":400},{"@type":"BreadcrumbList","@id":"https:\/\/weltlaeden.de\/babenhausen\/weltladen-team-mit-neuem-vorstand-und-engagierten-projekten\/#breadcrumb","itemListElement":[{"@type":"ListItem","position":1,"name":"Startseite","item":"https:\/\/weltlaeden.de\/babenhausen\/"},{"@type":"ListItem","position":2,"name":"Weltladen-Team mit neuem Vorstand und engagierten Projekten."}]},{"@type":"WebSite","@id":"https:\/\/weltlaeden.de\/babenhausen\/#website","url":"https:\/\/weltlaeden.de\/babenhausen\/","name":"Weltladen Babenhausen","description":"Faire Produkte seit 1990","potentialAction":[{"@type":"SearchAction","target":{"@type":"EntryPoint","urlTemplate":"https:\/\/weltlaeden.de\/babenhausen\/?s={search_term_string}"},"query-input":{"@type":"PropertyValueSpecification","valueRequired":true,"valueName":"search_term_string"}}],"inLanguage":"de"},{"@type":"Person","@id":"https:\/\/weltlaeden.de\/babenhausen\/#\/schema\/person\/7dd8f996d047c281a7f1c349ebfe8b4f","name":"helgawiegel","image":{"@type":"ImageObject","inLanguage":"de","@id":"https:\/\/weltlaeden.de\/babenhausen\/#\/schema\/person\/image\/","url":"https:\/\/secure.gravatar.com\/avatar\/1abec512ec0fb596215cb7a7e7596667?s=96&d=mm&r=g","contentUrl":"https:\/\/secure.gravatar.com\/avatar\/1abec512ec0fb596215cb7a7e7596667?s=96&d=mm&r=g","caption":"helgawiegel"},"url":"https:\/\/weltlaeden.de\/babenhausen\/author\/helgawiegel\/"}]}},"_links":{"self":[{"href":"https:\/\/weltlaeden.de\/babenhausen\/wp-json\/wp\/v2\/posts\/501","targetHints":{"allow":["GET"]}}],"collection":[{"href":"https:\/\/weltlaeden.de\/babenhausen\/wp-json\/wp\/v2\/posts"}],"about":[{"href":"https:\/\/weltlaeden.de\/babenhausen\/wp-json\/wp\/v2\/types\/post"}],"author":[{"embeddable":true,"href":"https:\/\/weltlaeden.de\/babenhausen\/wp-json\/wp\/v2\/users\/168"}],"replies":[{"embeddable":true,"href":"https:\/\/weltlaeden.de\/babenhausen\/wp-json\/wp\/v2\/comments?post=501"}],"version-history":[{"count":3,"href":"https:\/\/weltlaeden.de\/babenhausen\/wp-json\/wp\/v2\/posts\/501\/revisions"}],"predecessor-version":[{"id":816,"href":"https:\/\/weltlaeden.de\/babenhausen\/wp-json\/wp\/v2\/posts\/501\/revisions\/816"}],"wp:featuredmedia":[{"embeddable":true,"href":"https:\/\/weltlaeden.de\/babenhausen\/wp-json\/wp\/v2\/media\/814"}],"wp:attachment":[{"href":"https:\/\/weltlaeden.de\/babenhausen\/wp-json\/wp\/v2\/media?parent=501"}],"wp:term":[{"taxonomy":"category","embeddable":true,"href":"https:\/\/weltlaeden.de\/babenhausen\/wp-json\/wp\/v2\/categories?post=501"},{"taxonomy":"post_tag","embeddable":true,"href":"https:\/\/weltlaeden.de\/babenhausen\/wp-json\/wp\/v2\/tags?post=501"}],"curies":[{"name":"wp","href":"https:\/\/api.w.org\/{rel}","templated":true}]}}