{"id":2150,"date":"2026-02-24T14:37:27","date_gmt":"2026-02-24T13:37:27","guid":{"rendered":"https:\/\/weltlaeden.de\/babenhausen\/?p=2150"},"modified":"2026-03-17T10:36:57","modified_gmt":"2026-03-17T09:36:57","slug":"neu-bei-uns-italienische-feinkost-schmeckt-gut-fuehlt-sich-richtig-an","status":"publish","type":"post","link":"https:\/\/weltlaeden.de\/babenhausen\/neu-bei-uns-italienische-feinkost-schmeckt-gut-fuehlt-sich-richtig-an\/","title":{"rendered":"Neu bei uns: Italienische Feinkost &#8211; Schmeckt gut. F\u00fchlt sich richtig an."},"content":{"rendered":"<p>Unsere neuen italienischen Produkte sind nicht einfach nur lecker \u2013 sie stehen f\u00fcr Mut, Fairness und echten Widerstand gegen die Mafia. Mit jedem Einkauf unterst\u00fctzen Sie Menschen, die sich f\u00fcr faire Jobs, Umweltschutz und eine bessere Zukunft einsetzen.<\/p>\n<p><strong><em>\u201eUnsere Produkte sind mehr als nur Lebensmittel. Sie sind ein Zeichen des Widerstands gegen die Macht der Mafia.\u201c <\/em><\/strong>(Don Luigi Ciotti, Gr\u00fcnder von Libera)<\/p>\n<p><strong>Warum das wichtig ist<\/strong><\/p>\n<p>In Regionen wie Sizilien, Apulien oder Kalabrien hat die Mafia noch immer gro\u00dfen Einfluss. Viele junge Menschen finden dort kaum Arbeit, der Staat hilft oft zu wenig. Die Mafia nutzt das aus \u2013 mit Angst, Gewalt und Erpressung. Und das betrifft nicht nur Italien, sondern ganz Europa.<\/p>\n<p><strong>Libera Terra \u2013 befreite Erde<\/strong><\/p>\n<p>Libera Terra zeigt: Es geht auch anders. Beschlagnahmte Mafia\u2011L\u00e4ndereien werden an soziale Kooperativen \u00fcbergeben. Seit 2001 arbeiten dort junge Menschen legal, fair und mit Zukunftsperspektive. Es gilt:<\/p>\n<ul>\n<li>Bio\u2011Anbau<\/li>\n<li>faire Bezahlung und sichere Arbeitsbedingungen<\/li>\n<li>null Mafia\u2011Verbindungen<\/li>\n<li>soziales Engagement, z.\u202f mit Menschen mit Behinderungen<\/li>\n<\/ul>\n<p>Aus Orten der Unterdr\u00fcckung werden Orte der Hoffnung.<\/p>\n<p><strong>Addiopizzo \u2013 gemeinsam stark<\/strong><\/p>\n<p>Addiopizzo k\u00e4mpft seit 2004 gegen Schutzgelderpressung. Ihr Motto: <strong>\u201e<\/strong>Ich bezahle diejenigen, die nicht zahlen<strong>.\u201c <\/strong>So unterst\u00fctzen Konsument*innen mutige Betriebe, die sich offen gegen die Mafia stellen und zeigen: Zusammen sind wir st\u00e4rker als Angst.<\/p>\n<p><strong>Fair, transparent, richtig gut <\/strong><\/p>\n<p>Die Produkte im Weltladen kommen von Betrieben, die klar gegen die Mafia stehen und nach den Prinzipien des Fairen Handels arbeiten. Das hei\u00dft: hohe Qualit\u00e4t, faire Preise, Umweltschutz und Respekt f\u00fcr Menschen.<\/p>\n<p><strong>Ihr Einkauf z\u00e4hlt <\/strong><\/p>\n<p>Unser Angebot umfasst u.a. Brotaufstriche, Pasta, sowie diverse Snacks und Geb\u00e4ck. Mit jedem Kauf unterst\u00fctzen Sie echte Alternativen zur Mafia. Sie st\u00e4rken faire Wirtschaft, geben jungen Menschen Perspektiven und helfen mit, dass \u201ebefreite Erde\u201c Zukunft hat.<\/p>\n<p>&nbsp;<\/p>\n<p><strong><span style=\"color: #003366\">Anl\u00e4sslich des Babenh\u00e4user Ostermarktes am 28. und 29. M\u00e4rz 2026 verkosten wir einige der neuen Produkte. Unsere \u00d6ffnungszeiten:<br \/>\nSamstag von 12.00 bis 18.00 Uhr<br \/>\nSonntag von 13.00 bis 18.00 Uhr<\/span><\/strong><\/p>\n<p><strong><span style=\"color: #003366\">Das Weltladen-Team freut sich auf Ihren Besuch!<\/span><\/strong><\/p>\n<p>&nbsp;<\/p>\n<p><img loading=\"lazy\" decoding=\"async\" class=\"alignnone size-medium wp-image-2152\" src=\"https:\/\/weltlaeden.de\/babenhausen\/wp-content\/uploads\/sites\/107\/2026\/02\/legallecker-300x140.png\" alt=\"\" width=\"300\" height=\"140\" srcset=\"https:\/\/weltlaeden.de\/babenhausen\/wp-content\/uploads\/sites\/107\/2026\/02\/legallecker-300x140.png 300w, https:\/\/weltlaeden.de\/babenhausen\/wp-content\/uploads\/sites\/107\/2026\/02\/legallecker.png 710w\" sizes=\"auto, (max-width: 300px) 100vw, 300px\" \/><\/p>\n","protected":false},"excerpt":{"rendered":"<p>Unsere neuen italienischen Produkte sind nicht einfach nur lecker \u2013 sie stehen f\u00fcr Mut, Fairness und echten Widerstand gegen die Mafia. Mit jedem Einkauf unterst\u00fctzen Sie Menschen, die sich f\u00fcr faire Jobs, Umweltschutz und eine bessere Zukunft einsetzen. \u201eUnsere Produkte sind mehr als nur Lebensmittel. Sie sind ein Zeichen des Widerstands gegen die Macht der&hellip;<\/p>\n","protected":false},"author":316,"featured_media":2160,"comment_status":"closed","ping_status":"closed","sticky":false,"template":"","format":"standard","meta":{"footnotes":""},"categories":[8],"tags":[],"class_list":["post-2150","post","type-post","status-publish","format-standard","has-post-thumbnail","hentry","category-neues","category-8","description-off"],"yoast_head":"<!-- This site is optimized with the Yoast SEO plugin v26.8 - https:\/\/yoast.com\/product\/yoast-seo-wordpress\/ -->\n<title>Neu bei uns: Italienische Feinkost - Schmeckt gut. F\u00fchlt sich richtig an. - Weltladen Babenhausen<\/title>\n<meta name=\"robots\" content=\"index, follow, max-snippet:-1, max-image-preview:large, max-video-preview:-1\" \/>\n<link rel=\"canonical\" href=\"https:\/\/weltlaeden.de\/babenhausen\/neu-bei-uns-italienische-feinkost-schmeckt-gut-fuehlt-sich-richtig-an\/\" \/>\n<meta property=\"og:locale\" content=\"de_DE\" \/>\n<meta property=\"og:type\" content=\"article\" \/>\n<meta property=\"og:title\" content=\"Neu bei uns: Italienische Feinkost - Schmeckt gut. F\u00fchlt sich richtig an. - Weltladen Babenhausen\" \/>\n<meta property=\"og:description\" content=\"Unsere neuen italienischen Produkte sind nicht einfach nur lecker \u2013 sie stehen f\u00fcr Mut, Fairness und echten Widerstand gegen die Mafia. Mit jedem Einkauf unterst\u00fctzen Sie Menschen, die sich f\u00fcr faire Jobs, Umweltschutz und eine bessere Zukunft einsetzen. \u201eUnsere Produkte sind mehr als nur Lebensmittel. Sie sind ein Zeichen des Widerstands gegen die Macht der&hellip;\" \/>\n<meta property=\"og:url\" content=\"https:\/\/weltlaeden.de\/babenhausen\/neu-bei-uns-italienische-feinkost-schmeckt-gut-fuehlt-sich-richtig-an\/\" \/>\n<meta property=\"og:site_name\" content=\"Weltladen Babenhausen\" \/>\n<meta property=\"article:published_time\" content=\"2026-02-24T13:37:27+00:00\" \/>\n<meta property=\"article:modified_time\" content=\"2026-03-17T09:36:57+00:00\" \/>\n<meta property=\"og:image\" content=\"https:\/\/weltlaeden.de\/babenhausen\/wp-content\/uploads\/sites\/107\/2026\/02\/W_LegalLecker2.png\" \/>\n\t<meta property=\"og:image:width\" content=\"787\" \/>\n\t<meta property=\"og:image:height\" content=\"500\" \/>\n\t<meta property=\"og:image:type\" content=\"image\/png\" \/>\n<meta name=\"author\" content=\"gabyreckenbeil\" \/>\n<meta name=\"twitter:card\" content=\"summary_large_image\" \/>\n<meta name=\"twitter:label1\" content=\"Verfasst von\" \/>\n\t<meta name=\"twitter:data1\" content=\"gabyreckenbeil\" \/>\n\t<meta name=\"twitter:label2\" content=\"Gesch\u00e4tzte Lesezeit\" \/>\n\t<meta name=\"twitter:data2\" content=\"2\u00a0Minuten\" \/>\n<script type=\"application\/ld+json\" class=\"yoast-schema-graph\">{\"@context\":\"https:\/\/schema.org\",\"@graph\":[{\"@type\":\"Article\",\"@id\":\"https:\/\/weltlaeden.de\/babenhausen\/neu-bei-uns-italienische-feinkost-schmeckt-gut-fuehlt-sich-richtig-an\/#article\",\"isPartOf\":{\"@id\":\"https:\/\/weltlaeden.de\/babenhausen\/neu-bei-uns-italienische-feinkost-schmeckt-gut-fuehlt-sich-richtig-an\/\"},\"author\":{\"name\":\"gabyreckenbeil\",\"@id\":\"https:\/\/weltlaeden.de\/babenhausen\/#\/schema\/person\/b72ced7c91a830afb088c33790cbdecd\"},\"headline\":\"Neu bei uns: Italienische Feinkost &#8211; Schmeckt gut. F\u00fchlt sich richtig an.\",\"datePublished\":\"2026-02-24T13:37:27+00:00\",\"dateModified\":\"2026-03-17T09:36:57+00:00\",\"mainEntityOfPage\":{\"@id\":\"https:\/\/weltlaeden.de\/babenhausen\/neu-bei-uns-italienische-feinkost-schmeckt-gut-fuehlt-sich-richtig-an\/\"},\"wordCount\":345,\"image\":{\"@id\":\"https:\/\/weltlaeden.de\/babenhausen\/neu-bei-uns-italienische-feinkost-schmeckt-gut-fuehlt-sich-richtig-an\/#primaryimage\"},\"thumbnailUrl\":\"https:\/\/weltlaeden.de\/babenhausen\/wp-content\/uploads\/sites\/107\/2026\/02\/W_LegalLecker2.png\",\"articleSection\":[\"Neuigkeiten\"],\"inLanguage\":\"de\"},{\"@type\":\"WebPage\",\"@id\":\"https:\/\/weltlaeden.de\/babenhausen\/neu-bei-uns-italienische-feinkost-schmeckt-gut-fuehlt-sich-richtig-an\/\",\"url\":\"https:\/\/weltlaeden.de\/babenhausen\/neu-bei-uns-italienische-feinkost-schmeckt-gut-fuehlt-sich-richtig-an\/\",\"name\":\"Neu bei uns: Italienische Feinkost - Schmeckt gut. F\u00fchlt sich richtig an. - Weltladen Babenhausen\",\"isPartOf\":{\"@id\":\"https:\/\/weltlaeden.de\/babenhausen\/#website\"},\"primaryImageOfPage\":{\"@id\":\"https:\/\/weltlaeden.de\/babenhausen\/neu-bei-uns-italienische-feinkost-schmeckt-gut-fuehlt-sich-richtig-an\/#primaryimage\"},\"image\":{\"@id\":\"https:\/\/weltlaeden.de\/babenhausen\/neu-bei-uns-italienische-feinkost-schmeckt-gut-fuehlt-sich-richtig-an\/#primaryimage\"},\"thumbnailUrl\":\"https:\/\/weltlaeden.de\/babenhausen\/wp-content\/uploads\/sites\/107\/2026\/02\/W_LegalLecker2.png\",\"datePublished\":\"2026-02-24T13:37:27+00:00\",\"dateModified\":\"2026-03-17T09:36:57+00:00\",\"author\":{\"@id\":\"https:\/\/weltlaeden.de\/babenhausen\/#\/schema\/person\/b72ced7c91a830afb088c33790cbdecd\"},\"breadcrumb\":{\"@id\":\"https:\/\/weltlaeden.de\/babenhausen\/neu-bei-uns-italienische-feinkost-schmeckt-gut-fuehlt-sich-richtig-an\/#breadcrumb\"},\"inLanguage\":\"de\",\"potentialAction\":[{\"@type\":\"ReadAction\",\"target\":[\"https:\/\/weltlaeden.de\/babenhausen\/neu-bei-uns-italienische-feinkost-schmeckt-gut-fuehlt-sich-richtig-an\/\"]}]},{\"@type\":\"ImageObject\",\"inLanguage\":\"de\",\"@id\":\"https:\/\/weltlaeden.de\/babenhausen\/neu-bei-uns-italienische-feinkost-schmeckt-gut-fuehlt-sich-richtig-an\/#primaryimage\",\"url\":\"https:\/\/weltlaeden.de\/babenhausen\/wp-content\/uploads\/sites\/107\/2026\/02\/W_LegalLecker2.png\",\"contentUrl\":\"https:\/\/weltlaeden.de\/babenhausen\/wp-content\/uploads\/sites\/107\/2026\/02\/W_LegalLecker2.png\",\"width\":787,\"height\":500},{\"@type\":\"BreadcrumbList\",\"@id\":\"https:\/\/weltlaeden.de\/babenhausen\/neu-bei-uns-italienische-feinkost-schmeckt-gut-fuehlt-sich-richtig-an\/#breadcrumb\",\"itemListElement\":[{\"@type\":\"ListItem\",\"position\":1,\"name\":\"Startseite\",\"item\":\"https:\/\/weltlaeden.de\/babenhausen\/\"},{\"@type\":\"ListItem\",\"position\":2,\"name\":\"Neu bei uns: Italienische Feinkost &#8211; Schmeckt gut. F\u00fchlt sich richtig an.\"}]},{\"@type\":\"WebSite\",\"@id\":\"https:\/\/weltlaeden.de\/babenhausen\/#website\",\"url\":\"https:\/\/weltlaeden.de\/babenhausen\/\",\"name\":\"Weltladen Babenhausen\",\"description\":\"Faire Produkte seit 1990\",\"potentialAction\":[{\"@type\":\"SearchAction\",\"target\":{\"@type\":\"EntryPoint\",\"urlTemplate\":\"https:\/\/weltlaeden.de\/babenhausen\/?s={search_term_string}\"},\"query-input\":{\"@type\":\"PropertyValueSpecification\",\"valueRequired\":true,\"valueName\":\"search_term_string\"}}],\"inLanguage\":\"de\"},{\"@type\":\"Person\",\"@id\":\"https:\/\/weltlaeden.de\/babenhausen\/#\/schema\/person\/b72ced7c91a830afb088c33790cbdecd\",\"name\":\"gabyreckenbeil\",\"image\":{\"@type\":\"ImageObject\",\"inLanguage\":\"de\",\"@id\":\"https:\/\/weltlaeden.de\/babenhausen\/#\/schema\/person\/image\/\",\"url\":\"https:\/\/secure.gravatar.com\/avatar\/531e30531929d36e934b5796a63487e7?s=96&d=mm&r=g\",\"contentUrl\":\"https:\/\/secure.gravatar.com\/avatar\/531e30531929d36e934b5796a63487e7?s=96&d=mm&r=g\",\"caption\":\"gabyreckenbeil\"},\"url\":\"https:\/\/weltlaeden.de\/babenhausen\/author\/gabyreckenbeil\/\"}]}<\/script>\n<!-- \/ Yoast SEO plugin. -->","yoast_head_json":{"title":"Neu bei uns: Italienische Feinkost - Schmeckt gut. F\u00fchlt sich richtig an. - Weltladen Babenhausen","robots":{"index":"index","follow":"follow","max-snippet":"max-snippet:-1","max-image-preview":"max-image-preview:large","max-video-preview":"max-video-preview:-1"},"canonical":"https:\/\/weltlaeden.de\/babenhausen\/neu-bei-uns-italienische-feinkost-schmeckt-gut-fuehlt-sich-richtig-an\/","og_locale":"de_DE","og_type":"article","og_title":"Neu bei uns: Italienische Feinkost - Schmeckt gut. F\u00fchlt sich richtig an. - Weltladen Babenhausen","og_description":"Unsere neuen italienischen Produkte sind nicht einfach nur lecker \u2013 sie stehen f\u00fcr Mut, Fairness und echten Widerstand gegen die Mafia. Mit jedem Einkauf unterst\u00fctzen Sie Menschen, die sich f\u00fcr faire Jobs, Umweltschutz und eine bessere Zukunft einsetzen. \u201eUnsere Produkte sind mehr als nur Lebensmittel. Sie sind ein Zeichen des Widerstands gegen die Macht der&hellip;","og_url":"https:\/\/weltlaeden.de\/babenhausen\/neu-bei-uns-italienische-feinkost-schmeckt-gut-fuehlt-sich-richtig-an\/","og_site_name":"Weltladen Babenhausen","article_published_time":"2026-02-24T13:37:27+00:00","article_modified_time":"2026-03-17T09:36:57+00:00","og_image":[{"width":787,"height":500,"url":"https:\/\/weltlaeden.de\/babenhausen\/wp-content\/uploads\/sites\/107\/2026\/02\/W_LegalLecker2.png","type":"image\/png"}],"author":"gabyreckenbeil","twitter_card":"summary_large_image","twitter_misc":{"Verfasst von":"gabyreckenbeil","Gesch\u00e4tzte Lesezeit":"2\u00a0Minuten"},"schema":{"@context":"https:\/\/schema.org","@graph":[{"@type":"Article","@id":"https:\/\/weltlaeden.de\/babenhausen\/neu-bei-uns-italienische-feinkost-schmeckt-gut-fuehlt-sich-richtig-an\/#article","isPartOf":{"@id":"https:\/\/weltlaeden.de\/babenhausen\/neu-bei-uns-italienische-feinkost-schmeckt-gut-fuehlt-sich-richtig-an\/"},"author":{"name":"gabyreckenbeil","@id":"https:\/\/weltlaeden.de\/babenhausen\/#\/schema\/person\/b72ced7c91a830afb088c33790cbdecd"},"headline":"Neu bei uns: Italienische Feinkost &#8211; Schmeckt gut. F\u00fchlt sich richtig an.","datePublished":"2026-02-24T13:37:27+00:00","dateModified":"2026-03-17T09:36:57+00:00","mainEntityOfPage":{"@id":"https:\/\/weltlaeden.de\/babenhausen\/neu-bei-uns-italienische-feinkost-schmeckt-gut-fuehlt-sich-richtig-an\/"},"wordCount":345,"image":{"@id":"https:\/\/weltlaeden.de\/babenhausen\/neu-bei-uns-italienische-feinkost-schmeckt-gut-fuehlt-sich-richtig-an\/#primaryimage"},"thumbnailUrl":"https:\/\/weltlaeden.de\/babenhausen\/wp-content\/uploads\/sites\/107\/2026\/02\/W_LegalLecker2.png","articleSection":["Neuigkeiten"],"inLanguage":"de"},{"@type":"WebPage","@id":"https:\/\/weltlaeden.de\/babenhausen\/neu-bei-uns-italienische-feinkost-schmeckt-gut-fuehlt-sich-richtig-an\/","url":"https:\/\/weltlaeden.de\/babenhausen\/neu-bei-uns-italienische-feinkost-schmeckt-gut-fuehlt-sich-richtig-an\/","name":"Neu bei uns: Italienische Feinkost - Schmeckt gut. F\u00fchlt sich richtig an. - Weltladen Babenhausen","isPartOf":{"@id":"https:\/\/weltlaeden.de\/babenhausen\/#website"},"primaryImageOfPage":{"@id":"https:\/\/weltlaeden.de\/babenhausen\/neu-bei-uns-italienische-feinkost-schmeckt-gut-fuehlt-sich-richtig-an\/#primaryimage"},"image":{"@id":"https:\/\/weltlaeden.de\/babenhausen\/neu-bei-uns-italienische-feinkost-schmeckt-gut-fuehlt-sich-richtig-an\/#primaryimage"},"thumbnailUrl":"https:\/\/weltlaeden.de\/babenhausen\/wp-content\/uploads\/sites\/107\/2026\/02\/W_LegalLecker2.png","datePublished":"2026-02-24T13:37:27+00:00","dateModified":"2026-03-17T09:36:57+00:00","author":{"@id":"https:\/\/weltlaeden.de\/babenhausen\/#\/schema\/person\/b72ced7c91a830afb088c33790cbdecd"},"breadcrumb":{"@id":"https:\/\/weltlaeden.de\/babenhausen\/neu-bei-uns-italienische-feinkost-schmeckt-gut-fuehlt-sich-richtig-an\/#breadcrumb"},"inLanguage":"de","potentialAction":[{"@type":"ReadAction","target":["https:\/\/weltlaeden.de\/babenhausen\/neu-bei-uns-italienische-feinkost-schmeckt-gut-fuehlt-sich-richtig-an\/"]}]},{"@type":"ImageObject","inLanguage":"de","@id":"https:\/\/weltlaeden.de\/babenhausen\/neu-bei-uns-italienische-feinkost-schmeckt-gut-fuehlt-sich-richtig-an\/#primaryimage","url":"https:\/\/weltlaeden.de\/babenhausen\/wp-content\/uploads\/sites\/107\/2026\/02\/W_LegalLecker2.png","contentUrl":"https:\/\/weltlaeden.de\/babenhausen\/wp-content\/uploads\/sites\/107\/2026\/02\/W_LegalLecker2.png","width":787,"height":500},{"@type":"BreadcrumbList","@id":"https:\/\/weltlaeden.de\/babenhausen\/neu-bei-uns-italienische-feinkost-schmeckt-gut-fuehlt-sich-richtig-an\/#breadcrumb","itemListElement":[{"@type":"ListItem","position":1,"name":"Startseite","item":"https:\/\/weltlaeden.de\/babenhausen\/"},{"@type":"ListItem","position":2,"name":"Neu bei uns: Italienische Feinkost &#8211; Schmeckt gut. F\u00fchlt sich richtig an."}]},{"@type":"WebSite","@id":"https:\/\/weltlaeden.de\/babenhausen\/#website","url":"https:\/\/weltlaeden.de\/babenhausen\/","name":"Weltladen Babenhausen","description":"Faire Produkte seit 1990","potentialAction":[{"@type":"SearchAction","target":{"@type":"EntryPoint","urlTemplate":"https:\/\/weltlaeden.de\/babenhausen\/?s={search_term_string}"},"query-input":{"@type":"PropertyValueSpecification","valueRequired":true,"valueName":"search_term_string"}}],"inLanguage":"de"},{"@type":"Person","@id":"https:\/\/weltlaeden.de\/babenhausen\/#\/schema\/person\/b72ced7c91a830afb088c33790cbdecd","name":"gabyreckenbeil","image":{"@type":"ImageObject","inLanguage":"de","@id":"https:\/\/weltlaeden.de\/babenhausen\/#\/schema\/person\/image\/","url":"https:\/\/secure.gravatar.com\/avatar\/531e30531929d36e934b5796a63487e7?s=96&d=mm&r=g","contentUrl":"https:\/\/secure.gravatar.com\/avatar\/531e30531929d36e934b5796a63487e7?s=96&d=mm&r=g","caption":"gabyreckenbeil"},"url":"https:\/\/weltlaeden.de\/babenhausen\/author\/gabyreckenbeil\/"}]}},"_links":{"self":[{"href":"https:\/\/weltlaeden.de\/babenhausen\/wp-json\/wp\/v2\/posts\/2150","targetHints":{"allow":["GET"]}}],"collection":[{"href":"https:\/\/weltlaeden.de\/babenhausen\/wp-json\/wp\/v2\/posts"}],"about":[{"href":"https:\/\/weltlaeden.de\/babenhausen\/wp-json\/wp\/v2\/types\/post"}],"author":[{"embeddable":true,"href":"https:\/\/weltlaeden.de\/babenhausen\/wp-json\/wp\/v2\/users\/316"}],"replies":[{"embeddable":true,"href":"https:\/\/weltlaeden.de\/babenhausen\/wp-json\/wp\/v2\/comments?post=2150"}],"version-history":[{"count":10,"href":"https:\/\/weltlaeden.de\/babenhausen\/wp-json\/wp\/v2\/posts\/2150\/revisions"}],"predecessor-version":[{"id":2185,"href":"https:\/\/weltlaeden.de\/babenhausen\/wp-json\/wp\/v2\/posts\/2150\/revisions\/2185"}],"wp:featuredmedia":[{"embeddable":true,"href":"https:\/\/weltlaeden.de\/babenhausen\/wp-json\/wp\/v2\/media\/2160"}],"wp:attachment":[{"href":"https:\/\/weltlaeden.de\/babenhausen\/wp-json\/wp\/v2\/media?parent=2150"}],"wp:term":[{"taxonomy":"category","embeddable":true,"href":"https:\/\/weltlaeden.de\/babenhausen\/wp-json\/wp\/v2\/categories?post=2150"},{"taxonomy":"post_tag","embeddable":true,"href":"https:\/\/weltlaeden.de\/babenhausen\/wp-json\/wp\/v2\/tags?post=2150"}],"curies":[{"name":"wp","href":"https:\/\/api.w.org\/{rel}","templated":true}]}}