{"id":2077,"date":"2025-11-14T15:34:34","date_gmt":"2025-11-14T14:34:34","guid":{"rendered":"https:\/\/weltlaeden.de\/babenhausen\/?p=2077"},"modified":"2026-01-13T17:20:03","modified_gmt":"2026-01-13T16:20:03","slug":"warum-weihnachtsgeschenke-aus-dem-weltladen","status":"publish","type":"post","link":"https:\/\/weltlaeden.de\/babenhausen\/warum-weihnachtsgeschenke-aus-dem-weltladen\/","title":{"rendered":"Warum Weihnachtsgeschenke aus dem Weltladen?"},"content":{"rendered":"<p>Die Weihnachtszeit steht vor der T\u00fcr \u2013 und mit ihr die Suche nach passenden Geschenken f\u00fcr Familie, Freunde und Kollegen. Wer Wert auf Nachhaltigkeit, Fairness und eine besondere Auswahl legt, sollte den Weltladen als Einkaufsziel in Betracht ziehen. Hier finden Sie nicht nur originelle, handgefertigte Produkte, sondern unterst\u00fctzen zugleich soziale Projekte und faire Arbeitsbedingungen weltweit.<\/p>\n<h3>Vielfalt und Qualit\u00e4t: Geschenkideen aus aller Welt<\/h3>\n<p>Im Weltladen erwartet Sie eine breite Palette an Geschenkideen: Von edlen Kaffees und Tees \u00fcber handbemalte Keramik, Schmuck, Lederwaren bis hin zu Spielwaren f\u00fcr Kinder. Viele Produkte stammen aus kleinen Manufakturen, die traditionelle Handwerkskunst pflegen und mit nat\u00fcrlichen Materialien arbeiten. Die Qualit\u00e4t der Artikel ist hoch, da sie oft von Hand gefertigt und mit viel Liebe zum Detail hergestellt werden.<\/p>\n<h3>Fairer Handel: Gutes tun beim Schenken<\/h3>\n<p>Mit dem Kauf Ihrer Weihnachtsgeschenke im Weltladen setzen Sie ein Zeichen f\u00fcr einen verantwortungsvollen Konsum. Die Produkte werden unter fairen Bedingungen hergestellt und die Produzenten erhalten gerechte L\u00f6hne. So tragen Sie dazu bei, Armut zu bek\u00e4mpfen, Bildung zu f\u00f6rdern und die Lebensbedingungen in den Herkunftsl\u00e4ndern zu verbessern.<\/p>\n<h3>Empfehlungen f\u00fcr beliebte Geschenkartikel<\/h3>\n<ul>\n<li>Feinkost: Schokoladen, Honig, Gew\u00fcrze und Kaffee \u2013 alles aus fairem Handel, ideal f\u00fcr Genie\u00dfer.<\/li>\n<li>Handwerk: Accessoires aus Stoff, Holz oder Leder, wie Taschen, Schals oder Schl\u00fcsselanh\u00e4nger.<\/li>\n<li>Schmuck: Ohrringe, Ketten und Armreifen, gefertigt aus nachhaltigen Materialien.<\/li>\n<li>F\u00fcr Kinder: Spielzeug aus Holz, Lernspiele oder bunte Tierfiguren \u2013 p\u00e4dagogisch wertvoll und sicher.<\/li>\n<li>Wohnaccessoires: Kerzen, Windlichter, Plaids oder Geschirr f\u00fcr ein gem\u00fctliches Zuhause.<\/li>\n<\/ul>\n<p>Schauen Sie sich rechtzeitig um &#8211; wir freuen uns auf Ihren Besuch!<\/p>\n<p><img loading=\"lazy\" decoding=\"async\" class=\"alignnone wp-image-2081\" src=\"https:\/\/weltlaeden.de\/babenhausen\/wp-content\/uploads\/sites\/107\/2025\/11\/W_Weihn_3-300x138.png\" alt=\"\" width=\"533\" height=\"245\" srcset=\"https:\/\/weltlaeden.de\/babenhausen\/wp-content\/uploads\/sites\/107\/2025\/11\/W_Weihn_3-300x138.png 300w, https:\/\/weltlaeden.de\/babenhausen\/wp-content\/uploads\/sites\/107\/2025\/11\/W_Weihn_3-1024x473.png 1024w, https:\/\/weltlaeden.de\/babenhausen\/wp-content\/uploads\/sites\/107\/2025\/11\/W_Weihn_3-768x354.png 768w, https:\/\/weltlaeden.de\/babenhausen\/wp-content\/uploads\/sites\/107\/2025\/11\/W_Weihn_3-1536x709.png 1536w, https:\/\/weltlaeden.de\/babenhausen\/wp-content\/uploads\/sites\/107\/2025\/11\/W_Weihn_3.png 1913w\" sizes=\"auto, (max-width: 533px) 100vw, 533px\" \/>\u00a0 \u00a0 \u00a0 \u00a0 \u00a0 \u00a0<img loading=\"lazy\" decoding=\"async\" class=\"alignnone size-medium wp-image-2082\" src=\"https:\/\/weltlaeden.de\/babenhausen\/wp-content\/uploads\/sites\/107\/2025\/11\/Weihnachten_8-141x300.jpeg\" alt=\"\" width=\"141\" height=\"300\" srcset=\"https:\/\/weltlaeden.de\/babenhausen\/wp-content\/uploads\/sites\/107\/2025\/11\/Weihnachten_8-141x300.jpeg 141w, https:\/\/weltlaeden.de\/babenhausen\/wp-content\/uploads\/sites\/107\/2025\/11\/Weihnachten_8-480x1024.jpeg 480w, https:\/\/weltlaeden.de\/babenhausen\/wp-content\/uploads\/sites\/107\/2025\/11\/Weihnachten_8-768x1639.jpeg 768w, https:\/\/weltlaeden.de\/babenhausen\/wp-content\/uploads\/sites\/107\/2025\/11\/Weihnachten_8-720x1536.jpeg 720w, https:\/\/weltlaeden.de\/babenhausen\/wp-content\/uploads\/sites\/107\/2025\/11\/Weihnachten_8.jpeg 897w\" sizes=\"auto, (max-width: 141px) 100vw, 141px\" \/><\/p>\n","protected":false},"excerpt":{"rendered":"<p>Die Weihnachtszeit steht vor der T\u00fcr \u2013 und mit ihr die Suche nach passenden Geschenken f\u00fcr Familie, Freunde und Kollegen. Wer Wert auf Nachhaltigkeit, Fairness und eine besondere Auswahl legt, sollte den Weltladen als Einkaufsziel in Betracht ziehen. Hier finden Sie nicht nur originelle, handgefertigte Produkte, sondern unterst\u00fctzen zugleich soziale Projekte und faire Arbeitsbedingungen weltweit.&hellip;<\/p>\n","protected":false},"author":316,"featured_media":2080,"comment_status":"closed","ping_status":"closed","sticky":false,"template":"","format":"standard","meta":{"footnotes":""},"categories":[1],"tags":[],"class_list":["post-2077","post","type-post","status-publish","format-standard","has-post-thumbnail","hentry","category-allgemein","category-1","description-off"],"yoast_head":"<!-- This site is optimized with the Yoast SEO plugin v26.8 - https:\/\/yoast.com\/product\/yoast-seo-wordpress\/ -->\n<title>Warum Weihnachtsgeschenke aus dem Weltladen? - Weltladen Babenhausen<\/title>\n<meta name=\"robots\" content=\"index, follow, max-snippet:-1, max-image-preview:large, max-video-preview:-1\" \/>\n<link rel=\"canonical\" href=\"https:\/\/weltlaeden.de\/babenhausen\/warum-weihnachtsgeschenke-aus-dem-weltladen\/\" \/>\n<meta property=\"og:locale\" content=\"de_DE\" \/>\n<meta property=\"og:type\" content=\"article\" \/>\n<meta property=\"og:title\" content=\"Warum Weihnachtsgeschenke aus dem Weltladen? - Weltladen Babenhausen\" \/>\n<meta property=\"og:description\" content=\"Die Weihnachtszeit steht vor der T\u00fcr \u2013 und mit ihr die Suche nach passenden Geschenken f\u00fcr Familie, Freunde und Kollegen. Wer Wert auf Nachhaltigkeit, Fairness und eine besondere Auswahl legt, sollte den Weltladen als Einkaufsziel in Betracht ziehen. Hier finden Sie nicht nur originelle, handgefertigte Produkte, sondern unterst\u00fctzen zugleich soziale Projekte und faire Arbeitsbedingungen weltweit.&hellip;\" \/>\n<meta property=\"og:url\" content=\"https:\/\/weltlaeden.de\/babenhausen\/warum-weihnachtsgeschenke-aus-dem-weltladen\/\" \/>\n<meta property=\"og:site_name\" content=\"Weltladen Babenhausen\" \/>\n<meta property=\"article:published_time\" content=\"2025-11-14T14:34:34+00:00\" \/>\n<meta property=\"article:modified_time\" content=\"2026-01-13T16:20:03+00:00\" \/>\n<meta property=\"og:image\" content=\"https:\/\/weltlaeden.de\/babenhausen\/wp-content\/uploads\/sites\/107\/2025\/11\/W_Weihn_titel.png\" \/>\n\t<meta property=\"og:image:width\" content=\"787\" \/>\n\t<meta property=\"og:image:height\" content=\"400\" \/>\n\t<meta property=\"og:image:type\" content=\"image\/png\" \/>\n<meta name=\"author\" content=\"gabyreckenbeil\" \/>\n<meta name=\"twitter:card\" content=\"summary_large_image\" \/>\n<meta name=\"twitter:label1\" content=\"Verfasst von\" \/>\n\t<meta name=\"twitter:data1\" content=\"gabyreckenbeil\" \/>\n\t<meta name=\"twitter:label2\" content=\"Gesch\u00e4tzte Lesezeit\" \/>\n\t<meta name=\"twitter:data2\" content=\"1\u00a0Minute\" \/>\n<script type=\"application\/ld+json\" class=\"yoast-schema-graph\">{\"@context\":\"https:\/\/schema.org\",\"@graph\":[{\"@type\":\"Article\",\"@id\":\"https:\/\/weltlaeden.de\/babenhausen\/warum-weihnachtsgeschenke-aus-dem-weltladen\/#article\",\"isPartOf\":{\"@id\":\"https:\/\/weltlaeden.de\/babenhausen\/warum-weihnachtsgeschenke-aus-dem-weltladen\/\"},\"author\":{\"name\":\"gabyreckenbeil\",\"@id\":\"https:\/\/weltlaeden.de\/babenhausen\/#\/schema\/person\/b72ced7c91a830afb088c33790cbdecd\"},\"headline\":\"Warum Weihnachtsgeschenke aus dem Weltladen?\",\"datePublished\":\"2025-11-14T14:34:34+00:00\",\"dateModified\":\"2026-01-13T16:20:03+00:00\",\"mainEntityOfPage\":{\"@id\":\"https:\/\/weltlaeden.de\/babenhausen\/warum-weihnachtsgeschenke-aus-dem-weltladen\/\"},\"wordCount\":274,\"image\":{\"@id\":\"https:\/\/weltlaeden.de\/babenhausen\/warum-weihnachtsgeschenke-aus-dem-weltladen\/#primaryimage\"},\"thumbnailUrl\":\"https:\/\/weltlaeden.de\/babenhausen\/wp-content\/uploads\/sites\/107\/2025\/11\/W_Weihn_titel.png\",\"articleSection\":[\"Keine Kategorie\"],\"inLanguage\":\"de\"},{\"@type\":\"WebPage\",\"@id\":\"https:\/\/weltlaeden.de\/babenhausen\/warum-weihnachtsgeschenke-aus-dem-weltladen\/\",\"url\":\"https:\/\/weltlaeden.de\/babenhausen\/warum-weihnachtsgeschenke-aus-dem-weltladen\/\",\"name\":\"Warum Weihnachtsgeschenke aus dem Weltladen? - Weltladen Babenhausen\",\"isPartOf\":{\"@id\":\"https:\/\/weltlaeden.de\/babenhausen\/#website\"},\"primaryImageOfPage\":{\"@id\":\"https:\/\/weltlaeden.de\/babenhausen\/warum-weihnachtsgeschenke-aus-dem-weltladen\/#primaryimage\"},\"image\":{\"@id\":\"https:\/\/weltlaeden.de\/babenhausen\/warum-weihnachtsgeschenke-aus-dem-weltladen\/#primaryimage\"},\"thumbnailUrl\":\"https:\/\/weltlaeden.de\/babenhausen\/wp-content\/uploads\/sites\/107\/2025\/11\/W_Weihn_titel.png\",\"datePublished\":\"2025-11-14T14:34:34+00:00\",\"dateModified\":\"2026-01-13T16:20:03+00:00\",\"author\":{\"@id\":\"https:\/\/weltlaeden.de\/babenhausen\/#\/schema\/person\/b72ced7c91a830afb088c33790cbdecd\"},\"breadcrumb\":{\"@id\":\"https:\/\/weltlaeden.de\/babenhausen\/warum-weihnachtsgeschenke-aus-dem-weltladen\/#breadcrumb\"},\"inLanguage\":\"de\",\"potentialAction\":[{\"@type\":\"ReadAction\",\"target\":[\"https:\/\/weltlaeden.de\/babenhausen\/warum-weihnachtsgeschenke-aus-dem-weltladen\/\"]}]},{\"@type\":\"ImageObject\",\"inLanguage\":\"de\",\"@id\":\"https:\/\/weltlaeden.de\/babenhausen\/warum-weihnachtsgeschenke-aus-dem-weltladen\/#primaryimage\",\"url\":\"https:\/\/weltlaeden.de\/babenhausen\/wp-content\/uploads\/sites\/107\/2025\/11\/W_Weihn_titel.png\",\"contentUrl\":\"https:\/\/weltlaeden.de\/babenhausen\/wp-content\/uploads\/sites\/107\/2025\/11\/W_Weihn_titel.png\",\"width\":787,\"height\":400},{\"@type\":\"BreadcrumbList\",\"@id\":\"https:\/\/weltlaeden.de\/babenhausen\/warum-weihnachtsgeschenke-aus-dem-weltladen\/#breadcrumb\",\"itemListElement\":[{\"@type\":\"ListItem\",\"position\":1,\"name\":\"Startseite\",\"item\":\"https:\/\/weltlaeden.de\/babenhausen\/\"},{\"@type\":\"ListItem\",\"position\":2,\"name\":\"Warum Weihnachtsgeschenke aus dem Weltladen?\"}]},{\"@type\":\"WebSite\",\"@id\":\"https:\/\/weltlaeden.de\/babenhausen\/#website\",\"url\":\"https:\/\/weltlaeden.de\/babenhausen\/\",\"name\":\"Weltladen Babenhausen\",\"description\":\"Faire Produkte seit 1990\",\"potentialAction\":[{\"@type\":\"SearchAction\",\"target\":{\"@type\":\"EntryPoint\",\"urlTemplate\":\"https:\/\/weltlaeden.de\/babenhausen\/?s={search_term_string}\"},\"query-input\":{\"@type\":\"PropertyValueSpecification\",\"valueRequired\":true,\"valueName\":\"search_term_string\"}}],\"inLanguage\":\"de\"},{\"@type\":\"Person\",\"@id\":\"https:\/\/weltlaeden.de\/babenhausen\/#\/schema\/person\/b72ced7c91a830afb088c33790cbdecd\",\"name\":\"gabyreckenbeil\",\"image\":{\"@type\":\"ImageObject\",\"inLanguage\":\"de\",\"@id\":\"https:\/\/weltlaeden.de\/babenhausen\/#\/schema\/person\/image\/\",\"url\":\"https:\/\/secure.gravatar.com\/avatar\/531e30531929d36e934b5796a63487e7?s=96&d=mm&r=g\",\"contentUrl\":\"https:\/\/secure.gravatar.com\/avatar\/531e30531929d36e934b5796a63487e7?s=96&d=mm&r=g\",\"caption\":\"gabyreckenbeil\"},\"url\":\"https:\/\/weltlaeden.de\/babenhausen\/author\/gabyreckenbeil\/\"}]}<\/script>\n<!-- \/ Yoast SEO plugin. -->","yoast_head_json":{"title":"Warum Weihnachtsgeschenke aus dem Weltladen? - Weltladen Babenhausen","robots":{"index":"index","follow":"follow","max-snippet":"max-snippet:-1","max-image-preview":"max-image-preview:large","max-video-preview":"max-video-preview:-1"},"canonical":"https:\/\/weltlaeden.de\/babenhausen\/warum-weihnachtsgeschenke-aus-dem-weltladen\/","og_locale":"de_DE","og_type":"article","og_title":"Warum Weihnachtsgeschenke aus dem Weltladen? - Weltladen Babenhausen","og_description":"Die Weihnachtszeit steht vor der T\u00fcr \u2013 und mit ihr die Suche nach passenden Geschenken f\u00fcr Familie, Freunde und Kollegen. Wer Wert auf Nachhaltigkeit, Fairness und eine besondere Auswahl legt, sollte den Weltladen als Einkaufsziel in Betracht ziehen. Hier finden Sie nicht nur originelle, handgefertigte Produkte, sondern unterst\u00fctzen zugleich soziale Projekte und faire Arbeitsbedingungen weltweit.&hellip;","og_url":"https:\/\/weltlaeden.de\/babenhausen\/warum-weihnachtsgeschenke-aus-dem-weltladen\/","og_site_name":"Weltladen Babenhausen","article_published_time":"2025-11-14T14:34:34+00:00","article_modified_time":"2026-01-13T16:20:03+00:00","og_image":[{"width":787,"height":400,"url":"https:\/\/weltlaeden.de\/babenhausen\/wp-content\/uploads\/sites\/107\/2025\/11\/W_Weihn_titel.png","type":"image\/png"}],"author":"gabyreckenbeil","twitter_card":"summary_large_image","twitter_misc":{"Verfasst von":"gabyreckenbeil","Gesch\u00e4tzte Lesezeit":"1\u00a0Minute"},"schema":{"@context":"https:\/\/schema.org","@graph":[{"@type":"Article","@id":"https:\/\/weltlaeden.de\/babenhausen\/warum-weihnachtsgeschenke-aus-dem-weltladen\/#article","isPartOf":{"@id":"https:\/\/weltlaeden.de\/babenhausen\/warum-weihnachtsgeschenke-aus-dem-weltladen\/"},"author":{"name":"gabyreckenbeil","@id":"https:\/\/weltlaeden.de\/babenhausen\/#\/schema\/person\/b72ced7c91a830afb088c33790cbdecd"},"headline":"Warum Weihnachtsgeschenke aus dem Weltladen?","datePublished":"2025-11-14T14:34:34+00:00","dateModified":"2026-01-13T16:20:03+00:00","mainEntityOfPage":{"@id":"https:\/\/weltlaeden.de\/babenhausen\/warum-weihnachtsgeschenke-aus-dem-weltladen\/"},"wordCount":274,"image":{"@id":"https:\/\/weltlaeden.de\/babenhausen\/warum-weihnachtsgeschenke-aus-dem-weltladen\/#primaryimage"},"thumbnailUrl":"https:\/\/weltlaeden.de\/babenhausen\/wp-content\/uploads\/sites\/107\/2025\/11\/W_Weihn_titel.png","articleSection":["Keine Kategorie"],"inLanguage":"de"},{"@type":"WebPage","@id":"https:\/\/weltlaeden.de\/babenhausen\/warum-weihnachtsgeschenke-aus-dem-weltladen\/","url":"https:\/\/weltlaeden.de\/babenhausen\/warum-weihnachtsgeschenke-aus-dem-weltladen\/","name":"Warum Weihnachtsgeschenke aus dem Weltladen? - Weltladen Babenhausen","isPartOf":{"@id":"https:\/\/weltlaeden.de\/babenhausen\/#website"},"primaryImageOfPage":{"@id":"https:\/\/weltlaeden.de\/babenhausen\/warum-weihnachtsgeschenke-aus-dem-weltladen\/#primaryimage"},"image":{"@id":"https:\/\/weltlaeden.de\/babenhausen\/warum-weihnachtsgeschenke-aus-dem-weltladen\/#primaryimage"},"thumbnailUrl":"https:\/\/weltlaeden.de\/babenhausen\/wp-content\/uploads\/sites\/107\/2025\/11\/W_Weihn_titel.png","datePublished":"2025-11-14T14:34:34+00:00","dateModified":"2026-01-13T16:20:03+00:00","author":{"@id":"https:\/\/weltlaeden.de\/babenhausen\/#\/schema\/person\/b72ced7c91a830afb088c33790cbdecd"},"breadcrumb":{"@id":"https:\/\/weltlaeden.de\/babenhausen\/warum-weihnachtsgeschenke-aus-dem-weltladen\/#breadcrumb"},"inLanguage":"de","potentialAction":[{"@type":"ReadAction","target":["https:\/\/weltlaeden.de\/babenhausen\/warum-weihnachtsgeschenke-aus-dem-weltladen\/"]}]},{"@type":"ImageObject","inLanguage":"de","@id":"https:\/\/weltlaeden.de\/babenhausen\/warum-weihnachtsgeschenke-aus-dem-weltladen\/#primaryimage","url":"https:\/\/weltlaeden.de\/babenhausen\/wp-content\/uploads\/sites\/107\/2025\/11\/W_Weihn_titel.png","contentUrl":"https:\/\/weltlaeden.de\/babenhausen\/wp-content\/uploads\/sites\/107\/2025\/11\/W_Weihn_titel.png","width":787,"height":400},{"@type":"BreadcrumbList","@id":"https:\/\/weltlaeden.de\/babenhausen\/warum-weihnachtsgeschenke-aus-dem-weltladen\/#breadcrumb","itemListElement":[{"@type":"ListItem","position":1,"name":"Startseite","item":"https:\/\/weltlaeden.de\/babenhausen\/"},{"@type":"ListItem","position":2,"name":"Warum Weihnachtsgeschenke aus dem Weltladen?"}]},{"@type":"WebSite","@id":"https:\/\/weltlaeden.de\/babenhausen\/#website","url":"https:\/\/weltlaeden.de\/babenhausen\/","name":"Weltladen Babenhausen","description":"Faire Produkte seit 1990","potentialAction":[{"@type":"SearchAction","target":{"@type":"EntryPoint","urlTemplate":"https:\/\/weltlaeden.de\/babenhausen\/?s={search_term_string}"},"query-input":{"@type":"PropertyValueSpecification","valueRequired":true,"valueName":"search_term_string"}}],"inLanguage":"de"},{"@type":"Person","@id":"https:\/\/weltlaeden.de\/babenhausen\/#\/schema\/person\/b72ced7c91a830afb088c33790cbdecd","name":"gabyreckenbeil","image":{"@type":"ImageObject","inLanguage":"de","@id":"https:\/\/weltlaeden.de\/babenhausen\/#\/schema\/person\/image\/","url":"https:\/\/secure.gravatar.com\/avatar\/531e30531929d36e934b5796a63487e7?s=96&d=mm&r=g","contentUrl":"https:\/\/secure.gravatar.com\/avatar\/531e30531929d36e934b5796a63487e7?s=96&d=mm&r=g","caption":"gabyreckenbeil"},"url":"https:\/\/weltlaeden.de\/babenhausen\/author\/gabyreckenbeil\/"}]}},"_links":{"self":[{"href":"https:\/\/weltlaeden.de\/babenhausen\/wp-json\/wp\/v2\/posts\/2077","targetHints":{"allow":["GET"]}}],"collection":[{"href":"https:\/\/weltlaeden.de\/babenhausen\/wp-json\/wp\/v2\/posts"}],"about":[{"href":"https:\/\/weltlaeden.de\/babenhausen\/wp-json\/wp\/v2\/types\/post"}],"author":[{"embeddable":true,"href":"https:\/\/weltlaeden.de\/babenhausen\/wp-json\/wp\/v2\/users\/316"}],"replies":[{"embeddable":true,"href":"https:\/\/weltlaeden.de\/babenhausen\/wp-json\/wp\/v2\/comments?post=2077"}],"version-history":[{"count":5,"href":"https:\/\/weltlaeden.de\/babenhausen\/wp-json\/wp\/v2\/posts\/2077\/revisions"}],"predecessor-version":[{"id":2097,"href":"https:\/\/weltlaeden.de\/babenhausen\/wp-json\/wp\/v2\/posts\/2077\/revisions\/2097"}],"wp:featuredmedia":[{"embeddable":true,"href":"https:\/\/weltlaeden.de\/babenhausen\/wp-json\/wp\/v2\/media\/2080"}],"wp:attachment":[{"href":"https:\/\/weltlaeden.de\/babenhausen\/wp-json\/wp\/v2\/media?parent=2077"}],"wp:term":[{"taxonomy":"category","embeddable":true,"href":"https:\/\/weltlaeden.de\/babenhausen\/wp-json\/wp\/v2\/categories?post=2077"},{"taxonomy":"post_tag","embeddable":true,"href":"https:\/\/weltlaeden.de\/babenhausen\/wp-json\/wp\/v2\/tags?post=2077"}],"curies":[{"name":"wp","href":"https:\/\/api.w.org\/{rel}","templated":true}]}}