{"id":2037,"date":"2025-08-11T20:26:22","date_gmt":"2025-08-11T18:26:22","guid":{"rendered":"https:\/\/weltlaeden.de\/babenhausen\/?p=2037"},"modified":"2025-09-05T10:51:31","modified_gmt":"2025-09-05T08:51:31","slug":"malwettbewerb-beim-altstadtfest-und-beim-fruehstueck-uff-de-gass","status":"publish","type":"post","link":"https:\/\/weltlaeden.de\/babenhausen\/malwettbewerb-beim-altstadtfest-und-beim-fruehstueck-uff-de-gass\/","title":{"rendered":"Malaktion beim Altstadtfest und beim \u201eFr\u00fchst\u00fcck uff de Gass\u201c"},"content":{"rendered":"<p>Beim diesj\u00e4hrigen <strong>Altstadtfest (13. und 14. September) <\/strong>und unserem traditionellen <strong>\u201eFr\u00fchst\u00fcck uff de Gass\u201c (20. September)<\/strong>, veranstalten wir eine Malaktion unter dem Motto: <strong><em>Gestalte deine Schokolade<\/em><\/strong>.<\/p>\n<p>Kinder und alle kreativen Menschen sind herzlich eingeladen, eine Schokoladenverpackung nach ihren Vorstellungen zu gestalten. Einfach mitmachen und Spa\u00df haben!<\/p>\n<p>Dar\u00fcber hinaus gibt es beim Altstadtfest wieder Leckeres zum Verkosten. Wir nachen mit ihnen eine Reise durch die Welt der Mango-Kreationen. Die vielseitige Frucht gibt es z.B. als Konfit\u00fcre, Chutney, getrocknet oder als Fruchtgummi. Es erwarten sie au\u00dferdem viele sch\u00f6ne Waren, Schmuck, Kunsthandwerk und Taschen, die wir in dieser Saison neu f\u00fcr Sie eingekauft haben.<\/p>\n<p>Beim \u201eFr\u00fchst\u00fcck uff de Gass\u201c laden wir zu einem leckeren Fr\u00fchst\u00fcck mit K\u00f6stlichkeiten aus unserem Laden ein &#8211; zum Genie\u00dfen, zu netten Gespr\u00e4chen und zum Kennenlernen von netten Menschen! Es findet im Rahmen der \u201eFairen Woche\u201c statt, dieses Jahr unter dem Motto <strong>\u201eFair handeln \u2013 Vielfalt erleben\u201c.<\/strong><br \/>\nDie Teilnahme ist kostenfrei, um eine kleine Spende wird gebeten!<\/p>\n<p><strong>Unsere \u00d6ffnungszeiten:<\/strong><br \/>\nAltstadtfest (ab beiden Tagen): 12.00 &#8211; 18.00 Uhr<br \/>\nFr\u00fchst\u00fcck uff de Gass: 9.30 &#8211; 12.30 Uhr<\/p>\n<p>Also reinschauen lohnt sich!<br \/>\nDas ehrenamtliche Weltladenteam freut sich auf Ihren Besuch!<\/p>\n","protected":false},"excerpt":{"rendered":"<p>Beim diesj\u00e4hrigen Altstadtfest (13. und 14. September) und unserem traditionellen \u201eFr\u00fchst\u00fcck uff de Gass\u201c (20. September), veranstalten wir eine Malaktion unter dem Motto: Gestalte deine Schokolade. Kinder und alle kreativen Menschen sind herzlich eingeladen, eine Schokoladenverpackung nach ihren Vorstellungen zu gestalten. Einfach mitmachen und Spa\u00df haben! Dar\u00fcber hinaus gibt es beim Altstadtfest wieder Leckeres zum&hellip;<\/p>\n","protected":false},"author":316,"featured_media":2053,"comment_status":"closed","ping_status":"closed","sticky":false,"template":"","format":"standard","meta":{"footnotes":""},"categories":[1],"tags":[],"class_list":["post-2037","post","type-post","status-publish","format-standard","has-post-thumbnail","hentry","category-allgemein","category-1","description-off"],"yoast_head":"<!-- This site is optimized with the Yoast SEO plugin v26.8 - https:\/\/yoast.com\/product\/yoast-seo-wordpress\/ -->\n<title>Malaktion beim Altstadtfest und beim \u201eFr\u00fchst\u00fcck uff de Gass\u201c - Weltladen Babenhausen<\/title>\n<meta name=\"robots\" content=\"index, follow, max-snippet:-1, max-image-preview:large, max-video-preview:-1\" \/>\n<link rel=\"canonical\" href=\"https:\/\/weltlaeden.de\/babenhausen\/malwettbewerb-beim-altstadtfest-und-beim-fruehstueck-uff-de-gass\/\" \/>\n<meta property=\"og:locale\" content=\"de_DE\" \/>\n<meta property=\"og:type\" content=\"article\" \/>\n<meta property=\"og:title\" content=\"Malaktion beim Altstadtfest und beim \u201eFr\u00fchst\u00fcck uff de Gass\u201c - Weltladen Babenhausen\" \/>\n<meta property=\"og:description\" content=\"Beim diesj\u00e4hrigen Altstadtfest (13. und 14. September) und unserem traditionellen \u201eFr\u00fchst\u00fcck uff de Gass\u201c (20. September), veranstalten wir eine Malaktion unter dem Motto: Gestalte deine Schokolade. Kinder und alle kreativen Menschen sind herzlich eingeladen, eine Schokoladenverpackung nach ihren Vorstellungen zu gestalten. Einfach mitmachen und Spa\u00df haben! Dar\u00fcber hinaus gibt es beim Altstadtfest wieder Leckeres zum&hellip;\" \/>\n<meta property=\"og:url\" content=\"https:\/\/weltlaeden.de\/babenhausen\/malwettbewerb-beim-altstadtfest-und-beim-fruehstueck-uff-de-gass\/\" \/>\n<meta property=\"og:site_name\" content=\"Weltladen Babenhausen\" \/>\n<meta property=\"article:published_time\" content=\"2025-08-11T18:26:22+00:00\" \/>\n<meta property=\"article:modified_time\" content=\"2025-09-05T08:51:31+00:00\" \/>\n<meta property=\"og:image\" content=\"https:\/\/weltlaeden.de\/babenhausen\/wp-content\/uploads\/sites\/107\/2025\/08\/W_Malaktion3.png\" \/>\n\t<meta property=\"og:image:width\" content=\"787\" \/>\n\t<meta property=\"og:image:height\" content=\"400\" \/>\n\t<meta property=\"og:image:type\" content=\"image\/png\" \/>\n<meta name=\"author\" content=\"gabyreckenbeil\" \/>\n<meta name=\"twitter:card\" content=\"summary_large_image\" \/>\n<meta name=\"twitter:label1\" content=\"Verfasst von\" \/>\n\t<meta name=\"twitter:data1\" content=\"gabyreckenbeil\" \/>\n\t<meta name=\"twitter:label2\" content=\"Gesch\u00e4tzte Lesezeit\" \/>\n\t<meta name=\"twitter:data2\" content=\"1\u00a0Minute\" \/>\n<script type=\"application\/ld+json\" class=\"yoast-schema-graph\">{\"@context\":\"https:\/\/schema.org\",\"@graph\":[{\"@type\":\"Article\",\"@id\":\"https:\/\/weltlaeden.de\/babenhausen\/malwettbewerb-beim-altstadtfest-und-beim-fruehstueck-uff-de-gass\/#article\",\"isPartOf\":{\"@id\":\"https:\/\/weltlaeden.de\/babenhausen\/malwettbewerb-beim-altstadtfest-und-beim-fruehstueck-uff-de-gass\/\"},\"author\":{\"name\":\"gabyreckenbeil\",\"@id\":\"https:\/\/weltlaeden.de\/babenhausen\/#\/schema\/person\/b72ced7c91a830afb088c33790cbdecd\"},\"headline\":\"Malaktion beim Altstadtfest und beim \u201eFr\u00fchst\u00fcck uff de Gass\u201c\",\"datePublished\":\"2025-08-11T18:26:22+00:00\",\"dateModified\":\"2025-09-05T08:51:31+00:00\",\"mainEntityOfPage\":{\"@id\":\"https:\/\/weltlaeden.de\/babenhausen\/malwettbewerb-beim-altstadtfest-und-beim-fruehstueck-uff-de-gass\/\"},\"wordCount\":209,\"image\":{\"@id\":\"https:\/\/weltlaeden.de\/babenhausen\/malwettbewerb-beim-altstadtfest-und-beim-fruehstueck-uff-de-gass\/#primaryimage\"},\"thumbnailUrl\":\"https:\/\/weltlaeden.de\/babenhausen\/wp-content\/uploads\/sites\/107\/2025\/08\/W_Malaktion3.png\",\"articleSection\":[\"Keine Kategorie\"],\"inLanguage\":\"de\"},{\"@type\":\"WebPage\",\"@id\":\"https:\/\/weltlaeden.de\/babenhausen\/malwettbewerb-beim-altstadtfest-und-beim-fruehstueck-uff-de-gass\/\",\"url\":\"https:\/\/weltlaeden.de\/babenhausen\/malwettbewerb-beim-altstadtfest-und-beim-fruehstueck-uff-de-gass\/\",\"name\":\"Malaktion beim Altstadtfest und beim \u201eFr\u00fchst\u00fcck uff de Gass\u201c - Weltladen Babenhausen\",\"isPartOf\":{\"@id\":\"https:\/\/weltlaeden.de\/babenhausen\/#website\"},\"primaryImageOfPage\":{\"@id\":\"https:\/\/weltlaeden.de\/babenhausen\/malwettbewerb-beim-altstadtfest-und-beim-fruehstueck-uff-de-gass\/#primaryimage\"},\"image\":{\"@id\":\"https:\/\/weltlaeden.de\/babenhausen\/malwettbewerb-beim-altstadtfest-und-beim-fruehstueck-uff-de-gass\/#primaryimage\"},\"thumbnailUrl\":\"https:\/\/weltlaeden.de\/babenhausen\/wp-content\/uploads\/sites\/107\/2025\/08\/W_Malaktion3.png\",\"datePublished\":\"2025-08-11T18:26:22+00:00\",\"dateModified\":\"2025-09-05T08:51:31+00:00\",\"author\":{\"@id\":\"https:\/\/weltlaeden.de\/babenhausen\/#\/schema\/person\/b72ced7c91a830afb088c33790cbdecd\"},\"breadcrumb\":{\"@id\":\"https:\/\/weltlaeden.de\/babenhausen\/malwettbewerb-beim-altstadtfest-und-beim-fruehstueck-uff-de-gass\/#breadcrumb\"},\"inLanguage\":\"de\",\"potentialAction\":[{\"@type\":\"ReadAction\",\"target\":[\"https:\/\/weltlaeden.de\/babenhausen\/malwettbewerb-beim-altstadtfest-und-beim-fruehstueck-uff-de-gass\/\"]}]},{\"@type\":\"ImageObject\",\"inLanguage\":\"de\",\"@id\":\"https:\/\/weltlaeden.de\/babenhausen\/malwettbewerb-beim-altstadtfest-und-beim-fruehstueck-uff-de-gass\/#primaryimage\",\"url\":\"https:\/\/weltlaeden.de\/babenhausen\/wp-content\/uploads\/sites\/107\/2025\/08\/W_Malaktion3.png\",\"contentUrl\":\"https:\/\/weltlaeden.de\/babenhausen\/wp-content\/uploads\/sites\/107\/2025\/08\/W_Malaktion3.png\",\"width\":787,\"height\":400},{\"@type\":\"BreadcrumbList\",\"@id\":\"https:\/\/weltlaeden.de\/babenhausen\/malwettbewerb-beim-altstadtfest-und-beim-fruehstueck-uff-de-gass\/#breadcrumb\",\"itemListElement\":[{\"@type\":\"ListItem\",\"position\":1,\"name\":\"Startseite\",\"item\":\"https:\/\/weltlaeden.de\/babenhausen\/\"},{\"@type\":\"ListItem\",\"position\":2,\"name\":\"Malaktion beim Altstadtfest und beim \u201eFr\u00fchst\u00fcck uff de Gass\u201c\"}]},{\"@type\":\"WebSite\",\"@id\":\"https:\/\/weltlaeden.de\/babenhausen\/#website\",\"url\":\"https:\/\/weltlaeden.de\/babenhausen\/\",\"name\":\"Weltladen Babenhausen\",\"description\":\"Faire Produkte seit 1990\",\"potentialAction\":[{\"@type\":\"SearchAction\",\"target\":{\"@type\":\"EntryPoint\",\"urlTemplate\":\"https:\/\/weltlaeden.de\/babenhausen\/?s={search_term_string}\"},\"query-input\":{\"@type\":\"PropertyValueSpecification\",\"valueRequired\":true,\"valueName\":\"search_term_string\"}}],\"inLanguage\":\"de\"},{\"@type\":\"Person\",\"@id\":\"https:\/\/weltlaeden.de\/babenhausen\/#\/schema\/person\/b72ced7c91a830afb088c33790cbdecd\",\"name\":\"gabyreckenbeil\",\"image\":{\"@type\":\"ImageObject\",\"inLanguage\":\"de\",\"@id\":\"https:\/\/weltlaeden.de\/babenhausen\/#\/schema\/person\/image\/\",\"url\":\"https:\/\/secure.gravatar.com\/avatar\/531e30531929d36e934b5796a63487e7?s=96&d=mm&r=g\",\"contentUrl\":\"https:\/\/secure.gravatar.com\/avatar\/531e30531929d36e934b5796a63487e7?s=96&d=mm&r=g\",\"caption\":\"gabyreckenbeil\"},\"url\":\"https:\/\/weltlaeden.de\/babenhausen\/author\/gabyreckenbeil\/\"}]}<\/script>\n<!-- \/ Yoast SEO plugin. -->","yoast_head_json":{"title":"Malaktion beim Altstadtfest und beim \u201eFr\u00fchst\u00fcck uff de Gass\u201c - Weltladen Babenhausen","robots":{"index":"index","follow":"follow","max-snippet":"max-snippet:-1","max-image-preview":"max-image-preview:large","max-video-preview":"max-video-preview:-1"},"canonical":"https:\/\/weltlaeden.de\/babenhausen\/malwettbewerb-beim-altstadtfest-und-beim-fruehstueck-uff-de-gass\/","og_locale":"de_DE","og_type":"article","og_title":"Malaktion beim Altstadtfest und beim \u201eFr\u00fchst\u00fcck uff de Gass\u201c - Weltladen Babenhausen","og_description":"Beim diesj\u00e4hrigen Altstadtfest (13. und 14. September) und unserem traditionellen \u201eFr\u00fchst\u00fcck uff de Gass\u201c (20. September), veranstalten wir eine Malaktion unter dem Motto: Gestalte deine Schokolade. Kinder und alle kreativen Menschen sind herzlich eingeladen, eine Schokoladenverpackung nach ihren Vorstellungen zu gestalten. Einfach mitmachen und Spa\u00df haben! Dar\u00fcber hinaus gibt es beim Altstadtfest wieder Leckeres zum&hellip;","og_url":"https:\/\/weltlaeden.de\/babenhausen\/malwettbewerb-beim-altstadtfest-und-beim-fruehstueck-uff-de-gass\/","og_site_name":"Weltladen Babenhausen","article_published_time":"2025-08-11T18:26:22+00:00","article_modified_time":"2025-09-05T08:51:31+00:00","og_image":[{"width":787,"height":400,"url":"https:\/\/weltlaeden.de\/babenhausen\/wp-content\/uploads\/sites\/107\/2025\/08\/W_Malaktion3.png","type":"image\/png"}],"author":"gabyreckenbeil","twitter_card":"summary_large_image","twitter_misc":{"Verfasst von":"gabyreckenbeil","Gesch\u00e4tzte Lesezeit":"1\u00a0Minute"},"schema":{"@context":"https:\/\/schema.org","@graph":[{"@type":"Article","@id":"https:\/\/weltlaeden.de\/babenhausen\/malwettbewerb-beim-altstadtfest-und-beim-fruehstueck-uff-de-gass\/#article","isPartOf":{"@id":"https:\/\/weltlaeden.de\/babenhausen\/malwettbewerb-beim-altstadtfest-und-beim-fruehstueck-uff-de-gass\/"},"author":{"name":"gabyreckenbeil","@id":"https:\/\/weltlaeden.de\/babenhausen\/#\/schema\/person\/b72ced7c91a830afb088c33790cbdecd"},"headline":"Malaktion beim Altstadtfest und beim \u201eFr\u00fchst\u00fcck uff de Gass\u201c","datePublished":"2025-08-11T18:26:22+00:00","dateModified":"2025-09-05T08:51:31+00:00","mainEntityOfPage":{"@id":"https:\/\/weltlaeden.de\/babenhausen\/malwettbewerb-beim-altstadtfest-und-beim-fruehstueck-uff-de-gass\/"},"wordCount":209,"image":{"@id":"https:\/\/weltlaeden.de\/babenhausen\/malwettbewerb-beim-altstadtfest-und-beim-fruehstueck-uff-de-gass\/#primaryimage"},"thumbnailUrl":"https:\/\/weltlaeden.de\/babenhausen\/wp-content\/uploads\/sites\/107\/2025\/08\/W_Malaktion3.png","articleSection":["Keine Kategorie"],"inLanguage":"de"},{"@type":"WebPage","@id":"https:\/\/weltlaeden.de\/babenhausen\/malwettbewerb-beim-altstadtfest-und-beim-fruehstueck-uff-de-gass\/","url":"https:\/\/weltlaeden.de\/babenhausen\/malwettbewerb-beim-altstadtfest-und-beim-fruehstueck-uff-de-gass\/","name":"Malaktion beim Altstadtfest und beim \u201eFr\u00fchst\u00fcck uff de Gass\u201c - Weltladen Babenhausen","isPartOf":{"@id":"https:\/\/weltlaeden.de\/babenhausen\/#website"},"primaryImageOfPage":{"@id":"https:\/\/weltlaeden.de\/babenhausen\/malwettbewerb-beim-altstadtfest-und-beim-fruehstueck-uff-de-gass\/#primaryimage"},"image":{"@id":"https:\/\/weltlaeden.de\/babenhausen\/malwettbewerb-beim-altstadtfest-und-beim-fruehstueck-uff-de-gass\/#primaryimage"},"thumbnailUrl":"https:\/\/weltlaeden.de\/babenhausen\/wp-content\/uploads\/sites\/107\/2025\/08\/W_Malaktion3.png","datePublished":"2025-08-11T18:26:22+00:00","dateModified":"2025-09-05T08:51:31+00:00","author":{"@id":"https:\/\/weltlaeden.de\/babenhausen\/#\/schema\/person\/b72ced7c91a830afb088c33790cbdecd"},"breadcrumb":{"@id":"https:\/\/weltlaeden.de\/babenhausen\/malwettbewerb-beim-altstadtfest-und-beim-fruehstueck-uff-de-gass\/#breadcrumb"},"inLanguage":"de","potentialAction":[{"@type":"ReadAction","target":["https:\/\/weltlaeden.de\/babenhausen\/malwettbewerb-beim-altstadtfest-und-beim-fruehstueck-uff-de-gass\/"]}]},{"@type":"ImageObject","inLanguage":"de","@id":"https:\/\/weltlaeden.de\/babenhausen\/malwettbewerb-beim-altstadtfest-und-beim-fruehstueck-uff-de-gass\/#primaryimage","url":"https:\/\/weltlaeden.de\/babenhausen\/wp-content\/uploads\/sites\/107\/2025\/08\/W_Malaktion3.png","contentUrl":"https:\/\/weltlaeden.de\/babenhausen\/wp-content\/uploads\/sites\/107\/2025\/08\/W_Malaktion3.png","width":787,"height":400},{"@type":"BreadcrumbList","@id":"https:\/\/weltlaeden.de\/babenhausen\/malwettbewerb-beim-altstadtfest-und-beim-fruehstueck-uff-de-gass\/#breadcrumb","itemListElement":[{"@type":"ListItem","position":1,"name":"Startseite","item":"https:\/\/weltlaeden.de\/babenhausen\/"},{"@type":"ListItem","position":2,"name":"Malaktion beim Altstadtfest und beim \u201eFr\u00fchst\u00fcck uff de Gass\u201c"}]},{"@type":"WebSite","@id":"https:\/\/weltlaeden.de\/babenhausen\/#website","url":"https:\/\/weltlaeden.de\/babenhausen\/","name":"Weltladen Babenhausen","description":"Faire Produkte seit 1990","potentialAction":[{"@type":"SearchAction","target":{"@type":"EntryPoint","urlTemplate":"https:\/\/weltlaeden.de\/babenhausen\/?s={search_term_string}"},"query-input":{"@type":"PropertyValueSpecification","valueRequired":true,"valueName":"search_term_string"}}],"inLanguage":"de"},{"@type":"Person","@id":"https:\/\/weltlaeden.de\/babenhausen\/#\/schema\/person\/b72ced7c91a830afb088c33790cbdecd","name":"gabyreckenbeil","image":{"@type":"ImageObject","inLanguage":"de","@id":"https:\/\/weltlaeden.de\/babenhausen\/#\/schema\/person\/image\/","url":"https:\/\/secure.gravatar.com\/avatar\/531e30531929d36e934b5796a63487e7?s=96&d=mm&r=g","contentUrl":"https:\/\/secure.gravatar.com\/avatar\/531e30531929d36e934b5796a63487e7?s=96&d=mm&r=g","caption":"gabyreckenbeil"},"url":"https:\/\/weltlaeden.de\/babenhausen\/author\/gabyreckenbeil\/"}]}},"_links":{"self":[{"href":"https:\/\/weltlaeden.de\/babenhausen\/wp-json\/wp\/v2\/posts\/2037","targetHints":{"allow":["GET"]}}],"collection":[{"href":"https:\/\/weltlaeden.de\/babenhausen\/wp-json\/wp\/v2\/posts"}],"about":[{"href":"https:\/\/weltlaeden.de\/babenhausen\/wp-json\/wp\/v2\/types\/post"}],"author":[{"embeddable":true,"href":"https:\/\/weltlaeden.de\/babenhausen\/wp-json\/wp\/v2\/users\/316"}],"replies":[{"embeddable":true,"href":"https:\/\/weltlaeden.de\/babenhausen\/wp-json\/wp\/v2\/comments?post=2037"}],"version-history":[{"count":7,"href":"https:\/\/weltlaeden.de\/babenhausen\/wp-json\/wp\/v2\/posts\/2037\/revisions"}],"predecessor-version":[{"id":2058,"href":"https:\/\/weltlaeden.de\/babenhausen\/wp-json\/wp\/v2\/posts\/2037\/revisions\/2058"}],"wp:featuredmedia":[{"embeddable":true,"href":"https:\/\/weltlaeden.de\/babenhausen\/wp-json\/wp\/v2\/media\/2053"}],"wp:attachment":[{"href":"https:\/\/weltlaeden.de\/babenhausen\/wp-json\/wp\/v2\/media?parent=2037"}],"wp:term":[{"taxonomy":"category","embeddable":true,"href":"https:\/\/weltlaeden.de\/babenhausen\/wp-json\/wp\/v2\/categories?post=2037"},{"taxonomy":"post_tag","embeddable":true,"href":"https:\/\/weltlaeden.de\/babenhausen\/wp-json\/wp\/v2\/tags?post=2037"}],"curies":[{"name":"wp","href":"https:\/\/api.w.org\/{rel}","templated":true}]}}