{"id":1944,"date":"2025-05-02T17:50:50","date_gmt":"2025-05-02T15:50:50","guid":{"rendered":"https:\/\/weltlaeden.de\/babenhausen\/?p=1944"},"modified":"2025-05-02T20:37:48","modified_gmt":"2025-05-02T18:37:48","slug":"30-04-25-besuch-bei-der-ev-frauenhilfe-in-babenhausen","status":"publish","type":"post","link":"https:\/\/weltlaeden.de\/babenhausen\/30-04-25-besuch-bei-der-ev-frauenhilfe-in-babenhausen\/","title":{"rendered":"Besuch bei der ev. Frauenhilfe in Babenhausen"},"content":{"rendered":"<p>Zwei Mitarbeiterinnen des Weltladens waren am Mittwoch, 30. April 2025\u00a0 zum Treffen der ev. Frauenhilfe im Erasmus-Alberus-Haus in Babenhausen eingeladen.<br \/>\nDie Teilnehmerinnen hatten Interesse an der Arbeit des Weltladens und wollten nun N\u00e4heres \u00fcber die Geschichte des Weltladens in Babenhausen, \u00fcber den Fairen Handel und die Produkte, die im Laden verkauft werden, erfahren.<br \/>\nDie Mitarbeiterinnen hatten einige Produkte aus dem Laden zum Anschauen, Erkl\u00e4ren und zum Verkauf mitgebracht. Die Teilnehmerinnen hatten viele Fragen und dann auch viel Spa\u00df beim Einkaufen.<br \/>\nEs war f\u00fcr alle ein sehr interessanter, kurzweiliger und informativer Nachmittag.<\/p>\n<p>&nbsp;<\/p>\n<p>&nbsp;<\/p>\n","protected":false},"excerpt":{"rendered":"<p>Zwei Mitarbeiterinnen des Weltladens waren am Mittwoch, 30. April 2025\u00a0 zum Treffen der ev. Frauenhilfe im Erasmus-Alberus-Haus in Babenhausen eingeladen. Die Teilnehmerinnen hatten Interesse an der Arbeit des Weltladens und wollten nun N\u00e4heres \u00fcber die Geschichte des Weltladens in Babenhausen, \u00fcber den Fairen Handel und die Produkte, die im Laden verkauft werden, erfahren. Die Mitarbeiterinnen&hellip;<\/p>\n","protected":false},"author":308,"featured_media":1945,"comment_status":"closed","ping_status":"closed","sticky":false,"template":"","format":"standard","meta":{"footnotes":""},"categories":[8,12],"tags":[],"class_list":["post-1944","post","type-post","status-publish","format-standard","has-post-thumbnail","hentry","category-neues","category-verein","category-8","category-12","description-off"],"yoast_head":"<!-- This site is optimized with the Yoast SEO plugin v26.8 - https:\/\/yoast.com\/product\/yoast-seo-wordpress\/ -->\n<title>Besuch bei der ev. Frauenhilfe in Babenhausen - Weltladen Babenhausen<\/title>\n<meta name=\"robots\" content=\"index, follow, max-snippet:-1, max-image-preview:large, max-video-preview:-1\" \/>\n<link rel=\"canonical\" href=\"https:\/\/weltlaeden.de\/babenhausen\/30-04-25-besuch-bei-der-ev-frauenhilfe-in-babenhausen\/\" \/>\n<meta property=\"og:locale\" content=\"de_DE\" \/>\n<meta property=\"og:type\" content=\"article\" \/>\n<meta property=\"og:title\" content=\"Besuch bei der ev. Frauenhilfe in Babenhausen - Weltladen Babenhausen\" \/>\n<meta property=\"og:description\" content=\"Zwei Mitarbeiterinnen des Weltladens waren am Mittwoch, 30. April 2025\u00a0 zum Treffen der ev. Frauenhilfe im Erasmus-Alberus-Haus in Babenhausen eingeladen. Die Teilnehmerinnen hatten Interesse an der Arbeit des Weltladens und wollten nun N\u00e4heres \u00fcber die Geschichte des Weltladens in Babenhausen, \u00fcber den Fairen Handel und die Produkte, die im Laden verkauft werden, erfahren. Die Mitarbeiterinnen&hellip;\" \/>\n<meta property=\"og:url\" content=\"https:\/\/weltlaeden.de\/babenhausen\/30-04-25-besuch-bei-der-ev-frauenhilfe-in-babenhausen\/\" \/>\n<meta property=\"og:site_name\" content=\"Weltladen Babenhausen\" \/>\n<meta property=\"article:published_time\" content=\"2025-05-02T15:50:50+00:00\" \/>\n<meta property=\"article:modified_time\" content=\"2025-05-02T18:37:48+00:00\" \/>\n<meta property=\"og:image\" content=\"https:\/\/weltlaeden.de\/babenhausen\/wp-content\/uploads\/sites\/107\/2025\/05\/20250430_1610353-scaled.jpg\" \/>\n\t<meta property=\"og:image:width\" content=\"2560\" \/>\n\t<meta property=\"og:image:height\" content=\"2076\" \/>\n\t<meta property=\"og:image:type\" content=\"image\/jpeg\" \/>\n<meta name=\"author\" content=\"kerberhock\" \/>\n<meta name=\"twitter:card\" content=\"summary_large_image\" \/>\n<meta name=\"twitter:label1\" content=\"Verfasst von\" \/>\n\t<meta name=\"twitter:data1\" content=\"kerberhock\" \/>\n<script type=\"application\/ld+json\" class=\"yoast-schema-graph\">{\"@context\":\"https:\/\/schema.org\",\"@graph\":[{\"@type\":\"Article\",\"@id\":\"https:\/\/weltlaeden.de\/babenhausen\/30-04-25-besuch-bei-der-ev-frauenhilfe-in-babenhausen\/#article\",\"isPartOf\":{\"@id\":\"https:\/\/weltlaeden.de\/babenhausen\/30-04-25-besuch-bei-der-ev-frauenhilfe-in-babenhausen\/\"},\"author\":{\"name\":\"kerberhock\",\"@id\":\"https:\/\/weltlaeden.de\/babenhausen\/#\/schema\/person\/098872594b47e62254e1077144fe00e1\"},\"headline\":\"Besuch bei der ev. Frauenhilfe in Babenhausen\",\"datePublished\":\"2025-05-02T15:50:50+00:00\",\"dateModified\":\"2025-05-02T18:37:48+00:00\",\"mainEntityOfPage\":{\"@id\":\"https:\/\/weltlaeden.de\/babenhausen\/30-04-25-besuch-bei-der-ev-frauenhilfe-in-babenhausen\/\"},\"wordCount\":101,\"image\":{\"@id\":\"https:\/\/weltlaeden.de\/babenhausen\/30-04-25-besuch-bei-der-ev-frauenhilfe-in-babenhausen\/#primaryimage\"},\"thumbnailUrl\":\"https:\/\/weltlaeden.de\/babenhausen\/wp-content\/uploads\/sites\/107\/2025\/05\/20250430_1610353-scaled-e1771941080871.jpg\",\"articleSection\":[\"Neuigkeiten\",\"Verein\"],\"inLanguage\":\"de\"},{\"@type\":\"WebPage\",\"@id\":\"https:\/\/weltlaeden.de\/babenhausen\/30-04-25-besuch-bei-der-ev-frauenhilfe-in-babenhausen\/\",\"url\":\"https:\/\/weltlaeden.de\/babenhausen\/30-04-25-besuch-bei-der-ev-frauenhilfe-in-babenhausen\/\",\"name\":\"Besuch bei der ev. Frauenhilfe in Babenhausen - Weltladen Babenhausen\",\"isPartOf\":{\"@id\":\"https:\/\/weltlaeden.de\/babenhausen\/#website\"},\"primaryImageOfPage\":{\"@id\":\"https:\/\/weltlaeden.de\/babenhausen\/30-04-25-besuch-bei-der-ev-frauenhilfe-in-babenhausen\/#primaryimage\"},\"image\":{\"@id\":\"https:\/\/weltlaeden.de\/babenhausen\/30-04-25-besuch-bei-der-ev-frauenhilfe-in-babenhausen\/#primaryimage\"},\"thumbnailUrl\":\"https:\/\/weltlaeden.de\/babenhausen\/wp-content\/uploads\/sites\/107\/2025\/05\/20250430_1610353-scaled-e1771941080871.jpg\",\"datePublished\":\"2025-05-02T15:50:50+00:00\",\"dateModified\":\"2025-05-02T18:37:48+00:00\",\"author\":{\"@id\":\"https:\/\/weltlaeden.de\/babenhausen\/#\/schema\/person\/098872594b47e62254e1077144fe00e1\"},\"breadcrumb\":{\"@id\":\"https:\/\/weltlaeden.de\/babenhausen\/30-04-25-besuch-bei-der-ev-frauenhilfe-in-babenhausen\/#breadcrumb\"},\"inLanguage\":\"de\",\"potentialAction\":[{\"@type\":\"ReadAction\",\"target\":[\"https:\/\/weltlaeden.de\/babenhausen\/30-04-25-besuch-bei-der-ev-frauenhilfe-in-babenhausen\/\"]}]},{\"@type\":\"ImageObject\",\"inLanguage\":\"de\",\"@id\":\"https:\/\/weltlaeden.de\/babenhausen\/30-04-25-besuch-bei-der-ev-frauenhilfe-in-babenhausen\/#primaryimage\",\"url\":\"https:\/\/weltlaeden.de\/babenhausen\/wp-content\/uploads\/sites\/107\/2025\/05\/20250430_1610353-scaled-e1771941080871.jpg\",\"contentUrl\":\"https:\/\/weltlaeden.de\/babenhausen\/wp-content\/uploads\/sites\/107\/2025\/05\/20250430_1610353-scaled-e1771941080871.jpg\",\"width\":493,\"height\":400},{\"@type\":\"BreadcrumbList\",\"@id\":\"https:\/\/weltlaeden.de\/babenhausen\/30-04-25-besuch-bei-der-ev-frauenhilfe-in-babenhausen\/#breadcrumb\",\"itemListElement\":[{\"@type\":\"ListItem\",\"position\":1,\"name\":\"Startseite\",\"item\":\"https:\/\/weltlaeden.de\/babenhausen\/\"},{\"@type\":\"ListItem\",\"position\":2,\"name\":\"Besuch bei der ev. Frauenhilfe in Babenhausen\"}]},{\"@type\":\"WebSite\",\"@id\":\"https:\/\/weltlaeden.de\/babenhausen\/#website\",\"url\":\"https:\/\/weltlaeden.de\/babenhausen\/\",\"name\":\"Weltladen Babenhausen\",\"description\":\"Faire Produkte seit 1990\",\"potentialAction\":[{\"@type\":\"SearchAction\",\"target\":{\"@type\":\"EntryPoint\",\"urlTemplate\":\"https:\/\/weltlaeden.de\/babenhausen\/?s={search_term_string}\"},\"query-input\":{\"@type\":\"PropertyValueSpecification\",\"valueRequired\":true,\"valueName\":\"search_term_string\"}}],\"inLanguage\":\"de\"},{\"@type\":\"Person\",\"@id\":\"https:\/\/weltlaeden.de\/babenhausen\/#\/schema\/person\/098872594b47e62254e1077144fe00e1\",\"name\":\"kerberhock\",\"image\":{\"@type\":\"ImageObject\",\"inLanguage\":\"de\",\"@id\":\"https:\/\/weltlaeden.de\/babenhausen\/#\/schema\/person\/image\/\",\"url\":\"https:\/\/secure.gravatar.com\/avatar\/50c5ed9b73cdb822384bbdb3ff22392f?s=96&d=mm&r=g\",\"contentUrl\":\"https:\/\/secure.gravatar.com\/avatar\/50c5ed9b73cdb822384bbdb3ff22392f?s=96&d=mm&r=g\",\"caption\":\"kerberhock\"},\"url\":\"https:\/\/weltlaeden.de\/babenhausen\/author\/kerberhock\/\"}]}<\/script>\n<!-- \/ Yoast SEO plugin. -->","yoast_head_json":{"title":"Besuch bei der ev. Frauenhilfe in Babenhausen - Weltladen Babenhausen","robots":{"index":"index","follow":"follow","max-snippet":"max-snippet:-1","max-image-preview":"max-image-preview:large","max-video-preview":"max-video-preview:-1"},"canonical":"https:\/\/weltlaeden.de\/babenhausen\/30-04-25-besuch-bei-der-ev-frauenhilfe-in-babenhausen\/","og_locale":"de_DE","og_type":"article","og_title":"Besuch bei der ev. Frauenhilfe in Babenhausen - Weltladen Babenhausen","og_description":"Zwei Mitarbeiterinnen des Weltladens waren am Mittwoch, 30. April 2025\u00a0 zum Treffen der ev. Frauenhilfe im Erasmus-Alberus-Haus in Babenhausen eingeladen. Die Teilnehmerinnen hatten Interesse an der Arbeit des Weltladens und wollten nun N\u00e4heres \u00fcber die Geschichte des Weltladens in Babenhausen, \u00fcber den Fairen Handel und die Produkte, die im Laden verkauft werden, erfahren. Die Mitarbeiterinnen&hellip;","og_url":"https:\/\/weltlaeden.de\/babenhausen\/30-04-25-besuch-bei-der-ev-frauenhilfe-in-babenhausen\/","og_site_name":"Weltladen Babenhausen","article_published_time":"2025-05-02T15:50:50+00:00","article_modified_time":"2025-05-02T18:37:48+00:00","og_image":[{"width":2560,"height":2076,"url":"https:\/\/weltlaeden.de\/babenhausen\/wp-content\/uploads\/sites\/107\/2025\/05\/20250430_1610353-scaled.jpg","type":"image\/jpeg"}],"author":"kerberhock","twitter_card":"summary_large_image","twitter_misc":{"Verfasst von":"kerberhock"},"schema":{"@context":"https:\/\/schema.org","@graph":[{"@type":"Article","@id":"https:\/\/weltlaeden.de\/babenhausen\/30-04-25-besuch-bei-der-ev-frauenhilfe-in-babenhausen\/#article","isPartOf":{"@id":"https:\/\/weltlaeden.de\/babenhausen\/30-04-25-besuch-bei-der-ev-frauenhilfe-in-babenhausen\/"},"author":{"name":"kerberhock","@id":"https:\/\/weltlaeden.de\/babenhausen\/#\/schema\/person\/098872594b47e62254e1077144fe00e1"},"headline":"Besuch bei der ev. Frauenhilfe in Babenhausen","datePublished":"2025-05-02T15:50:50+00:00","dateModified":"2025-05-02T18:37:48+00:00","mainEntityOfPage":{"@id":"https:\/\/weltlaeden.de\/babenhausen\/30-04-25-besuch-bei-der-ev-frauenhilfe-in-babenhausen\/"},"wordCount":101,"image":{"@id":"https:\/\/weltlaeden.de\/babenhausen\/30-04-25-besuch-bei-der-ev-frauenhilfe-in-babenhausen\/#primaryimage"},"thumbnailUrl":"https:\/\/weltlaeden.de\/babenhausen\/wp-content\/uploads\/sites\/107\/2025\/05\/20250430_1610353-scaled-e1771941080871.jpg","articleSection":["Neuigkeiten","Verein"],"inLanguage":"de"},{"@type":"WebPage","@id":"https:\/\/weltlaeden.de\/babenhausen\/30-04-25-besuch-bei-der-ev-frauenhilfe-in-babenhausen\/","url":"https:\/\/weltlaeden.de\/babenhausen\/30-04-25-besuch-bei-der-ev-frauenhilfe-in-babenhausen\/","name":"Besuch bei der ev. Frauenhilfe in Babenhausen - Weltladen Babenhausen","isPartOf":{"@id":"https:\/\/weltlaeden.de\/babenhausen\/#website"},"primaryImageOfPage":{"@id":"https:\/\/weltlaeden.de\/babenhausen\/30-04-25-besuch-bei-der-ev-frauenhilfe-in-babenhausen\/#primaryimage"},"image":{"@id":"https:\/\/weltlaeden.de\/babenhausen\/30-04-25-besuch-bei-der-ev-frauenhilfe-in-babenhausen\/#primaryimage"},"thumbnailUrl":"https:\/\/weltlaeden.de\/babenhausen\/wp-content\/uploads\/sites\/107\/2025\/05\/20250430_1610353-scaled-e1771941080871.jpg","datePublished":"2025-05-02T15:50:50+00:00","dateModified":"2025-05-02T18:37:48+00:00","author":{"@id":"https:\/\/weltlaeden.de\/babenhausen\/#\/schema\/person\/098872594b47e62254e1077144fe00e1"},"breadcrumb":{"@id":"https:\/\/weltlaeden.de\/babenhausen\/30-04-25-besuch-bei-der-ev-frauenhilfe-in-babenhausen\/#breadcrumb"},"inLanguage":"de","potentialAction":[{"@type":"ReadAction","target":["https:\/\/weltlaeden.de\/babenhausen\/30-04-25-besuch-bei-der-ev-frauenhilfe-in-babenhausen\/"]}]},{"@type":"ImageObject","inLanguage":"de","@id":"https:\/\/weltlaeden.de\/babenhausen\/30-04-25-besuch-bei-der-ev-frauenhilfe-in-babenhausen\/#primaryimage","url":"https:\/\/weltlaeden.de\/babenhausen\/wp-content\/uploads\/sites\/107\/2025\/05\/20250430_1610353-scaled-e1771941080871.jpg","contentUrl":"https:\/\/weltlaeden.de\/babenhausen\/wp-content\/uploads\/sites\/107\/2025\/05\/20250430_1610353-scaled-e1771941080871.jpg","width":493,"height":400},{"@type":"BreadcrumbList","@id":"https:\/\/weltlaeden.de\/babenhausen\/30-04-25-besuch-bei-der-ev-frauenhilfe-in-babenhausen\/#breadcrumb","itemListElement":[{"@type":"ListItem","position":1,"name":"Startseite","item":"https:\/\/weltlaeden.de\/babenhausen\/"},{"@type":"ListItem","position":2,"name":"Besuch bei der ev. Frauenhilfe in Babenhausen"}]},{"@type":"WebSite","@id":"https:\/\/weltlaeden.de\/babenhausen\/#website","url":"https:\/\/weltlaeden.de\/babenhausen\/","name":"Weltladen Babenhausen","description":"Faire Produkte seit 1990","potentialAction":[{"@type":"SearchAction","target":{"@type":"EntryPoint","urlTemplate":"https:\/\/weltlaeden.de\/babenhausen\/?s={search_term_string}"},"query-input":{"@type":"PropertyValueSpecification","valueRequired":true,"valueName":"search_term_string"}}],"inLanguage":"de"},{"@type":"Person","@id":"https:\/\/weltlaeden.de\/babenhausen\/#\/schema\/person\/098872594b47e62254e1077144fe00e1","name":"kerberhock","image":{"@type":"ImageObject","inLanguage":"de","@id":"https:\/\/weltlaeden.de\/babenhausen\/#\/schema\/person\/image\/","url":"https:\/\/secure.gravatar.com\/avatar\/50c5ed9b73cdb822384bbdb3ff22392f?s=96&d=mm&r=g","contentUrl":"https:\/\/secure.gravatar.com\/avatar\/50c5ed9b73cdb822384bbdb3ff22392f?s=96&d=mm&r=g","caption":"kerberhock"},"url":"https:\/\/weltlaeden.de\/babenhausen\/author\/kerberhock\/"}]}},"_links":{"self":[{"href":"https:\/\/weltlaeden.de\/babenhausen\/wp-json\/wp\/v2\/posts\/1944","targetHints":{"allow":["GET"]}}],"collection":[{"href":"https:\/\/weltlaeden.de\/babenhausen\/wp-json\/wp\/v2\/posts"}],"about":[{"href":"https:\/\/weltlaeden.de\/babenhausen\/wp-json\/wp\/v2\/types\/post"}],"author":[{"embeddable":true,"href":"https:\/\/weltlaeden.de\/babenhausen\/wp-json\/wp\/v2\/users\/308"}],"replies":[{"embeddable":true,"href":"https:\/\/weltlaeden.de\/babenhausen\/wp-json\/wp\/v2\/comments?post=1944"}],"version-history":[{"count":8,"href":"https:\/\/weltlaeden.de\/babenhausen\/wp-json\/wp\/v2\/posts\/1944\/revisions"}],"predecessor-version":[{"id":1956,"href":"https:\/\/weltlaeden.de\/babenhausen\/wp-json\/wp\/v2\/posts\/1944\/revisions\/1956"}],"wp:featuredmedia":[{"embeddable":true,"href":"https:\/\/weltlaeden.de\/babenhausen\/wp-json\/wp\/v2\/media\/1945"}],"wp:attachment":[{"href":"https:\/\/weltlaeden.de\/babenhausen\/wp-json\/wp\/v2\/media?parent=1944"}],"wp:term":[{"taxonomy":"category","embeddable":true,"href":"https:\/\/weltlaeden.de\/babenhausen\/wp-json\/wp\/v2\/categories?post=1944"},{"taxonomy":"post_tag","embeddable":true,"href":"https:\/\/weltlaeden.de\/babenhausen\/wp-json\/wp\/v2\/tags?post=1944"}],"curies":[{"name":"wp","href":"https:\/\/api.w.org\/{rel}","templated":true}]}}