{"id":1820,"date":"2025-02-05T14:00:35","date_gmt":"2025-02-05T13:00:35","guid":{"rendered":"https:\/\/weltlaeden.de\/babenhausen\/?p=1820"},"modified":"2025-02-06T10:35:03","modified_gmt":"2025-02-06T09:35:03","slug":"roestung-gegen-rechts-neuer-bio-kaffee-im-weltladen","status":"publish","type":"post","link":"https:\/\/weltlaeden.de\/babenhausen\/roestung-gegen-rechts-neuer-bio-kaffee-im-weltladen\/","title":{"rendered":"R\u00f6stung gegen Rechts \u2013 neuer Bio-Kaffee im Weltladen"},"content":{"rendered":"<p style=\"text-align: left\">Mit der &#8222;R\u00f6stung gegen Rechts&#8220; haben wir eine neue Kaffeesorte in unser Sortiment aufgenommen und unterst\u00fctzen damit die Aktion unseres Lieferanten EL PUENTE.<\/p>\n<p style=\"text-align: left\">EL PUENTE setzt mit der \u201eR\u00f6stung gegen Rechts\u201c ein Statement mit aktuellem Hintergrund und schreibt dazu:<\/p>\n<p>&#8222;Liebe Kund*innen,<\/p>\n<p>bleibt wach und steht auf!<br \/>\nMit unserem neuen Kaffee, der R\u00f6stung gegen Rechts, m\u00f6chten wir auch Euch motivieren, aktiv zu werden gegen rechtsextreme, populistische, faschistische und rassistische Parteien.<\/p>\n<p style=\"text-align: left\">Es soll motivieren, aktiv zu werden gegen rechtsextreme, populistische, faschistische und rassistische Parteien.<\/p>\n<p style=\"text-align: left\">Die R\u00f6stung gegen Rechts ist ein Kaffee f\u00fcr alle, die an eine <strong>offene Welt<\/strong> glauben. F\u00fcr alle, die <strong>Vielfalt als St\u00e4rke<\/strong> sch\u00e4tzen. F\u00fcr alle, die sich f\u00fcr <strong>Demokratie und Menschenrechte<\/strong> einsetzen.<\/p>\n<p style=\"text-align: left\">Der Bio-Arabica aus Ruanda regt dazu an, sich mit den aktuellen Entwicklungen auseinanderzusetzen, sich f\u00fcr Demokratie und Menschenrechte zu engagieren und sich mit zivilgesellschaftlichen Akteuren zu vernetzen, die das ebenfalls tun. &#8222;<\/p>\n<p style=\"text-align: left\">Der Kooperationspartner bei diesem Produkt, das bundesweite B\u00fcndnis Aufstehen gegen Rassismus, wird von einer Vielzahl an Organisationen und Personen getragen: von lokalen Akteur*innen und Einzelpersonen aus verschiedenen Organisationen sowie von Gewerkschaften und Verb\u00e4nden. Ehrenamtliche Gruppen in \u00fcber 70 Regionen organisieren Aktionen wie Demonstrationen, Kundgebungen und Infoveranstaltungen, um aktiv gegen den Rechtsruck zu arbeiten.<\/p>\n<p style=\"text-align: left\">Mehr Informationen unter: <a href=\"http:\/\/www.aufstehen-gegen-rassismus.de\">www.aufstehen-gegen-rassismus.de<\/a><\/p>\n<p>&nbsp;<\/p>\n<p style=\"text-align: center\"><img loading=\"lazy\" decoding=\"async\" class=\"wp-image-1818 alignnone\" src=\"https:\/\/weltlaeden.de\/babenhausen\/wp-content\/uploads\/sites\/107\/2025\/02\/Roestung_gegen_Rechts-300x88.jpg\" alt=\"\" width=\"485\" height=\"142\" srcset=\"https:\/\/weltlaeden.de\/babenhausen\/wp-content\/uploads\/sites\/107\/2025\/02\/Roestung_gegen_Rechts-300x88.jpg 300w, https:\/\/weltlaeden.de\/babenhausen\/wp-content\/uploads\/sites\/107\/2025\/02\/Roestung_gegen_Rechts-768x226.jpg 768w, https:\/\/weltlaeden.de\/babenhausen\/wp-content\/uploads\/sites\/107\/2025\/02\/Roestung_gegen_Rechts.jpg 1020w\" sizes=\"auto, (max-width: 485px) 100vw, 485px\" \/><\/p>\n","protected":false},"excerpt":{"rendered":"<p>Mit der &#8222;R\u00f6stung gegen Rechts&#8220; haben wir eine neue Kaffeesorte in unser Sortiment aufgenommen und unterst\u00fctzen damit die Aktion unseres Lieferanten EL PUENTE. EL PUENTE setzt mit der \u201eR\u00f6stung gegen Rechts\u201c ein Statement mit aktuellem Hintergrund und schreibt dazu: &#8222;Liebe Kund*innen, bleibt wach und steht auf! Mit unserem neuen Kaffee, der R\u00f6stung gegen Rechts, m\u00f6chten&hellip;<\/p>\n","protected":false},"author":316,"featured_media":1819,"comment_status":"closed","ping_status":"closed","sticky":false,"template":"","format":"standard","meta":{"footnotes":""},"categories":[8],"tags":[28],"class_list":["post-1820","post","type-post","status-publish","format-standard","has-post-thumbnail","hentry","category-neues","tag-kaffee","category-8","description-off"],"yoast_head":"<!-- This site is optimized with the Yoast SEO plugin v26.8 - https:\/\/yoast.com\/product\/yoast-seo-wordpress\/ -->\n<title>R\u00f6stung gegen Rechts \u2013 neuer Bio-Kaffee im Weltladen - Weltladen Babenhausen<\/title>\n<meta name=\"robots\" content=\"index, follow, max-snippet:-1, max-image-preview:large, max-video-preview:-1\" \/>\n<link rel=\"canonical\" href=\"https:\/\/weltlaeden.de\/babenhausen\/roestung-gegen-rechts-neuer-bio-kaffee-im-weltladen\/\" \/>\n<meta property=\"og:locale\" content=\"de_DE\" \/>\n<meta property=\"og:type\" content=\"article\" \/>\n<meta property=\"og:title\" content=\"R\u00f6stung gegen Rechts \u2013 neuer Bio-Kaffee im Weltladen - Weltladen Babenhausen\" \/>\n<meta property=\"og:description\" content=\"Mit der &#8222;R\u00f6stung gegen Rechts&#8220; haben wir eine neue Kaffeesorte in unser Sortiment aufgenommen und unterst\u00fctzen damit die Aktion unseres Lieferanten EL PUENTE. EL PUENTE setzt mit der \u201eR\u00f6stung gegen Rechts\u201c ein Statement mit aktuellem Hintergrund und schreibt dazu: &#8222;Liebe Kund*innen, bleibt wach und steht auf! Mit unserem neuen Kaffee, der R\u00f6stung gegen Rechts, m\u00f6chten&hellip;\" \/>\n<meta property=\"og:url\" content=\"https:\/\/weltlaeden.de\/babenhausen\/roestung-gegen-rechts-neuer-bio-kaffee-im-weltladen\/\" \/>\n<meta property=\"og:site_name\" content=\"Weltladen Babenhausen\" \/>\n<meta property=\"article:published_time\" content=\"2025-02-05T13:00:35+00:00\" \/>\n<meta property=\"article:modified_time\" content=\"2025-02-06T09:35:03+00:00\" \/>\n<meta property=\"og:image\" content=\"https:\/\/weltlaeden.de\/babenhausen\/wp-content\/uploads\/sites\/107\/2025\/02\/Kaffee-gegen-Rechts.png\" \/>\n\t<meta property=\"og:image:width\" content=\"1081\" \/>\n\t<meta property=\"og:image:height\" content=\"575\" \/>\n\t<meta property=\"og:image:type\" content=\"image\/png\" \/>\n<meta name=\"author\" content=\"gabyreckenbeil\" \/>\n<meta name=\"twitter:card\" content=\"summary_large_image\" \/>\n<meta name=\"twitter:label1\" content=\"Verfasst von\" \/>\n\t<meta name=\"twitter:data1\" content=\"gabyreckenbeil\" \/>\n\t<meta name=\"twitter:label2\" content=\"Gesch\u00e4tzte Lesezeit\" \/>\n\t<meta name=\"twitter:data2\" content=\"1\u00a0Minute\" \/>\n<script type=\"application\/ld+json\" class=\"yoast-schema-graph\">{\"@context\":\"https:\/\/schema.org\",\"@graph\":[{\"@type\":\"Article\",\"@id\":\"https:\/\/weltlaeden.de\/babenhausen\/roestung-gegen-rechts-neuer-bio-kaffee-im-weltladen\/#article\",\"isPartOf\":{\"@id\":\"https:\/\/weltlaeden.de\/babenhausen\/roestung-gegen-rechts-neuer-bio-kaffee-im-weltladen\/\"},\"author\":{\"name\":\"gabyreckenbeil\",\"@id\":\"https:\/\/weltlaeden.de\/babenhausen\/#\/schema\/person\/b72ced7c91a830afb088c33790cbdecd\"},\"headline\":\"R\u00f6stung gegen Rechts \u2013 neuer Bio-Kaffee im Weltladen\",\"datePublished\":\"2025-02-05T13:00:35+00:00\",\"dateModified\":\"2025-02-06T09:35:03+00:00\",\"mainEntityOfPage\":{\"@id\":\"https:\/\/weltlaeden.de\/babenhausen\/roestung-gegen-rechts-neuer-bio-kaffee-im-weltladen\/\"},\"wordCount\":228,\"image\":{\"@id\":\"https:\/\/weltlaeden.de\/babenhausen\/roestung-gegen-rechts-neuer-bio-kaffee-im-weltladen\/#primaryimage\"},\"thumbnailUrl\":\"https:\/\/weltlaeden.de\/babenhausen\/wp-content\/uploads\/sites\/107\/2025\/02\/Kaffee-gegen-Rechts.png\",\"keywords\":[\"Kaffee\"],\"articleSection\":[\"Neuigkeiten\"],\"inLanguage\":\"de\"},{\"@type\":\"WebPage\",\"@id\":\"https:\/\/weltlaeden.de\/babenhausen\/roestung-gegen-rechts-neuer-bio-kaffee-im-weltladen\/\",\"url\":\"https:\/\/weltlaeden.de\/babenhausen\/roestung-gegen-rechts-neuer-bio-kaffee-im-weltladen\/\",\"name\":\"R\u00f6stung gegen Rechts \u2013 neuer Bio-Kaffee im Weltladen - Weltladen Babenhausen\",\"isPartOf\":{\"@id\":\"https:\/\/weltlaeden.de\/babenhausen\/#website\"},\"primaryImageOfPage\":{\"@id\":\"https:\/\/weltlaeden.de\/babenhausen\/roestung-gegen-rechts-neuer-bio-kaffee-im-weltladen\/#primaryimage\"},\"image\":{\"@id\":\"https:\/\/weltlaeden.de\/babenhausen\/roestung-gegen-rechts-neuer-bio-kaffee-im-weltladen\/#primaryimage\"},\"thumbnailUrl\":\"https:\/\/weltlaeden.de\/babenhausen\/wp-content\/uploads\/sites\/107\/2025\/02\/Kaffee-gegen-Rechts.png\",\"datePublished\":\"2025-02-05T13:00:35+00:00\",\"dateModified\":\"2025-02-06T09:35:03+00:00\",\"author\":{\"@id\":\"https:\/\/weltlaeden.de\/babenhausen\/#\/schema\/person\/b72ced7c91a830afb088c33790cbdecd\"},\"breadcrumb\":{\"@id\":\"https:\/\/weltlaeden.de\/babenhausen\/roestung-gegen-rechts-neuer-bio-kaffee-im-weltladen\/#breadcrumb\"},\"inLanguage\":\"de\",\"potentialAction\":[{\"@type\":\"ReadAction\",\"target\":[\"https:\/\/weltlaeden.de\/babenhausen\/roestung-gegen-rechts-neuer-bio-kaffee-im-weltladen\/\"]}]},{\"@type\":\"ImageObject\",\"inLanguage\":\"de\",\"@id\":\"https:\/\/weltlaeden.de\/babenhausen\/roestung-gegen-rechts-neuer-bio-kaffee-im-weltladen\/#primaryimage\",\"url\":\"https:\/\/weltlaeden.de\/babenhausen\/wp-content\/uploads\/sites\/107\/2025\/02\/Kaffee-gegen-Rechts.png\",\"contentUrl\":\"https:\/\/weltlaeden.de\/babenhausen\/wp-content\/uploads\/sites\/107\/2025\/02\/Kaffee-gegen-Rechts.png\",\"width\":1081,\"height\":575},{\"@type\":\"BreadcrumbList\",\"@id\":\"https:\/\/weltlaeden.de\/babenhausen\/roestung-gegen-rechts-neuer-bio-kaffee-im-weltladen\/#breadcrumb\",\"itemListElement\":[{\"@type\":\"ListItem\",\"position\":1,\"name\":\"Startseite\",\"item\":\"https:\/\/weltlaeden.de\/babenhausen\/\"},{\"@type\":\"ListItem\",\"position\":2,\"name\":\"R\u00f6stung gegen Rechts \u2013 neuer Bio-Kaffee im Weltladen\"}]},{\"@type\":\"WebSite\",\"@id\":\"https:\/\/weltlaeden.de\/babenhausen\/#website\",\"url\":\"https:\/\/weltlaeden.de\/babenhausen\/\",\"name\":\"Weltladen Babenhausen\",\"description\":\"Faire Produkte seit 1990\",\"potentialAction\":[{\"@type\":\"SearchAction\",\"target\":{\"@type\":\"EntryPoint\",\"urlTemplate\":\"https:\/\/weltlaeden.de\/babenhausen\/?s={search_term_string}\"},\"query-input\":{\"@type\":\"PropertyValueSpecification\",\"valueRequired\":true,\"valueName\":\"search_term_string\"}}],\"inLanguage\":\"de\"},{\"@type\":\"Person\",\"@id\":\"https:\/\/weltlaeden.de\/babenhausen\/#\/schema\/person\/b72ced7c91a830afb088c33790cbdecd\",\"name\":\"gabyreckenbeil\",\"image\":{\"@type\":\"ImageObject\",\"inLanguage\":\"de\",\"@id\":\"https:\/\/weltlaeden.de\/babenhausen\/#\/schema\/person\/image\/\",\"url\":\"https:\/\/secure.gravatar.com\/avatar\/531e30531929d36e934b5796a63487e7?s=96&d=mm&r=g\",\"contentUrl\":\"https:\/\/secure.gravatar.com\/avatar\/531e30531929d36e934b5796a63487e7?s=96&d=mm&r=g\",\"caption\":\"gabyreckenbeil\"},\"url\":\"https:\/\/weltlaeden.de\/babenhausen\/author\/gabyreckenbeil\/\"}]}<\/script>\n<!-- \/ Yoast SEO plugin. -->","yoast_head_json":{"title":"R\u00f6stung gegen Rechts \u2013 neuer Bio-Kaffee im Weltladen - Weltladen Babenhausen","robots":{"index":"index","follow":"follow","max-snippet":"max-snippet:-1","max-image-preview":"max-image-preview:large","max-video-preview":"max-video-preview:-1"},"canonical":"https:\/\/weltlaeden.de\/babenhausen\/roestung-gegen-rechts-neuer-bio-kaffee-im-weltladen\/","og_locale":"de_DE","og_type":"article","og_title":"R\u00f6stung gegen Rechts \u2013 neuer Bio-Kaffee im Weltladen - Weltladen Babenhausen","og_description":"Mit der &#8222;R\u00f6stung gegen Rechts&#8220; haben wir eine neue Kaffeesorte in unser Sortiment aufgenommen und unterst\u00fctzen damit die Aktion unseres Lieferanten EL PUENTE. EL PUENTE setzt mit der \u201eR\u00f6stung gegen Rechts\u201c ein Statement mit aktuellem Hintergrund und schreibt dazu: &#8222;Liebe Kund*innen, bleibt wach und steht auf! Mit unserem neuen Kaffee, der R\u00f6stung gegen Rechts, m\u00f6chten&hellip;","og_url":"https:\/\/weltlaeden.de\/babenhausen\/roestung-gegen-rechts-neuer-bio-kaffee-im-weltladen\/","og_site_name":"Weltladen Babenhausen","article_published_time":"2025-02-05T13:00:35+00:00","article_modified_time":"2025-02-06T09:35:03+00:00","og_image":[{"width":1081,"height":575,"url":"https:\/\/weltlaeden.de\/babenhausen\/wp-content\/uploads\/sites\/107\/2025\/02\/Kaffee-gegen-Rechts.png","type":"image\/png"}],"author":"gabyreckenbeil","twitter_card":"summary_large_image","twitter_misc":{"Verfasst von":"gabyreckenbeil","Gesch\u00e4tzte Lesezeit":"1\u00a0Minute"},"schema":{"@context":"https:\/\/schema.org","@graph":[{"@type":"Article","@id":"https:\/\/weltlaeden.de\/babenhausen\/roestung-gegen-rechts-neuer-bio-kaffee-im-weltladen\/#article","isPartOf":{"@id":"https:\/\/weltlaeden.de\/babenhausen\/roestung-gegen-rechts-neuer-bio-kaffee-im-weltladen\/"},"author":{"name":"gabyreckenbeil","@id":"https:\/\/weltlaeden.de\/babenhausen\/#\/schema\/person\/b72ced7c91a830afb088c33790cbdecd"},"headline":"R\u00f6stung gegen Rechts \u2013 neuer Bio-Kaffee im Weltladen","datePublished":"2025-02-05T13:00:35+00:00","dateModified":"2025-02-06T09:35:03+00:00","mainEntityOfPage":{"@id":"https:\/\/weltlaeden.de\/babenhausen\/roestung-gegen-rechts-neuer-bio-kaffee-im-weltladen\/"},"wordCount":228,"image":{"@id":"https:\/\/weltlaeden.de\/babenhausen\/roestung-gegen-rechts-neuer-bio-kaffee-im-weltladen\/#primaryimage"},"thumbnailUrl":"https:\/\/weltlaeden.de\/babenhausen\/wp-content\/uploads\/sites\/107\/2025\/02\/Kaffee-gegen-Rechts.png","keywords":["Kaffee"],"articleSection":["Neuigkeiten"],"inLanguage":"de"},{"@type":"WebPage","@id":"https:\/\/weltlaeden.de\/babenhausen\/roestung-gegen-rechts-neuer-bio-kaffee-im-weltladen\/","url":"https:\/\/weltlaeden.de\/babenhausen\/roestung-gegen-rechts-neuer-bio-kaffee-im-weltladen\/","name":"R\u00f6stung gegen Rechts \u2013 neuer Bio-Kaffee im Weltladen - Weltladen Babenhausen","isPartOf":{"@id":"https:\/\/weltlaeden.de\/babenhausen\/#website"},"primaryImageOfPage":{"@id":"https:\/\/weltlaeden.de\/babenhausen\/roestung-gegen-rechts-neuer-bio-kaffee-im-weltladen\/#primaryimage"},"image":{"@id":"https:\/\/weltlaeden.de\/babenhausen\/roestung-gegen-rechts-neuer-bio-kaffee-im-weltladen\/#primaryimage"},"thumbnailUrl":"https:\/\/weltlaeden.de\/babenhausen\/wp-content\/uploads\/sites\/107\/2025\/02\/Kaffee-gegen-Rechts.png","datePublished":"2025-02-05T13:00:35+00:00","dateModified":"2025-02-06T09:35:03+00:00","author":{"@id":"https:\/\/weltlaeden.de\/babenhausen\/#\/schema\/person\/b72ced7c91a830afb088c33790cbdecd"},"breadcrumb":{"@id":"https:\/\/weltlaeden.de\/babenhausen\/roestung-gegen-rechts-neuer-bio-kaffee-im-weltladen\/#breadcrumb"},"inLanguage":"de","potentialAction":[{"@type":"ReadAction","target":["https:\/\/weltlaeden.de\/babenhausen\/roestung-gegen-rechts-neuer-bio-kaffee-im-weltladen\/"]}]},{"@type":"ImageObject","inLanguage":"de","@id":"https:\/\/weltlaeden.de\/babenhausen\/roestung-gegen-rechts-neuer-bio-kaffee-im-weltladen\/#primaryimage","url":"https:\/\/weltlaeden.de\/babenhausen\/wp-content\/uploads\/sites\/107\/2025\/02\/Kaffee-gegen-Rechts.png","contentUrl":"https:\/\/weltlaeden.de\/babenhausen\/wp-content\/uploads\/sites\/107\/2025\/02\/Kaffee-gegen-Rechts.png","width":1081,"height":575},{"@type":"BreadcrumbList","@id":"https:\/\/weltlaeden.de\/babenhausen\/roestung-gegen-rechts-neuer-bio-kaffee-im-weltladen\/#breadcrumb","itemListElement":[{"@type":"ListItem","position":1,"name":"Startseite","item":"https:\/\/weltlaeden.de\/babenhausen\/"},{"@type":"ListItem","position":2,"name":"R\u00f6stung gegen Rechts \u2013 neuer Bio-Kaffee im Weltladen"}]},{"@type":"WebSite","@id":"https:\/\/weltlaeden.de\/babenhausen\/#website","url":"https:\/\/weltlaeden.de\/babenhausen\/","name":"Weltladen Babenhausen","description":"Faire Produkte seit 1990","potentialAction":[{"@type":"SearchAction","target":{"@type":"EntryPoint","urlTemplate":"https:\/\/weltlaeden.de\/babenhausen\/?s={search_term_string}"},"query-input":{"@type":"PropertyValueSpecification","valueRequired":true,"valueName":"search_term_string"}}],"inLanguage":"de"},{"@type":"Person","@id":"https:\/\/weltlaeden.de\/babenhausen\/#\/schema\/person\/b72ced7c91a830afb088c33790cbdecd","name":"gabyreckenbeil","image":{"@type":"ImageObject","inLanguage":"de","@id":"https:\/\/weltlaeden.de\/babenhausen\/#\/schema\/person\/image\/","url":"https:\/\/secure.gravatar.com\/avatar\/531e30531929d36e934b5796a63487e7?s=96&d=mm&r=g","contentUrl":"https:\/\/secure.gravatar.com\/avatar\/531e30531929d36e934b5796a63487e7?s=96&d=mm&r=g","caption":"gabyreckenbeil"},"url":"https:\/\/weltlaeden.de\/babenhausen\/author\/gabyreckenbeil\/"}]}},"_links":{"self":[{"href":"https:\/\/weltlaeden.de\/babenhausen\/wp-json\/wp\/v2\/posts\/1820","targetHints":{"allow":["GET"]}}],"collection":[{"href":"https:\/\/weltlaeden.de\/babenhausen\/wp-json\/wp\/v2\/posts"}],"about":[{"href":"https:\/\/weltlaeden.de\/babenhausen\/wp-json\/wp\/v2\/types\/post"}],"author":[{"embeddable":true,"href":"https:\/\/weltlaeden.de\/babenhausen\/wp-json\/wp\/v2\/users\/316"}],"replies":[{"embeddable":true,"href":"https:\/\/weltlaeden.de\/babenhausen\/wp-json\/wp\/v2\/comments?post=1820"}],"version-history":[{"count":8,"href":"https:\/\/weltlaeden.de\/babenhausen\/wp-json\/wp\/v2\/posts\/1820\/revisions"}],"predecessor-version":[{"id":1832,"href":"https:\/\/weltlaeden.de\/babenhausen\/wp-json\/wp\/v2\/posts\/1820\/revisions\/1832"}],"wp:featuredmedia":[{"embeddable":true,"href":"https:\/\/weltlaeden.de\/babenhausen\/wp-json\/wp\/v2\/media\/1819"}],"wp:attachment":[{"href":"https:\/\/weltlaeden.de\/babenhausen\/wp-json\/wp\/v2\/media?parent=1820"}],"wp:term":[{"taxonomy":"category","embeddable":true,"href":"https:\/\/weltlaeden.de\/babenhausen\/wp-json\/wp\/v2\/categories?post=1820"},{"taxonomy":"post_tag","embeddable":true,"href":"https:\/\/weltlaeden.de\/babenhausen\/wp-json\/wp\/v2\/tags?post=1820"}],"curies":[{"name":"wp","href":"https:\/\/api.w.org\/{rel}","templated":true}]}}