{"id":1780,"date":"2024-12-17T16:08:11","date_gmt":"2024-12-17T15:08:11","guid":{"rendered":"https:\/\/weltlaeden.de\/babenhausen\/?p=1780"},"modified":"2024-12-17T16:22:52","modified_gmt":"2024-12-17T15:22:52","slug":"kinder-zu-besuch-im-weltladen","status":"publish","type":"post","link":"https:\/\/weltlaeden.de\/babenhausen\/kinder-zu-besuch-im-weltladen\/","title":{"rendered":"Kinder zu Besuch im Weltladen"},"content":{"rendered":"<p>Am 4. Dezember 2024 besuchten 13 Kinder im Alter von drei bis sechs Jahren mit zwei Betreuerinnen vom evangelischen Kindergarten Babenhausen den Weltladen in der Fahrstra\u00dfe.<\/p>\n<p>Die Kinder kamen mit der Frage: \u201eWie riecht Weihnachten?\u201c Im Fachgesch\u00e4ft f\u00fcr fairen Handel fanden sie Antworten darauf. Sie konnten an verschiedenen weihnachtlichen Gew\u00fcrzen schnuppern und herausfinden, ob sie diese schon kannten, wie diese hei\u00dfen und wie man sie verwendet. Auch die sch\u00f6nen Spielsachen waren f\u00fcr die Kinder interessant und so konnten unsere Mitarbeiterinnen ihren \u201eKundinnen und Kunden der n\u00e4chsten Generation\u201c einen Eindruck von dem vermitteln, was der Weltladen zu bieten hat. Sie hatten alles liebevoll vorbereitet und haben die Gruppe gerne betreut. Zum Abschied bekam jedes der Kinder einen kleinen Schokoladen-Nikolaus.<\/p>\n<p>&nbsp;<\/p>\n","protected":false},"excerpt":{"rendered":"<p>Am 4. Dezember 2024 besuchten 13 Kinder im Alter von drei bis sechs Jahren mit zwei Betreuerinnen vom evangelischen Kindergarten Babenhausen den Weltladen in der Fahrstra\u00dfe. Die Kinder kamen mit der Frage: \u201eWie riecht Weihnachten?\u201c Im Fachgesch\u00e4ft f\u00fcr fairen Handel fanden sie Antworten darauf. Sie konnten an verschiedenen weihnachtlichen Gew\u00fcrzen schnuppern und herausfinden, ob sie&hellip;<\/p>\n","protected":false},"author":316,"featured_media":1786,"comment_status":"closed","ping_status":"closed","sticky":false,"template":"","format":"standard","meta":{"footnotes":""},"categories":[1],"tags":[26,27],"class_list":["post-1780","post","type-post","status-publish","format-standard","has-post-thumbnail","hentry","category-allgemein","tag-kinder","tag-kindergarten","category-1","description-off"],"yoast_head":"<!-- This site is optimized with the Yoast SEO plugin v26.8 - https:\/\/yoast.com\/product\/yoast-seo-wordpress\/ -->\n<title>Kinder zu Besuch im Weltladen - Weltladen Babenhausen<\/title>\n<meta name=\"robots\" content=\"index, follow, max-snippet:-1, max-image-preview:large, max-video-preview:-1\" \/>\n<link rel=\"canonical\" href=\"https:\/\/weltlaeden.de\/babenhausen\/kinder-zu-besuch-im-weltladen\/\" \/>\n<meta property=\"og:locale\" content=\"de_DE\" \/>\n<meta property=\"og:type\" content=\"article\" \/>\n<meta property=\"og:title\" content=\"Kinder zu Besuch im Weltladen - Weltladen Babenhausen\" \/>\n<meta property=\"og:description\" content=\"Am 4. Dezember 2024 besuchten 13 Kinder im Alter von drei bis sechs Jahren mit zwei Betreuerinnen vom evangelischen Kindergarten Babenhausen den Weltladen in der Fahrstra\u00dfe. Die Kinder kamen mit der Frage: \u201eWie riecht Weihnachten?\u201c Im Fachgesch\u00e4ft f\u00fcr fairen Handel fanden sie Antworten darauf. Sie konnten an verschiedenen weihnachtlichen Gew\u00fcrzen schnuppern und herausfinden, ob sie&hellip;\" \/>\n<meta property=\"og:url\" content=\"https:\/\/weltlaeden.de\/babenhausen\/kinder-zu-besuch-im-weltladen\/\" \/>\n<meta property=\"og:site_name\" content=\"Weltladen Babenhausen\" \/>\n<meta property=\"article:published_time\" content=\"2024-12-17T15:08:11+00:00\" \/>\n<meta property=\"article:modified_time\" content=\"2024-12-17T15:22:52+00:00\" \/>\n<meta property=\"og:image\" content=\"https:\/\/weltlaeden.de\/babenhausen\/wp-content\/uploads\/sites\/107\/2024\/12\/Kindergarten4-scaled.jpg\" \/>\n\t<meta property=\"og:image:width\" content=\"1913\" \/>\n\t<meta property=\"og:image:height\" content=\"2560\" \/>\n\t<meta property=\"og:image:type\" content=\"image\/jpeg\" \/>\n<meta name=\"author\" content=\"gabyreckenbeil\" \/>\n<meta name=\"twitter:card\" content=\"summary_large_image\" \/>\n<meta name=\"twitter:label1\" content=\"Verfasst von\" \/>\n\t<meta name=\"twitter:data1\" content=\"gabyreckenbeil\" \/>\n\t<meta name=\"twitter:label2\" content=\"Gesch\u00e4tzte Lesezeit\" \/>\n\t<meta name=\"twitter:data2\" content=\"1\u00a0Minute\" \/>\n<script type=\"application\/ld+json\" class=\"yoast-schema-graph\">{\"@context\":\"https:\/\/schema.org\",\"@graph\":[{\"@type\":\"Article\",\"@id\":\"https:\/\/weltlaeden.de\/babenhausen\/kinder-zu-besuch-im-weltladen\/#article\",\"isPartOf\":{\"@id\":\"https:\/\/weltlaeden.de\/babenhausen\/kinder-zu-besuch-im-weltladen\/\"},\"author\":{\"name\":\"gabyreckenbeil\",\"@id\":\"https:\/\/weltlaeden.de\/babenhausen\/#\/schema\/person\/b72ced7c91a830afb088c33790cbdecd\"},\"headline\":\"Kinder zu Besuch im Weltladen\",\"datePublished\":\"2024-12-17T15:08:11+00:00\",\"dateModified\":\"2024-12-17T15:22:52+00:00\",\"mainEntityOfPage\":{\"@id\":\"https:\/\/weltlaeden.de\/babenhausen\/kinder-zu-besuch-im-weltladen\/\"},\"wordCount\":129,\"image\":{\"@id\":\"https:\/\/weltlaeden.de\/babenhausen\/kinder-zu-besuch-im-weltladen\/#primaryimage\"},\"thumbnailUrl\":\"https:\/\/weltlaeden.de\/babenhausen\/wp-content\/uploads\/sites\/107\/2024\/12\/Kindergarten4-scaled.jpg\",\"keywords\":[\"Kinder\",\"Kindergarten\"],\"articleSection\":[\"Keine Kategorie\"],\"inLanguage\":\"de\"},{\"@type\":\"WebPage\",\"@id\":\"https:\/\/weltlaeden.de\/babenhausen\/kinder-zu-besuch-im-weltladen\/\",\"url\":\"https:\/\/weltlaeden.de\/babenhausen\/kinder-zu-besuch-im-weltladen\/\",\"name\":\"Kinder zu Besuch im Weltladen - Weltladen Babenhausen\",\"isPartOf\":{\"@id\":\"https:\/\/weltlaeden.de\/babenhausen\/#website\"},\"primaryImageOfPage\":{\"@id\":\"https:\/\/weltlaeden.de\/babenhausen\/kinder-zu-besuch-im-weltladen\/#primaryimage\"},\"image\":{\"@id\":\"https:\/\/weltlaeden.de\/babenhausen\/kinder-zu-besuch-im-weltladen\/#primaryimage\"},\"thumbnailUrl\":\"https:\/\/weltlaeden.de\/babenhausen\/wp-content\/uploads\/sites\/107\/2024\/12\/Kindergarten4-scaled.jpg\",\"datePublished\":\"2024-12-17T15:08:11+00:00\",\"dateModified\":\"2024-12-17T15:22:52+00:00\",\"author\":{\"@id\":\"https:\/\/weltlaeden.de\/babenhausen\/#\/schema\/person\/b72ced7c91a830afb088c33790cbdecd\"},\"breadcrumb\":{\"@id\":\"https:\/\/weltlaeden.de\/babenhausen\/kinder-zu-besuch-im-weltladen\/#breadcrumb\"},\"inLanguage\":\"de\",\"potentialAction\":[{\"@type\":\"ReadAction\",\"target\":[\"https:\/\/weltlaeden.de\/babenhausen\/kinder-zu-besuch-im-weltladen\/\"]}]},{\"@type\":\"ImageObject\",\"inLanguage\":\"de\",\"@id\":\"https:\/\/weltlaeden.de\/babenhausen\/kinder-zu-besuch-im-weltladen\/#primaryimage\",\"url\":\"https:\/\/weltlaeden.de\/babenhausen\/wp-content\/uploads\/sites\/107\/2024\/12\/Kindergarten4-scaled.jpg\",\"contentUrl\":\"https:\/\/weltlaeden.de\/babenhausen\/wp-content\/uploads\/sites\/107\/2024\/12\/Kindergarten4-scaled.jpg\",\"width\":1913,\"height\":2560},{\"@type\":\"BreadcrumbList\",\"@id\":\"https:\/\/weltlaeden.de\/babenhausen\/kinder-zu-besuch-im-weltladen\/#breadcrumb\",\"itemListElement\":[{\"@type\":\"ListItem\",\"position\":1,\"name\":\"Startseite\",\"item\":\"https:\/\/weltlaeden.de\/babenhausen\/\"},{\"@type\":\"ListItem\",\"position\":2,\"name\":\"Kinder zu Besuch im Weltladen\"}]},{\"@type\":\"WebSite\",\"@id\":\"https:\/\/weltlaeden.de\/babenhausen\/#website\",\"url\":\"https:\/\/weltlaeden.de\/babenhausen\/\",\"name\":\"Weltladen Babenhausen\",\"description\":\"Faire Produkte seit 1990\",\"potentialAction\":[{\"@type\":\"SearchAction\",\"target\":{\"@type\":\"EntryPoint\",\"urlTemplate\":\"https:\/\/weltlaeden.de\/babenhausen\/?s={search_term_string}\"},\"query-input\":{\"@type\":\"PropertyValueSpecification\",\"valueRequired\":true,\"valueName\":\"search_term_string\"}}],\"inLanguage\":\"de\"},{\"@type\":\"Person\",\"@id\":\"https:\/\/weltlaeden.de\/babenhausen\/#\/schema\/person\/b72ced7c91a830afb088c33790cbdecd\",\"name\":\"gabyreckenbeil\",\"image\":{\"@type\":\"ImageObject\",\"inLanguage\":\"de\",\"@id\":\"https:\/\/weltlaeden.de\/babenhausen\/#\/schema\/person\/image\/\",\"url\":\"https:\/\/secure.gravatar.com\/avatar\/531e30531929d36e934b5796a63487e7?s=96&d=mm&r=g\",\"contentUrl\":\"https:\/\/secure.gravatar.com\/avatar\/531e30531929d36e934b5796a63487e7?s=96&d=mm&r=g\",\"caption\":\"gabyreckenbeil\"},\"url\":\"https:\/\/weltlaeden.de\/babenhausen\/author\/gabyreckenbeil\/\"}]}<\/script>\n<!-- \/ Yoast SEO plugin. -->","yoast_head_json":{"title":"Kinder zu Besuch im Weltladen - Weltladen Babenhausen","robots":{"index":"index","follow":"follow","max-snippet":"max-snippet:-1","max-image-preview":"max-image-preview:large","max-video-preview":"max-video-preview:-1"},"canonical":"https:\/\/weltlaeden.de\/babenhausen\/kinder-zu-besuch-im-weltladen\/","og_locale":"de_DE","og_type":"article","og_title":"Kinder zu Besuch im Weltladen - Weltladen Babenhausen","og_description":"Am 4. Dezember 2024 besuchten 13 Kinder im Alter von drei bis sechs Jahren mit zwei Betreuerinnen vom evangelischen Kindergarten Babenhausen den Weltladen in der Fahrstra\u00dfe. Die Kinder kamen mit der Frage: \u201eWie riecht Weihnachten?\u201c Im Fachgesch\u00e4ft f\u00fcr fairen Handel fanden sie Antworten darauf. Sie konnten an verschiedenen weihnachtlichen Gew\u00fcrzen schnuppern und herausfinden, ob sie&hellip;","og_url":"https:\/\/weltlaeden.de\/babenhausen\/kinder-zu-besuch-im-weltladen\/","og_site_name":"Weltladen Babenhausen","article_published_time":"2024-12-17T15:08:11+00:00","article_modified_time":"2024-12-17T15:22:52+00:00","og_image":[{"width":1913,"height":2560,"url":"https:\/\/weltlaeden.de\/babenhausen\/wp-content\/uploads\/sites\/107\/2024\/12\/Kindergarten4-scaled.jpg","type":"image\/jpeg"}],"author":"gabyreckenbeil","twitter_card":"summary_large_image","twitter_misc":{"Verfasst von":"gabyreckenbeil","Gesch\u00e4tzte Lesezeit":"1\u00a0Minute"},"schema":{"@context":"https:\/\/schema.org","@graph":[{"@type":"Article","@id":"https:\/\/weltlaeden.de\/babenhausen\/kinder-zu-besuch-im-weltladen\/#article","isPartOf":{"@id":"https:\/\/weltlaeden.de\/babenhausen\/kinder-zu-besuch-im-weltladen\/"},"author":{"name":"gabyreckenbeil","@id":"https:\/\/weltlaeden.de\/babenhausen\/#\/schema\/person\/b72ced7c91a830afb088c33790cbdecd"},"headline":"Kinder zu Besuch im Weltladen","datePublished":"2024-12-17T15:08:11+00:00","dateModified":"2024-12-17T15:22:52+00:00","mainEntityOfPage":{"@id":"https:\/\/weltlaeden.de\/babenhausen\/kinder-zu-besuch-im-weltladen\/"},"wordCount":129,"image":{"@id":"https:\/\/weltlaeden.de\/babenhausen\/kinder-zu-besuch-im-weltladen\/#primaryimage"},"thumbnailUrl":"https:\/\/weltlaeden.de\/babenhausen\/wp-content\/uploads\/sites\/107\/2024\/12\/Kindergarten4-scaled.jpg","keywords":["Kinder","Kindergarten"],"articleSection":["Keine Kategorie"],"inLanguage":"de"},{"@type":"WebPage","@id":"https:\/\/weltlaeden.de\/babenhausen\/kinder-zu-besuch-im-weltladen\/","url":"https:\/\/weltlaeden.de\/babenhausen\/kinder-zu-besuch-im-weltladen\/","name":"Kinder zu Besuch im Weltladen - Weltladen Babenhausen","isPartOf":{"@id":"https:\/\/weltlaeden.de\/babenhausen\/#website"},"primaryImageOfPage":{"@id":"https:\/\/weltlaeden.de\/babenhausen\/kinder-zu-besuch-im-weltladen\/#primaryimage"},"image":{"@id":"https:\/\/weltlaeden.de\/babenhausen\/kinder-zu-besuch-im-weltladen\/#primaryimage"},"thumbnailUrl":"https:\/\/weltlaeden.de\/babenhausen\/wp-content\/uploads\/sites\/107\/2024\/12\/Kindergarten4-scaled.jpg","datePublished":"2024-12-17T15:08:11+00:00","dateModified":"2024-12-17T15:22:52+00:00","author":{"@id":"https:\/\/weltlaeden.de\/babenhausen\/#\/schema\/person\/b72ced7c91a830afb088c33790cbdecd"},"breadcrumb":{"@id":"https:\/\/weltlaeden.de\/babenhausen\/kinder-zu-besuch-im-weltladen\/#breadcrumb"},"inLanguage":"de","potentialAction":[{"@type":"ReadAction","target":["https:\/\/weltlaeden.de\/babenhausen\/kinder-zu-besuch-im-weltladen\/"]}]},{"@type":"ImageObject","inLanguage":"de","@id":"https:\/\/weltlaeden.de\/babenhausen\/kinder-zu-besuch-im-weltladen\/#primaryimage","url":"https:\/\/weltlaeden.de\/babenhausen\/wp-content\/uploads\/sites\/107\/2024\/12\/Kindergarten4-scaled.jpg","contentUrl":"https:\/\/weltlaeden.de\/babenhausen\/wp-content\/uploads\/sites\/107\/2024\/12\/Kindergarten4-scaled.jpg","width":1913,"height":2560},{"@type":"BreadcrumbList","@id":"https:\/\/weltlaeden.de\/babenhausen\/kinder-zu-besuch-im-weltladen\/#breadcrumb","itemListElement":[{"@type":"ListItem","position":1,"name":"Startseite","item":"https:\/\/weltlaeden.de\/babenhausen\/"},{"@type":"ListItem","position":2,"name":"Kinder zu Besuch im Weltladen"}]},{"@type":"WebSite","@id":"https:\/\/weltlaeden.de\/babenhausen\/#website","url":"https:\/\/weltlaeden.de\/babenhausen\/","name":"Weltladen Babenhausen","description":"Faire Produkte seit 1990","potentialAction":[{"@type":"SearchAction","target":{"@type":"EntryPoint","urlTemplate":"https:\/\/weltlaeden.de\/babenhausen\/?s={search_term_string}"},"query-input":{"@type":"PropertyValueSpecification","valueRequired":true,"valueName":"search_term_string"}}],"inLanguage":"de"},{"@type":"Person","@id":"https:\/\/weltlaeden.de\/babenhausen\/#\/schema\/person\/b72ced7c91a830afb088c33790cbdecd","name":"gabyreckenbeil","image":{"@type":"ImageObject","inLanguage":"de","@id":"https:\/\/weltlaeden.de\/babenhausen\/#\/schema\/person\/image\/","url":"https:\/\/secure.gravatar.com\/avatar\/531e30531929d36e934b5796a63487e7?s=96&d=mm&r=g","contentUrl":"https:\/\/secure.gravatar.com\/avatar\/531e30531929d36e934b5796a63487e7?s=96&d=mm&r=g","caption":"gabyreckenbeil"},"url":"https:\/\/weltlaeden.de\/babenhausen\/author\/gabyreckenbeil\/"}]}},"_links":{"self":[{"href":"https:\/\/weltlaeden.de\/babenhausen\/wp-json\/wp\/v2\/posts\/1780","targetHints":{"allow":["GET"]}}],"collection":[{"href":"https:\/\/weltlaeden.de\/babenhausen\/wp-json\/wp\/v2\/posts"}],"about":[{"href":"https:\/\/weltlaeden.de\/babenhausen\/wp-json\/wp\/v2\/types\/post"}],"author":[{"embeddable":true,"href":"https:\/\/weltlaeden.de\/babenhausen\/wp-json\/wp\/v2\/users\/316"}],"replies":[{"embeddable":true,"href":"https:\/\/weltlaeden.de\/babenhausen\/wp-json\/wp\/v2\/comments?post=1780"}],"version-history":[{"count":7,"href":"https:\/\/weltlaeden.de\/babenhausen\/wp-json\/wp\/v2\/posts\/1780\/revisions"}],"predecessor-version":[{"id":1791,"href":"https:\/\/weltlaeden.de\/babenhausen\/wp-json\/wp\/v2\/posts\/1780\/revisions\/1791"}],"wp:featuredmedia":[{"embeddable":true,"href":"https:\/\/weltlaeden.de\/babenhausen\/wp-json\/wp\/v2\/media\/1786"}],"wp:attachment":[{"href":"https:\/\/weltlaeden.de\/babenhausen\/wp-json\/wp\/v2\/media?parent=1780"}],"wp:term":[{"taxonomy":"category","embeddable":true,"href":"https:\/\/weltlaeden.de\/babenhausen\/wp-json\/wp\/v2\/categories?post=1780"},{"taxonomy":"post_tag","embeddable":true,"href":"https:\/\/weltlaeden.de\/babenhausen\/wp-json\/wp\/v2\/tags?post=1780"}],"curies":[{"name":"wp","href":"https:\/\/api.w.org\/{rel}","templated":true}]}}