{"id":1650,"date":"2024-10-13T10:30:38","date_gmt":"2024-10-13T08:30:38","guid":{"rendered":"https:\/\/weltlaeden.de\/babenhausen\/?p=1650"},"modified":"2024-10-26T16:21:41","modified_gmt":"2024-10-26T14:21:41","slug":"kultur-im-weltladen","status":"publish","type":"post","link":"https:\/\/weltlaeden.de\/babenhausen\/kultur-im-weltladen\/","title":{"rendered":"KULTUR IM WELTLADEN"},"content":{"rendered":"<p><strong>Das Preview des Theaterst\u00fccks &#8222;Weiblich geboren&#8220; brachte am Samstag, 12. Oktober 2024 Theaterflair in den Weltladen.<\/strong><\/p>\n<p>Mit dieser au\u00dfergew\u00f6hnlichen Veranstaltung wurde die im Januar 2024 mit den Er\u00f6ffnungstagen der neuen Ladenr\u00e4ume begonnene Reihe der kulturellen Events im Weltladen fortgesetzt.<br \/>\nMitglieder der Schauspielensembles \u201e12 Stufen Theater\u201c aus Kleinostheim und \u201eMcKenna&#8217;s Theater\u201c aus Babenhausen pr\u00e4sentierten als Vorschau Szenen aus einem bewegenden St\u00fcck. Unter dem Titel \u201eWeiblich geboren\u201c hat die Schriftstellerin Emanuelle Delle Piane ein St\u00fcck erschaffen, das weltweite Missst\u00e4nde im Zusammenhang mit dem Leben als Frau zur Sprache bringt.<br \/>\n\u00dcber 20 Zuschauer*innen dr\u00e4ngten sich in den Verkaufsr\u00e4umen. Die f\u00fcnf authentischen Szenen, die aufw\u00fchlende Frauenschicksale darstellen, wurden von den vier Schauspielerinnen in Form von Monologen, authentisch, bewegend und &#8222;unter die Haut gehend&#8220; vorgetragen. Das Publikum war tief ber\u00fchrt und reagierte mit Stille, Aufmerksamkeit und Nachdenklichkeit w\u00e4hrend der Auff\u00fchrung und langanhaltendem, anerkennendem Applaus.<br \/>\nNach der Vorstellung gab es noch einen regen Austausch mit den Darstellerinnen und dem Regisseur.<\/p>\n<p>Dieses schwere und hintergr\u00fcndige Thema ist keine leichte Kost! Dennoch war es f\u00fcr das ehrenamtlich arbeitende Weltladen-Team ganz wichtig, diese Szenen zu zeigen, die f\u00fcr unser Engagement und unsere \u00dcberzeugungen stehen: Die Welt kann nur besser werden, wenn die weltweite Benachteiligung und Unterdr\u00fcckung von Frauen endlich beendet wird!<\/p>\n<p>Dass diese Veranstaltung so gut angenommen wurde, ermutigt uns, mit &#8222;Kultur im Weltladen&#8220; weiterzumachen &#8211; wir freuen uns auf weitere interessante Themen in 2025!<\/p>\n<p>&nbsp;<\/p>\n<p><img loading=\"lazy\" decoding=\"async\" class=\"size-medium wp-image-1654 aligncenter\" src=\"https:\/\/weltlaeden.de\/babenhausen\/wp-content\/uploads\/sites\/107\/2024\/10\/Spiel_5-211x300.jpg\" alt=\"\" width=\"211\" height=\"300\" srcset=\"https:\/\/weltlaeden.de\/babenhausen\/wp-content\/uploads\/sites\/107\/2024\/10\/Spiel_5-211x300.jpg 211w, https:\/\/weltlaeden.de\/babenhausen\/wp-content\/uploads\/sites\/107\/2024\/10\/Spiel_5-720x1024.jpg 720w, https:\/\/weltlaeden.de\/babenhausen\/wp-content\/uploads\/sites\/107\/2024\/10\/Spiel_5-768x1092.jpg 768w, https:\/\/weltlaeden.de\/babenhausen\/wp-content\/uploads\/sites\/107\/2024\/10\/Spiel_5-1080x1536.jpg 1080w, https:\/\/weltlaeden.de\/babenhausen\/wp-content\/uploads\/sites\/107\/2024\/10\/Spiel_5.jpg 1440w\" sizes=\"auto, (max-width: 211px) 100vw, 211px\" \/><\/p>\n<p>&nbsp;<\/p>\n<p><img loading=\"lazy\" decoding=\"async\" class=\"size-medium wp-image-1658 aligncenter\" src=\"https:\/\/weltlaeden.de\/babenhausen\/wp-content\/uploads\/sites\/107\/2024\/10\/Applaus2-300x197.jpg\" alt=\"\" width=\"300\" height=\"197\" srcset=\"https:\/\/weltlaeden.de\/babenhausen\/wp-content\/uploads\/sites\/107\/2024\/10\/Applaus2-300x197.jpg 300w, https:\/\/weltlaeden.de\/babenhausen\/wp-content\/uploads\/sites\/107\/2024\/10\/Applaus2-1024x672.jpg 1024w, https:\/\/weltlaeden.de\/babenhausen\/wp-content\/uploads\/sites\/107\/2024\/10\/Applaus2-768x504.jpg 768w, https:\/\/weltlaeden.de\/babenhausen\/wp-content\/uploads\/sites\/107\/2024\/10\/Applaus2-1536x1007.jpg 1536w, https:\/\/weltlaeden.de\/babenhausen\/wp-content\/uploads\/sites\/107\/2024\/10\/Applaus2.jpg 2048w\" sizes=\"auto, (max-width: 300px) 100vw, 300px\" \/><\/p>\n<p>&nbsp;<\/p>\n<p><img loading=\"lazy\" decoding=\"async\" class=\"size-medium wp-image-1653 aligncenter\" src=\"https:\/\/weltlaeden.de\/babenhausen\/wp-content\/uploads\/sites\/107\/2024\/10\/Spiel_4-300x255.jpg\" alt=\"\" width=\"300\" height=\"255\" srcset=\"https:\/\/weltlaeden.de\/babenhausen\/wp-content\/uploads\/sites\/107\/2024\/10\/Spiel_4-300x255.jpg 300w, https:\/\/weltlaeden.de\/babenhausen\/wp-content\/uploads\/sites\/107\/2024\/10\/Spiel_4-1024x869.jpg 1024w, https:\/\/weltlaeden.de\/babenhausen\/wp-content\/uploads\/sites\/107\/2024\/10\/Spiel_4-768x652.jpg 768w, https:\/\/weltlaeden.de\/babenhausen\/wp-content\/uploads\/sites\/107\/2024\/10\/Spiel_4-1536x1304.jpg 1536w, https:\/\/weltlaeden.de\/babenhausen\/wp-content\/uploads\/sites\/107\/2024\/10\/Spiel_4.jpg 2048w\" sizes=\"auto, (max-width: 300px) 100vw, 300px\" \/><\/p>\n","protected":false},"excerpt":{"rendered":"<p>Das Preview des Theaterst\u00fccks &#8222;Weiblich geboren&#8220; brachte am Samstag, 12. Oktober 2024 Theaterflair in den Weltladen. Mit dieser au\u00dfergew\u00f6hnlichen Veranstaltung wurde die im Januar 2024 mit den Er\u00f6ffnungstagen der neuen Ladenr\u00e4ume begonnene Reihe der kulturellen Events im Weltladen fortgesetzt. Mitglieder der Schauspielensembles \u201e12 Stufen Theater\u201c aus Kleinostheim und \u201eMcKenna&#8217;s Theater\u201c aus Babenhausen pr\u00e4sentierten als Vorschau&hellip;<\/p>\n","protected":false},"author":308,"featured_media":1663,"comment_status":"closed","ping_status":"closed","sticky":false,"template":"","format":"standard","meta":{"footnotes":""},"categories":[8,6,12],"tags":[19,20,21],"class_list":["post-1650","post","type-post","status-publish","format-standard","has-post-thumbnail","hentry","category-neues","category-termine-abgelaufen","category-verein","tag-kultur-im-weltladen","tag-preview-theaterstueck-weiblich-geboren","tag-veranstaltungen","category-8","category-6","category-12","description-off"],"yoast_head":"<!-- This site is optimized with the Yoast SEO plugin v26.8 - https:\/\/yoast.com\/product\/yoast-seo-wordpress\/ -->\n<title>KULTUR IM WELTLADEN - Weltladen Babenhausen<\/title>\n<meta name=\"robots\" content=\"index, follow, max-snippet:-1, max-image-preview:large, max-video-preview:-1\" \/>\n<link rel=\"canonical\" href=\"https:\/\/weltlaeden.de\/babenhausen\/kultur-im-weltladen\/\" \/>\n<meta property=\"og:locale\" content=\"de_DE\" \/>\n<meta property=\"og:type\" content=\"article\" \/>\n<meta property=\"og:title\" content=\"KULTUR IM WELTLADEN - Weltladen Babenhausen\" \/>\n<meta property=\"og:description\" content=\"Das Preview des Theaterst\u00fccks &#8222;Weiblich geboren&#8220; brachte am Samstag, 12. Oktober 2024 Theaterflair in den Weltladen. Mit dieser au\u00dfergew\u00f6hnlichen Veranstaltung wurde die im Januar 2024 mit den Er\u00f6ffnungstagen der neuen Ladenr\u00e4ume begonnene Reihe der kulturellen Events im Weltladen fortgesetzt. Mitglieder der Schauspielensembles \u201e12 Stufen Theater\u201c aus Kleinostheim und \u201eMcKenna&#8217;s Theater\u201c aus Babenhausen pr\u00e4sentierten als Vorschau&hellip;\" \/>\n<meta property=\"og:url\" content=\"https:\/\/weltlaeden.de\/babenhausen\/kultur-im-weltladen\/\" \/>\n<meta property=\"og:site_name\" content=\"Weltladen Babenhausen\" \/>\n<meta property=\"article:published_time\" content=\"2024-10-13T08:30:38+00:00\" \/>\n<meta property=\"article:modified_time\" content=\"2024-10-26T14:21:41+00:00\" \/>\n<meta property=\"og:image\" content=\"https:\/\/weltlaeden.de\/babenhausen\/wp-content\/uploads\/sites\/107\/2024\/10\/Applaus_4.jpg\" \/>\n\t<meta property=\"og:image:width\" content=\"2048\" \/>\n\t<meta property=\"og:image:height\" content=\"1152\" \/>\n\t<meta property=\"og:image:type\" content=\"image\/jpeg\" \/>\n<meta name=\"author\" content=\"kerberhock\" \/>\n<meta name=\"twitter:card\" content=\"summary_large_image\" \/>\n<meta name=\"twitter:label1\" content=\"Verfasst von\" \/>\n\t<meta name=\"twitter:data1\" content=\"kerberhock\" \/>\n\t<meta name=\"twitter:label2\" content=\"Gesch\u00e4tzte Lesezeit\" \/>\n\t<meta name=\"twitter:data2\" content=\"1\u00a0Minute\" \/>\n<script type=\"application\/ld+json\" class=\"yoast-schema-graph\">{\"@context\":\"https:\/\/schema.org\",\"@graph\":[{\"@type\":\"Article\",\"@id\":\"https:\/\/weltlaeden.de\/babenhausen\/kultur-im-weltladen\/#article\",\"isPartOf\":{\"@id\":\"https:\/\/weltlaeden.de\/babenhausen\/kultur-im-weltladen\/\"},\"author\":{\"name\":\"kerberhock\",\"@id\":\"https:\/\/weltlaeden.de\/babenhausen\/#\/schema\/person\/098872594b47e62254e1077144fe00e1\"},\"headline\":\"KULTUR IM WELTLADEN\",\"datePublished\":\"2024-10-13T08:30:38+00:00\",\"dateModified\":\"2024-10-26T14:21:41+00:00\",\"mainEntityOfPage\":{\"@id\":\"https:\/\/weltlaeden.de\/babenhausen\/kultur-im-weltladen\/\"},\"wordCount\":248,\"image\":{\"@id\":\"https:\/\/weltlaeden.de\/babenhausen\/kultur-im-weltladen\/#primaryimage\"},\"thumbnailUrl\":\"https:\/\/weltlaeden.de\/babenhausen\/wp-content\/uploads\/sites\/107\/2024\/10\/Applaus_4.jpg\",\"keywords\":[\"Kultur im Weltladen\",\"Preview Theaterst\u00fcck \\\"Weiblich geboren\\\"\",\"Veranstaltungen\"],\"articleSection\":[\"Neuigkeiten\",\"Termine: Abgelaufen\",\"Verein\"],\"inLanguage\":\"de\"},{\"@type\":\"WebPage\",\"@id\":\"https:\/\/weltlaeden.de\/babenhausen\/kultur-im-weltladen\/\",\"url\":\"https:\/\/weltlaeden.de\/babenhausen\/kultur-im-weltladen\/\",\"name\":\"KULTUR IM WELTLADEN - Weltladen Babenhausen\",\"isPartOf\":{\"@id\":\"https:\/\/weltlaeden.de\/babenhausen\/#website\"},\"primaryImageOfPage\":{\"@id\":\"https:\/\/weltlaeden.de\/babenhausen\/kultur-im-weltladen\/#primaryimage\"},\"image\":{\"@id\":\"https:\/\/weltlaeden.de\/babenhausen\/kultur-im-weltladen\/#primaryimage\"},\"thumbnailUrl\":\"https:\/\/weltlaeden.de\/babenhausen\/wp-content\/uploads\/sites\/107\/2024\/10\/Applaus_4.jpg\",\"datePublished\":\"2024-10-13T08:30:38+00:00\",\"dateModified\":\"2024-10-26T14:21:41+00:00\",\"author\":{\"@id\":\"https:\/\/weltlaeden.de\/babenhausen\/#\/schema\/person\/098872594b47e62254e1077144fe00e1\"},\"breadcrumb\":{\"@id\":\"https:\/\/weltlaeden.de\/babenhausen\/kultur-im-weltladen\/#breadcrumb\"},\"inLanguage\":\"de\",\"potentialAction\":[{\"@type\":\"ReadAction\",\"target\":[\"https:\/\/weltlaeden.de\/babenhausen\/kultur-im-weltladen\/\"]}]},{\"@type\":\"ImageObject\",\"inLanguage\":\"de\",\"@id\":\"https:\/\/weltlaeden.de\/babenhausen\/kultur-im-weltladen\/#primaryimage\",\"url\":\"https:\/\/weltlaeden.de\/babenhausen\/wp-content\/uploads\/sites\/107\/2024\/10\/Applaus_4.jpg\",\"contentUrl\":\"https:\/\/weltlaeden.de\/babenhausen\/wp-content\/uploads\/sites\/107\/2024\/10\/Applaus_4.jpg\",\"width\":2048,\"height\":1152},{\"@type\":\"BreadcrumbList\",\"@id\":\"https:\/\/weltlaeden.de\/babenhausen\/kultur-im-weltladen\/#breadcrumb\",\"itemListElement\":[{\"@type\":\"ListItem\",\"position\":1,\"name\":\"Startseite\",\"item\":\"https:\/\/weltlaeden.de\/babenhausen\/\"},{\"@type\":\"ListItem\",\"position\":2,\"name\":\"KULTUR IM WELTLADEN\"}]},{\"@type\":\"WebSite\",\"@id\":\"https:\/\/weltlaeden.de\/babenhausen\/#website\",\"url\":\"https:\/\/weltlaeden.de\/babenhausen\/\",\"name\":\"Weltladen Babenhausen\",\"description\":\"Faire Produkte seit 1990\",\"potentialAction\":[{\"@type\":\"SearchAction\",\"target\":{\"@type\":\"EntryPoint\",\"urlTemplate\":\"https:\/\/weltlaeden.de\/babenhausen\/?s={search_term_string}\"},\"query-input\":{\"@type\":\"PropertyValueSpecification\",\"valueRequired\":true,\"valueName\":\"search_term_string\"}}],\"inLanguage\":\"de\"},{\"@type\":\"Person\",\"@id\":\"https:\/\/weltlaeden.de\/babenhausen\/#\/schema\/person\/098872594b47e62254e1077144fe00e1\",\"name\":\"kerberhock\",\"image\":{\"@type\":\"ImageObject\",\"inLanguage\":\"de\",\"@id\":\"https:\/\/weltlaeden.de\/babenhausen\/#\/schema\/person\/image\/\",\"url\":\"https:\/\/secure.gravatar.com\/avatar\/50c5ed9b73cdb822384bbdb3ff22392f?s=96&d=mm&r=g\",\"contentUrl\":\"https:\/\/secure.gravatar.com\/avatar\/50c5ed9b73cdb822384bbdb3ff22392f?s=96&d=mm&r=g\",\"caption\":\"kerberhock\"},\"url\":\"https:\/\/weltlaeden.de\/babenhausen\/author\/kerberhock\/\"}]}<\/script>\n<!-- \/ Yoast SEO plugin. -->","yoast_head_json":{"title":"KULTUR IM WELTLADEN - Weltladen Babenhausen","robots":{"index":"index","follow":"follow","max-snippet":"max-snippet:-1","max-image-preview":"max-image-preview:large","max-video-preview":"max-video-preview:-1"},"canonical":"https:\/\/weltlaeden.de\/babenhausen\/kultur-im-weltladen\/","og_locale":"de_DE","og_type":"article","og_title":"KULTUR IM WELTLADEN - Weltladen Babenhausen","og_description":"Das Preview des Theaterst\u00fccks &#8222;Weiblich geboren&#8220; brachte am Samstag, 12. Oktober 2024 Theaterflair in den Weltladen. Mit dieser au\u00dfergew\u00f6hnlichen Veranstaltung wurde die im Januar 2024 mit den Er\u00f6ffnungstagen der neuen Ladenr\u00e4ume begonnene Reihe der kulturellen Events im Weltladen fortgesetzt. Mitglieder der Schauspielensembles \u201e12 Stufen Theater\u201c aus Kleinostheim und \u201eMcKenna&#8217;s Theater\u201c aus Babenhausen pr\u00e4sentierten als Vorschau&hellip;","og_url":"https:\/\/weltlaeden.de\/babenhausen\/kultur-im-weltladen\/","og_site_name":"Weltladen Babenhausen","article_published_time":"2024-10-13T08:30:38+00:00","article_modified_time":"2024-10-26T14:21:41+00:00","og_image":[{"width":2048,"height":1152,"url":"https:\/\/weltlaeden.de\/babenhausen\/wp-content\/uploads\/sites\/107\/2024\/10\/Applaus_4.jpg","type":"image\/jpeg"}],"author":"kerberhock","twitter_card":"summary_large_image","twitter_misc":{"Verfasst von":"kerberhock","Gesch\u00e4tzte Lesezeit":"1\u00a0Minute"},"schema":{"@context":"https:\/\/schema.org","@graph":[{"@type":"Article","@id":"https:\/\/weltlaeden.de\/babenhausen\/kultur-im-weltladen\/#article","isPartOf":{"@id":"https:\/\/weltlaeden.de\/babenhausen\/kultur-im-weltladen\/"},"author":{"name":"kerberhock","@id":"https:\/\/weltlaeden.de\/babenhausen\/#\/schema\/person\/098872594b47e62254e1077144fe00e1"},"headline":"KULTUR IM WELTLADEN","datePublished":"2024-10-13T08:30:38+00:00","dateModified":"2024-10-26T14:21:41+00:00","mainEntityOfPage":{"@id":"https:\/\/weltlaeden.de\/babenhausen\/kultur-im-weltladen\/"},"wordCount":248,"image":{"@id":"https:\/\/weltlaeden.de\/babenhausen\/kultur-im-weltladen\/#primaryimage"},"thumbnailUrl":"https:\/\/weltlaeden.de\/babenhausen\/wp-content\/uploads\/sites\/107\/2024\/10\/Applaus_4.jpg","keywords":["Kultur im Weltladen","Preview Theaterst\u00fcck \"Weiblich geboren\"","Veranstaltungen"],"articleSection":["Neuigkeiten","Termine: Abgelaufen","Verein"],"inLanguage":"de"},{"@type":"WebPage","@id":"https:\/\/weltlaeden.de\/babenhausen\/kultur-im-weltladen\/","url":"https:\/\/weltlaeden.de\/babenhausen\/kultur-im-weltladen\/","name":"KULTUR IM WELTLADEN - Weltladen Babenhausen","isPartOf":{"@id":"https:\/\/weltlaeden.de\/babenhausen\/#website"},"primaryImageOfPage":{"@id":"https:\/\/weltlaeden.de\/babenhausen\/kultur-im-weltladen\/#primaryimage"},"image":{"@id":"https:\/\/weltlaeden.de\/babenhausen\/kultur-im-weltladen\/#primaryimage"},"thumbnailUrl":"https:\/\/weltlaeden.de\/babenhausen\/wp-content\/uploads\/sites\/107\/2024\/10\/Applaus_4.jpg","datePublished":"2024-10-13T08:30:38+00:00","dateModified":"2024-10-26T14:21:41+00:00","author":{"@id":"https:\/\/weltlaeden.de\/babenhausen\/#\/schema\/person\/098872594b47e62254e1077144fe00e1"},"breadcrumb":{"@id":"https:\/\/weltlaeden.de\/babenhausen\/kultur-im-weltladen\/#breadcrumb"},"inLanguage":"de","potentialAction":[{"@type":"ReadAction","target":["https:\/\/weltlaeden.de\/babenhausen\/kultur-im-weltladen\/"]}]},{"@type":"ImageObject","inLanguage":"de","@id":"https:\/\/weltlaeden.de\/babenhausen\/kultur-im-weltladen\/#primaryimage","url":"https:\/\/weltlaeden.de\/babenhausen\/wp-content\/uploads\/sites\/107\/2024\/10\/Applaus_4.jpg","contentUrl":"https:\/\/weltlaeden.de\/babenhausen\/wp-content\/uploads\/sites\/107\/2024\/10\/Applaus_4.jpg","width":2048,"height":1152},{"@type":"BreadcrumbList","@id":"https:\/\/weltlaeden.de\/babenhausen\/kultur-im-weltladen\/#breadcrumb","itemListElement":[{"@type":"ListItem","position":1,"name":"Startseite","item":"https:\/\/weltlaeden.de\/babenhausen\/"},{"@type":"ListItem","position":2,"name":"KULTUR IM WELTLADEN"}]},{"@type":"WebSite","@id":"https:\/\/weltlaeden.de\/babenhausen\/#website","url":"https:\/\/weltlaeden.de\/babenhausen\/","name":"Weltladen Babenhausen","description":"Faire Produkte seit 1990","potentialAction":[{"@type":"SearchAction","target":{"@type":"EntryPoint","urlTemplate":"https:\/\/weltlaeden.de\/babenhausen\/?s={search_term_string}"},"query-input":{"@type":"PropertyValueSpecification","valueRequired":true,"valueName":"search_term_string"}}],"inLanguage":"de"},{"@type":"Person","@id":"https:\/\/weltlaeden.de\/babenhausen\/#\/schema\/person\/098872594b47e62254e1077144fe00e1","name":"kerberhock","image":{"@type":"ImageObject","inLanguage":"de","@id":"https:\/\/weltlaeden.de\/babenhausen\/#\/schema\/person\/image\/","url":"https:\/\/secure.gravatar.com\/avatar\/50c5ed9b73cdb822384bbdb3ff22392f?s=96&d=mm&r=g","contentUrl":"https:\/\/secure.gravatar.com\/avatar\/50c5ed9b73cdb822384bbdb3ff22392f?s=96&d=mm&r=g","caption":"kerberhock"},"url":"https:\/\/weltlaeden.de\/babenhausen\/author\/kerberhock\/"}]}},"_links":{"self":[{"href":"https:\/\/weltlaeden.de\/babenhausen\/wp-json\/wp\/v2\/posts\/1650","targetHints":{"allow":["GET"]}}],"collection":[{"href":"https:\/\/weltlaeden.de\/babenhausen\/wp-json\/wp\/v2\/posts"}],"about":[{"href":"https:\/\/weltlaeden.de\/babenhausen\/wp-json\/wp\/v2\/types\/post"}],"author":[{"embeddable":true,"href":"https:\/\/weltlaeden.de\/babenhausen\/wp-json\/wp\/v2\/users\/308"}],"replies":[{"embeddable":true,"href":"https:\/\/weltlaeden.de\/babenhausen\/wp-json\/wp\/v2\/comments?post=1650"}],"version-history":[{"count":7,"href":"https:\/\/weltlaeden.de\/babenhausen\/wp-json\/wp\/v2\/posts\/1650\/revisions"}],"predecessor-version":[{"id":1680,"href":"https:\/\/weltlaeden.de\/babenhausen\/wp-json\/wp\/v2\/posts\/1650\/revisions\/1680"}],"wp:featuredmedia":[{"embeddable":true,"href":"https:\/\/weltlaeden.de\/babenhausen\/wp-json\/wp\/v2\/media\/1663"}],"wp:attachment":[{"href":"https:\/\/weltlaeden.de\/babenhausen\/wp-json\/wp\/v2\/media?parent=1650"}],"wp:term":[{"taxonomy":"category","embeddable":true,"href":"https:\/\/weltlaeden.de\/babenhausen\/wp-json\/wp\/v2\/categories?post=1650"},{"taxonomy":"post_tag","embeddable":true,"href":"https:\/\/weltlaeden.de\/babenhausen\/wp-json\/wp\/v2\/tags?post=1650"}],"curies":[{"name":"wp","href":"https:\/\/api.w.org\/{rel}","templated":true}]}}