{"id":1545,"date":"2024-07-19T13:21:19","date_gmt":"2024-07-19T11:21:19","guid":{"rendered":"https:\/\/weltlaeden.de\/babenhausen\/?p=1545"},"modified":"2024-07-22T10:25:57","modified_gmt":"2024-07-22T08:25:57","slug":"neuigkeiten-von-der-fachmesse-in-bad-hersfeld-vegane-produkte-und-vieles-mehr","status":"publish","type":"post","link":"https:\/\/weltlaeden.de\/babenhausen\/neuigkeiten-von-der-fachmesse-in-bad-hersfeld-vegane-produkte-und-vieles-mehr\/","title":{"rendered":"NEUIGKEITEN &#8211; von der Fachmesse in Bad Hersfeld, vegane Produkte und vieles mehr&#8230;"},"content":{"rendered":"<p><strong>Veganes Kochen leichtgemacht &#8211; neue Produktpalette im Weltladen Babenhausen!<\/strong><\/p>\n<p>Immer mehr Menschen ern\u00e4hren sich bewusst vegetarisch, manche sind \u201eFlexitarier\u201c und wechseln zwischen Fisch, Fleisch und vegetarischem Essen ab. Seit einiger Zeit gibt es auch immer mehr Veganer \u2013 vor allem unter jungen Menschen. Ihnen geht es darum, gesunde Nahrungsmittel zu konsumieren, bei denen keine Tiere get\u00f6tet oder gequ\u00e4lt worden sind.<\/p>\n<p>Unser Weltladen \u2013 das Fachgesch\u00e4ft f\u00fcr den fairen Handel in Babenhausen &#8211; bietet nun die Gelegenheit, sich unkompliziert selbst einen Geschmackseindruck zu verschaffen.<\/p>\n<p>Mitarbeiterinnen von uns sind zu einer Fachmesse nach Bad Hersfeld gefahren und haben verschiedene Produkte eingekauft, wie z.B. Braunen Reis, Glasnudeln, Gew\u00fcrzpasten, mit denen leckere vegane Gerichte ganz einfach und schnell zubereitet werden k\u00f6nnen z.B. Bami Goreng mit Tofu. Dazu haben wir auch viele Rezepte f\u00fcr\u00a0 leckere Gerichte.<\/p>\n<p>Diese Produkte werden von \u201eFairtrade Original\u201c einer niederl\u00e4ndischen Organisation vertrieben, die seit 1959 (!) die Idee des fairen Handels in die Praxis umsetzt. Unter <a href=\"https:\/\/shop.fairtradeoriginal.de\/\">www.fairtradeoriginal.de<\/a> kann man sich genauer \u00fcber deren beispielhafte Arbeit informieren.<\/p>\n<p><strong>Wellness und Kunsthandwerk<\/strong><\/p>\n<p>Rechtzeitig zur Ferienzeit haben wir auch sch\u00f6ne Wellness- und beliebte Kunsthandwerksprodukte neu eingekauft.<br \/>\nVon der Firma Contigo &#8211; <strong>Schlafmasken<\/strong> aus Baumwolle und Satin, die in Vietnam von Craft Beauty Hanoi hergestellt werden, genauso wie die ger\u00e4umigen <strong>Wendetaschen<\/strong> aus bedruckter Baumwolle mit herausnehmbarer B\u00f6rse. Weitere Infos unter <a href=\"https:\/\/fairtrade.contigo.de\/?wiki=craft-beauty\">https:\/\/fairtrade.contigo.de\/?wiki=craft-beauty<\/a><\/p>\n<p><img loading=\"lazy\" decoding=\"async\" class=\"aligncenter wp-image-1556\" src=\"https:\/\/weltlaeden.de\/babenhausen\/wp-content\/uploads\/sites\/107\/2024\/07\/20240701_1414042-300x225.jpg\" alt=\"\" width=\"200\" height=\"150\" srcset=\"https:\/\/weltlaeden.de\/babenhausen\/wp-content\/uploads\/sites\/107\/2024\/07\/20240701_1414042-300x225.jpg 300w, https:\/\/weltlaeden.de\/babenhausen\/wp-content\/uploads\/sites\/107\/2024\/07\/20240701_1414042-1024x768.jpg 1024w, https:\/\/weltlaeden.de\/babenhausen\/wp-content\/uploads\/sites\/107\/2024\/07\/20240701_1414042-768x576.jpg 768w, https:\/\/weltlaeden.de\/babenhausen\/wp-content\/uploads\/sites\/107\/2024\/07\/20240701_1414042-1536x1152.jpg 1536w, https:\/\/weltlaeden.de\/babenhausen\/wp-content\/uploads\/sites\/107\/2024\/07\/20240701_1414042.jpg 2048w\" sizes=\"auto, (max-width: 200px) 100vw, 200px\" \/><\/p>\n<p>Ein Renner sind auch immer die<strong> Handytaschen <\/strong>aus S\u00fcdafrika. Diese kleinen Baumwolltaschen mit Shweshwe-Applikationen und Perlenstickerei werden von <a href=\"https:\/\/trusted-craft.com\/epages\/6c9a1d0c-f32e-4272-8a76-470ab8714118.sf\/de_DE\/?ObjectPath=\/Shops\/6c9a1d0c-f32e-4272-8a76-470ab8714118\/Categories\/WEZANDLA_CRAFTS1\">Wezandla-Crafts<\/a> in den Ausl\u00e4ufern der Drakensberge \u00a0mit viel Liebe zum Detail gefertigt. Rei\u00dfverschluss oben, innen gef\u00fcttert mit Baumwollstoff, gepolstert. Auch als Brillenetui zu nutzen.<br \/>\nWer Filzh\u00fcllen f\u00fcr sein Smartphone bevorzugt, kann sich bei unseren Produkten aus Nepal umsehen. Weitere Infos unter <a href=\"https:\/\/www.akarfairtrade.de\/Manushi-Nepal\">https:\/\/www.akarfairtrade.de\/Manushi-Nepal<\/a><\/p>\n<p><img loading=\"lazy\" decoding=\"async\" class=\"aligncenter wp-image-1554\" src=\"https:\/\/weltlaeden.de\/babenhausen\/wp-content\/uploads\/sites\/107\/2024\/07\/IMG_8242-300x233.jpg\" alt=\"\" width=\"193\" height=\"150\" srcset=\"https:\/\/weltlaeden.de\/babenhausen\/wp-content\/uploads\/sites\/107\/2024\/07\/IMG_8242-300x233.jpg 300w, https:\/\/weltlaeden.de\/babenhausen\/wp-content\/uploads\/sites\/107\/2024\/07\/IMG_8242-1024x796.jpg 1024w, https:\/\/weltlaeden.de\/babenhausen\/wp-content\/uploads\/sites\/107\/2024\/07\/IMG_8242-768x597.jpg 768w, https:\/\/weltlaeden.de\/babenhausen\/wp-content\/uploads\/sites\/107\/2024\/07\/IMG_8242-1536x1194.jpg 1536w, https:\/\/weltlaeden.de\/babenhausen\/wp-content\/uploads\/sites\/107\/2024\/07\/IMG_8242.jpg 1917w\" sizes=\"auto, (max-width: 193px) 100vw, 193px\" \/><\/p>\n<p>Wie w\u00e4re es mit einem flotten <strong>Sonnenhut<\/strong> aus Korb und Palmenblatt, hergestellt in Mexiko? Oder gef\u00e4llt Ihnen vielleicht eine von unseren sch\u00f6nen <strong>Korbtaschen<\/strong> aus nat\u00fcrlich gef\u00e4rbtem Raphiabast (Blattfasern der Raphiapalme)? Diese werden in einer Fair Trade Werkstatt in Madagaskar, der Heimat der Raphia-Palme designt und gefertigt. Die \u00fcber 40 Festangestellten erhalten einen Lohn, der deutlich \u00fcber dem landesweiten Mindestlohn liegt und zudem eine Gesundheits- und Rentenversicherung abdeckt. Weitere Infos unter <a href=\"https:\/\/www.globo-fairtrade.com\/korbemadagaskar\">https:\/\/www.globo-fairtrade.com\/korbemadagaskar<\/a><\/p>\n<p><img loading=\"lazy\" decoding=\"async\" class=\"aligncenter wp-image-1551\" src=\"https:\/\/weltlaeden.de\/babenhausen\/wp-content\/uploads\/sites\/107\/2024\/07\/IMG_8241-300x268.jpg\" alt=\"\" width=\"200\" height=\"178\" srcset=\"https:\/\/weltlaeden.de\/babenhausen\/wp-content\/uploads\/sites\/107\/2024\/07\/IMG_8241-300x268.jpg 300w, https:\/\/weltlaeden.de\/babenhausen\/wp-content\/uploads\/sites\/107\/2024\/07\/IMG_8241-1024x913.jpg 1024w, https:\/\/weltlaeden.de\/babenhausen\/wp-content\/uploads\/sites\/107\/2024\/07\/IMG_8241-768x685.jpg 768w, https:\/\/weltlaeden.de\/babenhausen\/wp-content\/uploads\/sites\/107\/2024\/07\/IMG_8241.jpg 1275w\" sizes=\"auto, (max-width: 200px) 100vw, 200px\" \/><\/p>\n<p>Zu unserem immer reichhaltigen Angebot an <strong>Silber- und Modeschmuck<\/strong> ist jetzt ein praktisch-filigraner <strong>Glasperlenschmuck<\/strong> (Armb\u00e4nder und nickelfreie Ohrh\u00e4nger) hinzugekommen. Er ist aus der Produktentwicklungszeit der Coronakrise S\u00fcdafrikas entstanden, um die Heimarbeit der Zulufrauen rund um Elandskraal, im tiefen Zululand zu f\u00f6rdern. Hersteller: <a href=\"https:\/\/trusted-craft.com\/epages\/6c9a1d0c-f32e-4272-8a76-470ab8714118.sf\/de_DE\/?ObjectPath=\/Shops\/6c9a1d0c-f32e-4272-8a76-470ab8714118\/Categories\/ABOUT\/%22WEZANDLA%20CRAFTS%22\">Wezandla Crafts<\/a><\/p>\n<p><img loading=\"lazy\" decoding=\"async\" class=\"aligncenter wp-image-1553\" src=\"https:\/\/weltlaeden.de\/babenhausen\/wp-content\/uploads\/sites\/107\/2024\/07\/IMG_8246-300x232.jpg\" alt=\"\" width=\"200\" height=\"155\" \/><\/p>\n<p>Reinschauen und St\u00f6bern lohnt sich!<\/p>\n<p><strong>Unsere \u00d6ffnungszeiten:<\/strong><br \/>\nMontags bis samstags von 9.30 \u2013 12.30 Uhr und montags, dienstags, donnerstags und freitags von 15-18 Uhr.<br \/>\n<strong>&#8230; und im Sommer vom 29.07. &#8211; 10.08.2024 hat der Weltladen Montag bis Samstag nur vormittags von 9.30 &#8211; 12.30 Uhr ge\u00f6ffnet.<\/strong><\/p>\n<p>Das ehrenamtliche Weltladenteam freut sich auf Ihren Besuch!<\/p>\n<h6><\/h6>\n<h6>Quelle: Hans-Joachim Greifenstein, Gaby Reckenbeil, Kornelia Kerber-Hock<\/h6>\n","protected":false},"excerpt":{"rendered":"<p>Veganes Kochen leichtgemacht &#8211; neue Produktpalette im Weltladen Babenhausen! Immer mehr Menschen ern\u00e4hren sich bewusst vegetarisch, manche sind \u201eFlexitarier\u201c und wechseln zwischen Fisch, Fleisch und vegetarischem Essen ab. Seit einiger Zeit gibt es auch immer mehr Veganer \u2013 vor allem unter jungen Menschen. Ihnen geht es darum, gesunde Nahrungsmittel zu konsumieren, bei denen keine Tiere&hellip;<\/p>\n","protected":false},"author":308,"featured_media":1547,"comment_status":"closed","ping_status":"closed","sticky":false,"template":"","format":"standard","meta":{"footnotes":""},"categories":[8,12],"tags":[18,16,17],"class_list":["post-1545","post","type-post","status-publish","format-standard","has-post-thumbnail","hentry","category-neues","category-verein","tag-kunsthandwerk","tag-vegane-kueche","tag-wellness","category-8","category-12","description-off"],"yoast_head":"<!-- This site is optimized with the Yoast SEO plugin v26.8 - https:\/\/yoast.com\/product\/yoast-seo-wordpress\/ -->\n<title>NEUIGKEITEN - von der Fachmesse in Bad Hersfeld, vegane Produkte und vieles mehr... - Weltladen Babenhausen<\/title>\n<meta name=\"robots\" content=\"index, follow, max-snippet:-1, max-image-preview:large, max-video-preview:-1\" \/>\n<link rel=\"canonical\" href=\"https:\/\/weltlaeden.de\/babenhausen\/neuigkeiten-von-der-fachmesse-in-bad-hersfeld-vegane-produkte-und-vieles-mehr\/\" \/>\n<meta property=\"og:locale\" content=\"de_DE\" \/>\n<meta property=\"og:type\" content=\"article\" \/>\n<meta property=\"og:title\" content=\"NEUIGKEITEN - von der Fachmesse in Bad Hersfeld, vegane Produkte und vieles mehr... - Weltladen Babenhausen\" \/>\n<meta property=\"og:description\" content=\"Veganes Kochen leichtgemacht &#8211; neue Produktpalette im Weltladen Babenhausen! Immer mehr Menschen ern\u00e4hren sich bewusst vegetarisch, manche sind \u201eFlexitarier\u201c und wechseln zwischen Fisch, Fleisch und vegetarischem Essen ab. Seit einiger Zeit gibt es auch immer mehr Veganer \u2013 vor allem unter jungen Menschen. Ihnen geht es darum, gesunde Nahrungsmittel zu konsumieren, bei denen keine Tiere&hellip;\" \/>\n<meta property=\"og:url\" content=\"https:\/\/weltlaeden.de\/babenhausen\/neuigkeiten-von-der-fachmesse-in-bad-hersfeld-vegane-produkte-und-vieles-mehr\/\" \/>\n<meta property=\"og:site_name\" content=\"Weltladen Babenhausen\" \/>\n<meta property=\"article:published_time\" content=\"2024-07-19T11:21:19+00:00\" \/>\n<meta property=\"article:modified_time\" content=\"2024-07-22T08:25:57+00:00\" \/>\n<meta property=\"og:image\" content=\"https:\/\/weltlaeden.de\/babenhausen\/wp-content\/uploads\/sites\/107\/2024\/07\/Vegan-1.jpg\" \/>\n\t<meta property=\"og:image:width\" content=\"1587\" \/>\n\t<meta property=\"og:image:height\" content=\"2048\" \/>\n\t<meta property=\"og:image:type\" content=\"image\/jpeg\" \/>\n<meta name=\"author\" content=\"kerberhock\" \/>\n<meta name=\"twitter:card\" content=\"summary_large_image\" \/>\n<meta name=\"twitter:label1\" content=\"Verfasst von\" \/>\n\t<meta name=\"twitter:data1\" content=\"kerberhock\" \/>\n\t<meta name=\"twitter:label2\" content=\"Gesch\u00e4tzte Lesezeit\" \/>\n\t<meta name=\"twitter:data2\" content=\"2\u00a0Minuten\" \/>\n<script type=\"application\/ld+json\" class=\"yoast-schema-graph\">{\"@context\":\"https:\/\/schema.org\",\"@graph\":[{\"@type\":\"Article\",\"@id\":\"https:\/\/weltlaeden.de\/babenhausen\/neuigkeiten-von-der-fachmesse-in-bad-hersfeld-vegane-produkte-und-vieles-mehr\/#article\",\"isPartOf\":{\"@id\":\"https:\/\/weltlaeden.de\/babenhausen\/neuigkeiten-von-der-fachmesse-in-bad-hersfeld-vegane-produkte-und-vieles-mehr\/\"},\"author\":{\"name\":\"kerberhock\",\"@id\":\"https:\/\/weltlaeden.de\/babenhausen\/#\/schema\/person\/098872594b47e62254e1077144fe00e1\"},\"headline\":\"NEUIGKEITEN &#8211; von der Fachmesse in Bad Hersfeld, vegane Produkte und vieles mehr&#8230;\",\"datePublished\":\"2024-07-19T11:21:19+00:00\",\"dateModified\":\"2024-07-22T08:25:57+00:00\",\"mainEntityOfPage\":{\"@id\":\"https:\/\/weltlaeden.de\/babenhausen\/neuigkeiten-von-der-fachmesse-in-bad-hersfeld-vegane-produkte-und-vieles-mehr\/\"},\"wordCount\":497,\"image\":{\"@id\":\"https:\/\/weltlaeden.de\/babenhausen\/neuigkeiten-von-der-fachmesse-in-bad-hersfeld-vegane-produkte-und-vieles-mehr\/#primaryimage\"},\"thumbnailUrl\":\"https:\/\/weltlaeden.de\/babenhausen\/wp-content\/uploads\/sites\/107\/2024\/07\/Vegan-1.jpg\",\"keywords\":[\"Kunsthandwerk\",\"Vegane K\u00fcche\",\"Wellness\"],\"articleSection\":[\"Neuigkeiten\",\"Verein\"],\"inLanguage\":\"de\"},{\"@type\":\"WebPage\",\"@id\":\"https:\/\/weltlaeden.de\/babenhausen\/neuigkeiten-von-der-fachmesse-in-bad-hersfeld-vegane-produkte-und-vieles-mehr\/\",\"url\":\"https:\/\/weltlaeden.de\/babenhausen\/neuigkeiten-von-der-fachmesse-in-bad-hersfeld-vegane-produkte-und-vieles-mehr\/\",\"name\":\"NEUIGKEITEN - von der Fachmesse in Bad Hersfeld, vegane Produkte und vieles mehr... - Weltladen Babenhausen\",\"isPartOf\":{\"@id\":\"https:\/\/weltlaeden.de\/babenhausen\/#website\"},\"primaryImageOfPage\":{\"@id\":\"https:\/\/weltlaeden.de\/babenhausen\/neuigkeiten-von-der-fachmesse-in-bad-hersfeld-vegane-produkte-und-vieles-mehr\/#primaryimage\"},\"image\":{\"@id\":\"https:\/\/weltlaeden.de\/babenhausen\/neuigkeiten-von-der-fachmesse-in-bad-hersfeld-vegane-produkte-und-vieles-mehr\/#primaryimage\"},\"thumbnailUrl\":\"https:\/\/weltlaeden.de\/babenhausen\/wp-content\/uploads\/sites\/107\/2024\/07\/Vegan-1.jpg\",\"datePublished\":\"2024-07-19T11:21:19+00:00\",\"dateModified\":\"2024-07-22T08:25:57+00:00\",\"author\":{\"@id\":\"https:\/\/weltlaeden.de\/babenhausen\/#\/schema\/person\/098872594b47e62254e1077144fe00e1\"},\"breadcrumb\":{\"@id\":\"https:\/\/weltlaeden.de\/babenhausen\/neuigkeiten-von-der-fachmesse-in-bad-hersfeld-vegane-produkte-und-vieles-mehr\/#breadcrumb\"},\"inLanguage\":\"de\",\"potentialAction\":[{\"@type\":\"ReadAction\",\"target\":[\"https:\/\/weltlaeden.de\/babenhausen\/neuigkeiten-von-der-fachmesse-in-bad-hersfeld-vegane-produkte-und-vieles-mehr\/\"]}]},{\"@type\":\"ImageObject\",\"inLanguage\":\"de\",\"@id\":\"https:\/\/weltlaeden.de\/babenhausen\/neuigkeiten-von-der-fachmesse-in-bad-hersfeld-vegane-produkte-und-vieles-mehr\/#primaryimage\",\"url\":\"https:\/\/weltlaeden.de\/babenhausen\/wp-content\/uploads\/sites\/107\/2024\/07\/Vegan-1.jpg\",\"contentUrl\":\"https:\/\/weltlaeden.de\/babenhausen\/wp-content\/uploads\/sites\/107\/2024\/07\/Vegan-1.jpg\",\"width\":1587,\"height\":2048},{\"@type\":\"BreadcrumbList\",\"@id\":\"https:\/\/weltlaeden.de\/babenhausen\/neuigkeiten-von-der-fachmesse-in-bad-hersfeld-vegane-produkte-und-vieles-mehr\/#breadcrumb\",\"itemListElement\":[{\"@type\":\"ListItem\",\"position\":1,\"name\":\"Startseite\",\"item\":\"https:\/\/weltlaeden.de\/babenhausen\/\"},{\"@type\":\"ListItem\",\"position\":2,\"name\":\"NEUIGKEITEN &#8211; von der Fachmesse in Bad Hersfeld, vegane Produkte und vieles mehr&#8230;\"}]},{\"@type\":\"WebSite\",\"@id\":\"https:\/\/weltlaeden.de\/babenhausen\/#website\",\"url\":\"https:\/\/weltlaeden.de\/babenhausen\/\",\"name\":\"Weltladen Babenhausen\",\"description\":\"Faire Produkte seit 1990\",\"potentialAction\":[{\"@type\":\"SearchAction\",\"target\":{\"@type\":\"EntryPoint\",\"urlTemplate\":\"https:\/\/weltlaeden.de\/babenhausen\/?s={search_term_string}\"},\"query-input\":{\"@type\":\"PropertyValueSpecification\",\"valueRequired\":true,\"valueName\":\"search_term_string\"}}],\"inLanguage\":\"de\"},{\"@type\":\"Person\",\"@id\":\"https:\/\/weltlaeden.de\/babenhausen\/#\/schema\/person\/098872594b47e62254e1077144fe00e1\",\"name\":\"kerberhock\",\"image\":{\"@type\":\"ImageObject\",\"inLanguage\":\"de\",\"@id\":\"https:\/\/weltlaeden.de\/babenhausen\/#\/schema\/person\/image\/\",\"url\":\"https:\/\/secure.gravatar.com\/avatar\/50c5ed9b73cdb822384bbdb3ff22392f?s=96&d=mm&r=g\",\"contentUrl\":\"https:\/\/secure.gravatar.com\/avatar\/50c5ed9b73cdb822384bbdb3ff22392f?s=96&d=mm&r=g\",\"caption\":\"kerberhock\"},\"url\":\"https:\/\/weltlaeden.de\/babenhausen\/author\/kerberhock\/\"}]}<\/script>\n<!-- \/ Yoast SEO plugin. -->","yoast_head_json":{"title":"NEUIGKEITEN - von der Fachmesse in Bad Hersfeld, vegane Produkte und vieles mehr... - Weltladen Babenhausen","robots":{"index":"index","follow":"follow","max-snippet":"max-snippet:-1","max-image-preview":"max-image-preview:large","max-video-preview":"max-video-preview:-1"},"canonical":"https:\/\/weltlaeden.de\/babenhausen\/neuigkeiten-von-der-fachmesse-in-bad-hersfeld-vegane-produkte-und-vieles-mehr\/","og_locale":"de_DE","og_type":"article","og_title":"NEUIGKEITEN - von der Fachmesse in Bad Hersfeld, vegane Produkte und vieles mehr... - Weltladen Babenhausen","og_description":"Veganes Kochen leichtgemacht &#8211; neue Produktpalette im Weltladen Babenhausen! Immer mehr Menschen ern\u00e4hren sich bewusst vegetarisch, manche sind \u201eFlexitarier\u201c und wechseln zwischen Fisch, Fleisch und vegetarischem Essen ab. Seit einiger Zeit gibt es auch immer mehr Veganer \u2013 vor allem unter jungen Menschen. Ihnen geht es darum, gesunde Nahrungsmittel zu konsumieren, bei denen keine Tiere&hellip;","og_url":"https:\/\/weltlaeden.de\/babenhausen\/neuigkeiten-von-der-fachmesse-in-bad-hersfeld-vegane-produkte-und-vieles-mehr\/","og_site_name":"Weltladen Babenhausen","article_published_time":"2024-07-19T11:21:19+00:00","article_modified_time":"2024-07-22T08:25:57+00:00","og_image":[{"width":1587,"height":2048,"url":"https:\/\/weltlaeden.de\/babenhausen\/wp-content\/uploads\/sites\/107\/2024\/07\/Vegan-1.jpg","type":"image\/jpeg"}],"author":"kerberhock","twitter_card":"summary_large_image","twitter_misc":{"Verfasst von":"kerberhock","Gesch\u00e4tzte Lesezeit":"2\u00a0Minuten"},"schema":{"@context":"https:\/\/schema.org","@graph":[{"@type":"Article","@id":"https:\/\/weltlaeden.de\/babenhausen\/neuigkeiten-von-der-fachmesse-in-bad-hersfeld-vegane-produkte-und-vieles-mehr\/#article","isPartOf":{"@id":"https:\/\/weltlaeden.de\/babenhausen\/neuigkeiten-von-der-fachmesse-in-bad-hersfeld-vegane-produkte-und-vieles-mehr\/"},"author":{"name":"kerberhock","@id":"https:\/\/weltlaeden.de\/babenhausen\/#\/schema\/person\/098872594b47e62254e1077144fe00e1"},"headline":"NEUIGKEITEN &#8211; von der Fachmesse in Bad Hersfeld, vegane Produkte und vieles mehr&#8230;","datePublished":"2024-07-19T11:21:19+00:00","dateModified":"2024-07-22T08:25:57+00:00","mainEntityOfPage":{"@id":"https:\/\/weltlaeden.de\/babenhausen\/neuigkeiten-von-der-fachmesse-in-bad-hersfeld-vegane-produkte-und-vieles-mehr\/"},"wordCount":497,"image":{"@id":"https:\/\/weltlaeden.de\/babenhausen\/neuigkeiten-von-der-fachmesse-in-bad-hersfeld-vegane-produkte-und-vieles-mehr\/#primaryimage"},"thumbnailUrl":"https:\/\/weltlaeden.de\/babenhausen\/wp-content\/uploads\/sites\/107\/2024\/07\/Vegan-1.jpg","keywords":["Kunsthandwerk","Vegane K\u00fcche","Wellness"],"articleSection":["Neuigkeiten","Verein"],"inLanguage":"de"},{"@type":"WebPage","@id":"https:\/\/weltlaeden.de\/babenhausen\/neuigkeiten-von-der-fachmesse-in-bad-hersfeld-vegane-produkte-und-vieles-mehr\/","url":"https:\/\/weltlaeden.de\/babenhausen\/neuigkeiten-von-der-fachmesse-in-bad-hersfeld-vegane-produkte-und-vieles-mehr\/","name":"NEUIGKEITEN - von der Fachmesse in Bad Hersfeld, vegane Produkte und vieles mehr... - Weltladen Babenhausen","isPartOf":{"@id":"https:\/\/weltlaeden.de\/babenhausen\/#website"},"primaryImageOfPage":{"@id":"https:\/\/weltlaeden.de\/babenhausen\/neuigkeiten-von-der-fachmesse-in-bad-hersfeld-vegane-produkte-und-vieles-mehr\/#primaryimage"},"image":{"@id":"https:\/\/weltlaeden.de\/babenhausen\/neuigkeiten-von-der-fachmesse-in-bad-hersfeld-vegane-produkte-und-vieles-mehr\/#primaryimage"},"thumbnailUrl":"https:\/\/weltlaeden.de\/babenhausen\/wp-content\/uploads\/sites\/107\/2024\/07\/Vegan-1.jpg","datePublished":"2024-07-19T11:21:19+00:00","dateModified":"2024-07-22T08:25:57+00:00","author":{"@id":"https:\/\/weltlaeden.de\/babenhausen\/#\/schema\/person\/098872594b47e62254e1077144fe00e1"},"breadcrumb":{"@id":"https:\/\/weltlaeden.de\/babenhausen\/neuigkeiten-von-der-fachmesse-in-bad-hersfeld-vegane-produkte-und-vieles-mehr\/#breadcrumb"},"inLanguage":"de","potentialAction":[{"@type":"ReadAction","target":["https:\/\/weltlaeden.de\/babenhausen\/neuigkeiten-von-der-fachmesse-in-bad-hersfeld-vegane-produkte-und-vieles-mehr\/"]}]},{"@type":"ImageObject","inLanguage":"de","@id":"https:\/\/weltlaeden.de\/babenhausen\/neuigkeiten-von-der-fachmesse-in-bad-hersfeld-vegane-produkte-und-vieles-mehr\/#primaryimage","url":"https:\/\/weltlaeden.de\/babenhausen\/wp-content\/uploads\/sites\/107\/2024\/07\/Vegan-1.jpg","contentUrl":"https:\/\/weltlaeden.de\/babenhausen\/wp-content\/uploads\/sites\/107\/2024\/07\/Vegan-1.jpg","width":1587,"height":2048},{"@type":"BreadcrumbList","@id":"https:\/\/weltlaeden.de\/babenhausen\/neuigkeiten-von-der-fachmesse-in-bad-hersfeld-vegane-produkte-und-vieles-mehr\/#breadcrumb","itemListElement":[{"@type":"ListItem","position":1,"name":"Startseite","item":"https:\/\/weltlaeden.de\/babenhausen\/"},{"@type":"ListItem","position":2,"name":"NEUIGKEITEN &#8211; von der Fachmesse in Bad Hersfeld, vegane Produkte und vieles mehr&#8230;"}]},{"@type":"WebSite","@id":"https:\/\/weltlaeden.de\/babenhausen\/#website","url":"https:\/\/weltlaeden.de\/babenhausen\/","name":"Weltladen Babenhausen","description":"Faire Produkte seit 1990","potentialAction":[{"@type":"SearchAction","target":{"@type":"EntryPoint","urlTemplate":"https:\/\/weltlaeden.de\/babenhausen\/?s={search_term_string}"},"query-input":{"@type":"PropertyValueSpecification","valueRequired":true,"valueName":"search_term_string"}}],"inLanguage":"de"},{"@type":"Person","@id":"https:\/\/weltlaeden.de\/babenhausen\/#\/schema\/person\/098872594b47e62254e1077144fe00e1","name":"kerberhock","image":{"@type":"ImageObject","inLanguage":"de","@id":"https:\/\/weltlaeden.de\/babenhausen\/#\/schema\/person\/image\/","url":"https:\/\/secure.gravatar.com\/avatar\/50c5ed9b73cdb822384bbdb3ff22392f?s=96&d=mm&r=g","contentUrl":"https:\/\/secure.gravatar.com\/avatar\/50c5ed9b73cdb822384bbdb3ff22392f?s=96&d=mm&r=g","caption":"kerberhock"},"url":"https:\/\/weltlaeden.de\/babenhausen\/author\/kerberhock\/"}]}},"_links":{"self":[{"href":"https:\/\/weltlaeden.de\/babenhausen\/wp-json\/wp\/v2\/posts\/1545","targetHints":{"allow":["GET"]}}],"collection":[{"href":"https:\/\/weltlaeden.de\/babenhausen\/wp-json\/wp\/v2\/posts"}],"about":[{"href":"https:\/\/weltlaeden.de\/babenhausen\/wp-json\/wp\/v2\/types\/post"}],"author":[{"embeddable":true,"href":"https:\/\/weltlaeden.de\/babenhausen\/wp-json\/wp\/v2\/users\/308"}],"replies":[{"embeddable":true,"href":"https:\/\/weltlaeden.de\/babenhausen\/wp-json\/wp\/v2\/comments?post=1545"}],"version-history":[{"count":11,"href":"https:\/\/weltlaeden.de\/babenhausen\/wp-json\/wp\/v2\/posts\/1545\/revisions"}],"predecessor-version":[{"id":1567,"href":"https:\/\/weltlaeden.de\/babenhausen\/wp-json\/wp\/v2\/posts\/1545\/revisions\/1567"}],"wp:featuredmedia":[{"embeddable":true,"href":"https:\/\/weltlaeden.de\/babenhausen\/wp-json\/wp\/v2\/media\/1547"}],"wp:attachment":[{"href":"https:\/\/weltlaeden.de\/babenhausen\/wp-json\/wp\/v2\/media?parent=1545"}],"wp:term":[{"taxonomy":"category","embeddable":true,"href":"https:\/\/weltlaeden.de\/babenhausen\/wp-json\/wp\/v2\/categories?post=1545"},{"taxonomy":"post_tag","embeddable":true,"href":"https:\/\/weltlaeden.de\/babenhausen\/wp-json\/wp\/v2\/tags?post=1545"}],"curies":[{"name":"wp","href":"https:\/\/api.w.org\/{rel}","templated":true}]}}