{"id":1527,"date":"2024-04-30T09:30:52","date_gmt":"2024-04-30T07:30:52","guid":{"rendered":"https:\/\/weltlaeden.de\/babenhausen\/?p=1527"},"modified":"2024-05-21T14:26:43","modified_gmt":"2024-05-21T12:26:43","slug":"nach-jahreshauptversammlung-am-24-04-24-vorstandsteam-wiedergewaehlt","status":"publish","type":"post","link":"https:\/\/weltlaeden.de\/babenhausen\/nach-jahreshauptversammlung-am-24-04-24-vorstandsteam-wiedergewaehlt\/","title":{"rendered":"Nach Jahreshauptversammlung am 24.04.2024 &#8211; Vorstandsteam wiedergew\u00e4hlt"},"content":{"rendered":"<p>Die Mitglieder des Eine Welt Vereins Babenhausen haben auf der Jahreshauptversammlung das bisherige Vorstandsteam best\u00e4tigt.<\/p>\n<p>F\u00fcr weitere zwei Jahre wurden als Gesch\u00e4ftsf\u00fchrender Vorstand Ulrike Blees, Marga Jonas, Kornelia Kerber-Hock und Gaby Reckenbeil wiedergew\u00e4hlt.<br \/>\nAls Beisitzerinnen wurden Beate Klotz-Reichel und Alice Sauer best\u00e4tigt.<\/p>\n<p>Nach einem ereignisreichen Vereinsjahr, gepr\u00e4gt durch den Umzug der Ladenr\u00e4ume in die Fahrstr. 11, geht das Weltladen-Team gest\u00e4rkt und zuversichtlich in das neue Gesch\u00e4ftsjahr.<\/p>\n<p>&nbsp;<\/p>\n<p><strong>Bild von links:<\/strong><br \/>\nUlrike Blees, Alice Sauer, Gaby Reckenbeil, Beate Klotz-Reichel, Marga Jonas, Kornelia Kerber-Hock<\/p>\n<p>Quelle: Eine Welt Verein Babenhausen e.V.<\/p>\n","protected":false},"excerpt":{"rendered":"<p>Die Mitglieder des Eine Welt Vereins Babenhausen haben auf der Jahreshauptversammlung das bisherige Vorstandsteam best\u00e4tigt. F\u00fcr weitere zwei Jahre wurden als Gesch\u00e4ftsf\u00fchrender Vorstand Ulrike Blees, Marga Jonas, Kornelia Kerber-Hock und Gaby Reckenbeil wiedergew\u00e4hlt. Als Beisitzerinnen wurden Beate Klotz-Reichel und Alice Sauer best\u00e4tigt. Nach einem ereignisreichen Vereinsjahr, gepr\u00e4gt durch den Umzug der Ladenr\u00e4ume in die Fahrstr.&hellip;<\/p>\n","protected":false},"author":308,"featured_media":1528,"comment_status":"closed","ping_status":"closed","sticky":false,"template":"","format":"standard","meta":{"footnotes":""},"categories":[8,12],"tags":[],"class_list":["post-1527","post","type-post","status-publish","format-standard","has-post-thumbnail","hentry","category-neues","category-verein","category-8","category-12","description-off"],"yoast_head":"<!-- This site is optimized with the Yoast SEO plugin v26.8 - https:\/\/yoast.com\/product\/yoast-seo-wordpress\/ -->\n<title>Nach Jahreshauptversammlung am 24.04.2024 - Vorstandsteam wiedergew\u00e4hlt - Weltladen Babenhausen<\/title>\n<meta name=\"robots\" content=\"index, follow, max-snippet:-1, max-image-preview:large, max-video-preview:-1\" \/>\n<link rel=\"canonical\" href=\"https:\/\/weltlaeden.de\/babenhausen\/nach-jahreshauptversammlung-am-24-04-24-vorstandsteam-wiedergewaehlt\/\" \/>\n<meta property=\"og:locale\" content=\"de_DE\" \/>\n<meta property=\"og:type\" content=\"article\" \/>\n<meta property=\"og:title\" content=\"Nach Jahreshauptversammlung am 24.04.2024 - Vorstandsteam wiedergew\u00e4hlt - Weltladen Babenhausen\" \/>\n<meta property=\"og:description\" content=\"Die Mitglieder des Eine Welt Vereins Babenhausen haben auf der Jahreshauptversammlung das bisherige Vorstandsteam best\u00e4tigt. F\u00fcr weitere zwei Jahre wurden als Gesch\u00e4ftsf\u00fchrender Vorstand Ulrike Blees, Marga Jonas, Kornelia Kerber-Hock und Gaby Reckenbeil wiedergew\u00e4hlt. Als Beisitzerinnen wurden Beate Klotz-Reichel und Alice Sauer best\u00e4tigt. Nach einem ereignisreichen Vereinsjahr, gepr\u00e4gt durch den Umzug der Ladenr\u00e4ume in die Fahrstr.&hellip;\" \/>\n<meta property=\"og:url\" content=\"https:\/\/weltlaeden.de\/babenhausen\/nach-jahreshauptversammlung-am-24-04-24-vorstandsteam-wiedergewaehlt\/\" \/>\n<meta property=\"og:site_name\" content=\"Weltladen Babenhausen\" \/>\n<meta property=\"article:published_time\" content=\"2024-04-30T07:30:52+00:00\" \/>\n<meta property=\"article:modified_time\" content=\"2024-05-21T12:26:43+00:00\" \/>\n<meta property=\"og:image\" content=\"https:\/\/weltlaeden.de\/babenhausen\/wp-content\/uploads\/sites\/107\/2024\/04\/Vorstand_2024_04_24-scaled.jpg\" \/>\n\t<meta property=\"og:image:width\" content=\"1759\" \/>\n\t<meta property=\"og:image:height\" content=\"2560\" \/>\n\t<meta property=\"og:image:type\" content=\"image\/jpeg\" \/>\n<meta name=\"author\" content=\"kerberhock\" \/>\n<meta name=\"twitter:card\" content=\"summary_large_image\" \/>\n<meta name=\"twitter:label1\" content=\"Verfasst von\" \/>\n\t<meta name=\"twitter:data1\" content=\"kerberhock\" \/>\n<script type=\"application\/ld+json\" class=\"yoast-schema-graph\">{\"@context\":\"https:\/\/schema.org\",\"@graph\":[{\"@type\":\"Article\",\"@id\":\"https:\/\/weltlaeden.de\/babenhausen\/nach-jahreshauptversammlung-am-24-04-24-vorstandsteam-wiedergewaehlt\/#article\",\"isPartOf\":{\"@id\":\"https:\/\/weltlaeden.de\/babenhausen\/nach-jahreshauptversammlung-am-24-04-24-vorstandsteam-wiedergewaehlt\/\"},\"author\":{\"name\":\"kerberhock\",\"@id\":\"https:\/\/weltlaeden.de\/babenhausen\/#\/schema\/person\/098872594b47e62254e1077144fe00e1\"},\"headline\":\"Nach Jahreshauptversammlung am 24.04.2024 &#8211; Vorstandsteam wiedergew\u00e4hlt\",\"datePublished\":\"2024-04-30T07:30:52+00:00\",\"dateModified\":\"2024-05-21T12:26:43+00:00\",\"mainEntityOfPage\":{\"@id\":\"https:\/\/weltlaeden.de\/babenhausen\/nach-jahreshauptversammlung-am-24-04-24-vorstandsteam-wiedergewaehlt\/\"},\"wordCount\":105,\"image\":{\"@id\":\"https:\/\/weltlaeden.de\/babenhausen\/nach-jahreshauptversammlung-am-24-04-24-vorstandsteam-wiedergewaehlt\/#primaryimage\"},\"thumbnailUrl\":\"https:\/\/weltlaeden.de\/babenhausen\/wp-content\/uploads\/sites\/107\/2024\/04\/Vorstand_2024_04_24-scaled.jpg\",\"articleSection\":[\"Neuigkeiten\",\"Verein\"],\"inLanguage\":\"de\"},{\"@type\":\"WebPage\",\"@id\":\"https:\/\/weltlaeden.de\/babenhausen\/nach-jahreshauptversammlung-am-24-04-24-vorstandsteam-wiedergewaehlt\/\",\"url\":\"https:\/\/weltlaeden.de\/babenhausen\/nach-jahreshauptversammlung-am-24-04-24-vorstandsteam-wiedergewaehlt\/\",\"name\":\"Nach Jahreshauptversammlung am 24.04.2024 - Vorstandsteam wiedergew\u00e4hlt - Weltladen Babenhausen\",\"isPartOf\":{\"@id\":\"https:\/\/weltlaeden.de\/babenhausen\/#website\"},\"primaryImageOfPage\":{\"@id\":\"https:\/\/weltlaeden.de\/babenhausen\/nach-jahreshauptversammlung-am-24-04-24-vorstandsteam-wiedergewaehlt\/#primaryimage\"},\"image\":{\"@id\":\"https:\/\/weltlaeden.de\/babenhausen\/nach-jahreshauptversammlung-am-24-04-24-vorstandsteam-wiedergewaehlt\/#primaryimage\"},\"thumbnailUrl\":\"https:\/\/weltlaeden.de\/babenhausen\/wp-content\/uploads\/sites\/107\/2024\/04\/Vorstand_2024_04_24-scaled.jpg\",\"datePublished\":\"2024-04-30T07:30:52+00:00\",\"dateModified\":\"2024-05-21T12:26:43+00:00\",\"author\":{\"@id\":\"https:\/\/weltlaeden.de\/babenhausen\/#\/schema\/person\/098872594b47e62254e1077144fe00e1\"},\"breadcrumb\":{\"@id\":\"https:\/\/weltlaeden.de\/babenhausen\/nach-jahreshauptversammlung-am-24-04-24-vorstandsteam-wiedergewaehlt\/#breadcrumb\"},\"inLanguage\":\"de\",\"potentialAction\":[{\"@type\":\"ReadAction\",\"target\":[\"https:\/\/weltlaeden.de\/babenhausen\/nach-jahreshauptversammlung-am-24-04-24-vorstandsteam-wiedergewaehlt\/\"]}]},{\"@type\":\"ImageObject\",\"inLanguage\":\"de\",\"@id\":\"https:\/\/weltlaeden.de\/babenhausen\/nach-jahreshauptversammlung-am-24-04-24-vorstandsteam-wiedergewaehlt\/#primaryimage\",\"url\":\"https:\/\/weltlaeden.de\/babenhausen\/wp-content\/uploads\/sites\/107\/2024\/04\/Vorstand_2024_04_24-scaled.jpg\",\"contentUrl\":\"https:\/\/weltlaeden.de\/babenhausen\/wp-content\/uploads\/sites\/107\/2024\/04\/Vorstand_2024_04_24-scaled.jpg\",\"width\":1759,\"height\":2560},{\"@type\":\"BreadcrumbList\",\"@id\":\"https:\/\/weltlaeden.de\/babenhausen\/nach-jahreshauptversammlung-am-24-04-24-vorstandsteam-wiedergewaehlt\/#breadcrumb\",\"itemListElement\":[{\"@type\":\"ListItem\",\"position\":1,\"name\":\"Startseite\",\"item\":\"https:\/\/weltlaeden.de\/babenhausen\/\"},{\"@type\":\"ListItem\",\"position\":2,\"name\":\"Nach Jahreshauptversammlung am 24.04.2024 &#8211; Vorstandsteam wiedergew\u00e4hlt\"}]},{\"@type\":\"WebSite\",\"@id\":\"https:\/\/weltlaeden.de\/babenhausen\/#website\",\"url\":\"https:\/\/weltlaeden.de\/babenhausen\/\",\"name\":\"Weltladen Babenhausen\",\"description\":\"Faire Produkte seit 1990\",\"potentialAction\":[{\"@type\":\"SearchAction\",\"target\":{\"@type\":\"EntryPoint\",\"urlTemplate\":\"https:\/\/weltlaeden.de\/babenhausen\/?s={search_term_string}\"},\"query-input\":{\"@type\":\"PropertyValueSpecification\",\"valueRequired\":true,\"valueName\":\"search_term_string\"}}],\"inLanguage\":\"de\"},{\"@type\":\"Person\",\"@id\":\"https:\/\/weltlaeden.de\/babenhausen\/#\/schema\/person\/098872594b47e62254e1077144fe00e1\",\"name\":\"kerberhock\",\"image\":{\"@type\":\"ImageObject\",\"inLanguage\":\"de\",\"@id\":\"https:\/\/weltlaeden.de\/babenhausen\/#\/schema\/person\/image\/\",\"url\":\"https:\/\/secure.gravatar.com\/avatar\/50c5ed9b73cdb822384bbdb3ff22392f?s=96&d=mm&r=g\",\"contentUrl\":\"https:\/\/secure.gravatar.com\/avatar\/50c5ed9b73cdb822384bbdb3ff22392f?s=96&d=mm&r=g\",\"caption\":\"kerberhock\"},\"url\":\"https:\/\/weltlaeden.de\/babenhausen\/author\/kerberhock\/\"}]}<\/script>\n<!-- \/ Yoast SEO plugin. -->","yoast_head_json":{"title":"Nach Jahreshauptversammlung am 24.04.2024 - Vorstandsteam wiedergew\u00e4hlt - Weltladen Babenhausen","robots":{"index":"index","follow":"follow","max-snippet":"max-snippet:-1","max-image-preview":"max-image-preview:large","max-video-preview":"max-video-preview:-1"},"canonical":"https:\/\/weltlaeden.de\/babenhausen\/nach-jahreshauptversammlung-am-24-04-24-vorstandsteam-wiedergewaehlt\/","og_locale":"de_DE","og_type":"article","og_title":"Nach Jahreshauptversammlung am 24.04.2024 - Vorstandsteam wiedergew\u00e4hlt - Weltladen Babenhausen","og_description":"Die Mitglieder des Eine Welt Vereins Babenhausen haben auf der Jahreshauptversammlung das bisherige Vorstandsteam best\u00e4tigt. F\u00fcr weitere zwei Jahre wurden als Gesch\u00e4ftsf\u00fchrender Vorstand Ulrike Blees, Marga Jonas, Kornelia Kerber-Hock und Gaby Reckenbeil wiedergew\u00e4hlt. Als Beisitzerinnen wurden Beate Klotz-Reichel und Alice Sauer best\u00e4tigt. Nach einem ereignisreichen Vereinsjahr, gepr\u00e4gt durch den Umzug der Ladenr\u00e4ume in die Fahrstr.&hellip;","og_url":"https:\/\/weltlaeden.de\/babenhausen\/nach-jahreshauptversammlung-am-24-04-24-vorstandsteam-wiedergewaehlt\/","og_site_name":"Weltladen Babenhausen","article_published_time":"2024-04-30T07:30:52+00:00","article_modified_time":"2024-05-21T12:26:43+00:00","og_image":[{"width":1759,"height":2560,"url":"https:\/\/weltlaeden.de\/babenhausen\/wp-content\/uploads\/sites\/107\/2024\/04\/Vorstand_2024_04_24-scaled.jpg","type":"image\/jpeg"}],"author":"kerberhock","twitter_card":"summary_large_image","twitter_misc":{"Verfasst von":"kerberhock"},"schema":{"@context":"https:\/\/schema.org","@graph":[{"@type":"Article","@id":"https:\/\/weltlaeden.de\/babenhausen\/nach-jahreshauptversammlung-am-24-04-24-vorstandsteam-wiedergewaehlt\/#article","isPartOf":{"@id":"https:\/\/weltlaeden.de\/babenhausen\/nach-jahreshauptversammlung-am-24-04-24-vorstandsteam-wiedergewaehlt\/"},"author":{"name":"kerberhock","@id":"https:\/\/weltlaeden.de\/babenhausen\/#\/schema\/person\/098872594b47e62254e1077144fe00e1"},"headline":"Nach Jahreshauptversammlung am 24.04.2024 &#8211; Vorstandsteam wiedergew\u00e4hlt","datePublished":"2024-04-30T07:30:52+00:00","dateModified":"2024-05-21T12:26:43+00:00","mainEntityOfPage":{"@id":"https:\/\/weltlaeden.de\/babenhausen\/nach-jahreshauptversammlung-am-24-04-24-vorstandsteam-wiedergewaehlt\/"},"wordCount":105,"image":{"@id":"https:\/\/weltlaeden.de\/babenhausen\/nach-jahreshauptversammlung-am-24-04-24-vorstandsteam-wiedergewaehlt\/#primaryimage"},"thumbnailUrl":"https:\/\/weltlaeden.de\/babenhausen\/wp-content\/uploads\/sites\/107\/2024\/04\/Vorstand_2024_04_24-scaled.jpg","articleSection":["Neuigkeiten","Verein"],"inLanguage":"de"},{"@type":"WebPage","@id":"https:\/\/weltlaeden.de\/babenhausen\/nach-jahreshauptversammlung-am-24-04-24-vorstandsteam-wiedergewaehlt\/","url":"https:\/\/weltlaeden.de\/babenhausen\/nach-jahreshauptversammlung-am-24-04-24-vorstandsteam-wiedergewaehlt\/","name":"Nach Jahreshauptversammlung am 24.04.2024 - Vorstandsteam wiedergew\u00e4hlt - Weltladen Babenhausen","isPartOf":{"@id":"https:\/\/weltlaeden.de\/babenhausen\/#website"},"primaryImageOfPage":{"@id":"https:\/\/weltlaeden.de\/babenhausen\/nach-jahreshauptversammlung-am-24-04-24-vorstandsteam-wiedergewaehlt\/#primaryimage"},"image":{"@id":"https:\/\/weltlaeden.de\/babenhausen\/nach-jahreshauptversammlung-am-24-04-24-vorstandsteam-wiedergewaehlt\/#primaryimage"},"thumbnailUrl":"https:\/\/weltlaeden.de\/babenhausen\/wp-content\/uploads\/sites\/107\/2024\/04\/Vorstand_2024_04_24-scaled.jpg","datePublished":"2024-04-30T07:30:52+00:00","dateModified":"2024-05-21T12:26:43+00:00","author":{"@id":"https:\/\/weltlaeden.de\/babenhausen\/#\/schema\/person\/098872594b47e62254e1077144fe00e1"},"breadcrumb":{"@id":"https:\/\/weltlaeden.de\/babenhausen\/nach-jahreshauptversammlung-am-24-04-24-vorstandsteam-wiedergewaehlt\/#breadcrumb"},"inLanguage":"de","potentialAction":[{"@type":"ReadAction","target":["https:\/\/weltlaeden.de\/babenhausen\/nach-jahreshauptversammlung-am-24-04-24-vorstandsteam-wiedergewaehlt\/"]}]},{"@type":"ImageObject","inLanguage":"de","@id":"https:\/\/weltlaeden.de\/babenhausen\/nach-jahreshauptversammlung-am-24-04-24-vorstandsteam-wiedergewaehlt\/#primaryimage","url":"https:\/\/weltlaeden.de\/babenhausen\/wp-content\/uploads\/sites\/107\/2024\/04\/Vorstand_2024_04_24-scaled.jpg","contentUrl":"https:\/\/weltlaeden.de\/babenhausen\/wp-content\/uploads\/sites\/107\/2024\/04\/Vorstand_2024_04_24-scaled.jpg","width":1759,"height":2560},{"@type":"BreadcrumbList","@id":"https:\/\/weltlaeden.de\/babenhausen\/nach-jahreshauptversammlung-am-24-04-24-vorstandsteam-wiedergewaehlt\/#breadcrumb","itemListElement":[{"@type":"ListItem","position":1,"name":"Startseite","item":"https:\/\/weltlaeden.de\/babenhausen\/"},{"@type":"ListItem","position":2,"name":"Nach Jahreshauptversammlung am 24.04.2024 &#8211; Vorstandsteam wiedergew\u00e4hlt"}]},{"@type":"WebSite","@id":"https:\/\/weltlaeden.de\/babenhausen\/#website","url":"https:\/\/weltlaeden.de\/babenhausen\/","name":"Weltladen Babenhausen","description":"Faire Produkte seit 1990","potentialAction":[{"@type":"SearchAction","target":{"@type":"EntryPoint","urlTemplate":"https:\/\/weltlaeden.de\/babenhausen\/?s={search_term_string}"},"query-input":{"@type":"PropertyValueSpecification","valueRequired":true,"valueName":"search_term_string"}}],"inLanguage":"de"},{"@type":"Person","@id":"https:\/\/weltlaeden.de\/babenhausen\/#\/schema\/person\/098872594b47e62254e1077144fe00e1","name":"kerberhock","image":{"@type":"ImageObject","inLanguage":"de","@id":"https:\/\/weltlaeden.de\/babenhausen\/#\/schema\/person\/image\/","url":"https:\/\/secure.gravatar.com\/avatar\/50c5ed9b73cdb822384bbdb3ff22392f?s=96&d=mm&r=g","contentUrl":"https:\/\/secure.gravatar.com\/avatar\/50c5ed9b73cdb822384bbdb3ff22392f?s=96&d=mm&r=g","caption":"kerberhock"},"url":"https:\/\/weltlaeden.de\/babenhausen\/author\/kerberhock\/"}]}},"_links":{"self":[{"href":"https:\/\/weltlaeden.de\/babenhausen\/wp-json\/wp\/v2\/posts\/1527","targetHints":{"allow":["GET"]}}],"collection":[{"href":"https:\/\/weltlaeden.de\/babenhausen\/wp-json\/wp\/v2\/posts"}],"about":[{"href":"https:\/\/weltlaeden.de\/babenhausen\/wp-json\/wp\/v2\/types\/post"}],"author":[{"embeddable":true,"href":"https:\/\/weltlaeden.de\/babenhausen\/wp-json\/wp\/v2\/users\/308"}],"replies":[{"embeddable":true,"href":"https:\/\/weltlaeden.de\/babenhausen\/wp-json\/wp\/v2\/comments?post=1527"}],"version-history":[{"count":4,"href":"https:\/\/weltlaeden.de\/babenhausen\/wp-json\/wp\/v2\/posts\/1527\/revisions"}],"predecessor-version":[{"id":1534,"href":"https:\/\/weltlaeden.de\/babenhausen\/wp-json\/wp\/v2\/posts\/1527\/revisions\/1534"}],"wp:featuredmedia":[{"embeddable":true,"href":"https:\/\/weltlaeden.de\/babenhausen\/wp-json\/wp\/v2\/media\/1528"}],"wp:attachment":[{"href":"https:\/\/weltlaeden.de\/babenhausen\/wp-json\/wp\/v2\/media?parent=1527"}],"wp:term":[{"taxonomy":"category","embeddable":true,"href":"https:\/\/weltlaeden.de\/babenhausen\/wp-json\/wp\/v2\/categories?post=1527"},{"taxonomy":"post_tag","embeddable":true,"href":"https:\/\/weltlaeden.de\/babenhausen\/wp-json\/wp\/v2\/tags?post=1527"}],"curies":[{"name":"wp","href":"https:\/\/api.w.org\/{rel}","templated":true}]}}