{"id":1523,"date":"2024-04-16T10:09:39","date_gmt":"2024-04-16T08:09:39","guid":{"rendered":"https:\/\/weltlaeden.de\/babenhausen\/?p=1523"},"modified":"2024-05-21T14:36:46","modified_gmt":"2024-05-21T12:36:46","slug":"weltladentag-2024-internationaler-tag-des-fairen-handels-und-bundesweiter-aktionstag-fuer-klimagerechtigkeit","status":"publish","type":"post","link":"https:\/\/weltlaeden.de\/babenhausen\/weltladentag-2024-internationaler-tag-des-fairen-handels-und-bundesweiter-aktionstag-fuer-klimagerechtigkeit\/","title":{"rendered":"Weltladentag 2024 &#8211; Internationaler Tag des Fairen Handels und bundesweiter Aktionstag f\u00fcr Klimagerechtigkeit"},"content":{"rendered":"<p><strong>Der Weltladen Babenhausen beteiligt sich am Internationalen Tag des Fairen Handels, der dieses Jahr am 11. Mai als bundesweiter Aktionstag f\u00fcr Klimagerechtigkeit ausgerichtet wird.<br \/>\n<\/strong><strong>Unter dem Motto \u201eF\u00fcr Klimasch\u00e4den Verantwortung \u00fcbernehmen\u201c soll ein Zeichen f\u00fcr Klimagerechtigkeit und Fairen Handel gesetzt werden. \u00a0<\/strong><\/p>\n<p>Die bundesweite Kampagne des Weltladen-Dachverbandes ruft die Politik dazu auf, Kleinb\u00e4uer*innen und Kleinproduzent*innen im Globalen S\u00fcden bei klimabedingten Sch\u00e4den schnelle Hilfe zu leisten.<\/p>\n<p>Kornelia Kerber-Hock, Vorstandsmitglied des Babenh\u00e4user Weltladens spricht von einer derzeitigen Klimaungerechtigkeit: \u201eDie Menschen, die am wenigsten zur Klimakrise beigetragen haben, leiden heute oft am st\u00e4rksten unter den Folgen. Kleinb\u00e4uer*innen und Kleinproduzent*innen, deren Lebensgrundlagen durch Extrem-Wetterereignisse massiv bedroht sind, brauchen eine M\u00f6glichkeit, schnell und unb\u00fcrokratisch Gelder zum Wiederaufbau zu bekommen\u201c.<\/p>\n<p>\u201eWir brauchen eine gerechtere Klimapolitik, die die Verursachenden der Klimakrise in die Verantwortung zieht und die besonders Betroffenen deutlich st\u00e4rker sch\u00fctzt\u201c, fordert Stephanie Seeger, Referentin der bundesweiten Kampagne zum Weltladentag beim Weltladen-Dachverband in Mainz. \u201eDer auf der Welt-Klimakonferenz 2023 beschlossene Fonds f\u00fcr Sch\u00e4den und Verluste ist eine wichtige Ma\u00dfnahme auf dem Weg zu mehr Klimagerechtigkeit, jedoch reichen die derzeit zur Verf\u00fcgung gestellten Mittel nicht einmal aus, um 1% der weltweiten klimabedingten Sch\u00e4den und Verluste zu bezahlen. Die verursachenden L\u00e4nder der Klimakrise stehen in der Verantwortung, deutlich mehr Gelder f\u00fcr den Fonds zur Verf\u00fcgung zu stellen\u201c, so Seeger weiter.<\/p>\n<p>\u201eDie Fair-Handels-Bewegung setzt auf nachhaltige und partnerschaftliche Handelsbeziehungen und unterst\u00fctzt bereits Kleinb\u00e4uer*innen, die aufgrund von Extrem-Wetterereignissen ihre Ernte verloren haben. Was im Kleinen schon geschieht, muss nun im Gro\u00dfen weitergef\u00fchrt werden\u201c, betont Kerber-Hock und verweist auf ein konkretes Beispiel:<\/p>\n<p>\u201eIm Jahr 2020 verw\u00fcsteten die Hurrikans Iota und Eta weite Teile Mittelamerikas. In Guatemala ging es vielen Honig-B\u00e4uer*innen schlecht. Zum Beispiel denjenigen von der Genossenschaft COPICHAJULENSE. Denn ihre Bienen-H\u00e4user waren zerst\u00f6rt. Die kirchlich getragene Fairhandelsorganisation GEPA hat sie bei der Finanzierung neuer Bienen-St\u00f6cke und Werkzeuge f\u00fcr die Honig-Produktion unterst\u00fctzt. Der Weltladen Babenhausen bietet diesen Honig zum Verkauf.\u201c<\/p>\n<p>Die Kampagne \u201eF\u00fcr Klimasch\u00e4den Verantwortung \u00fcbernehmen\u201c findet im Rahmen des bundesweiten Weltladentages statt. Der Weltladentag ist der politische Aktionstag der Weltl\u00e4den. Seit 1996 beteiligen sich jedes Jahr rund 300 Weltl\u00e4den und Eine-Welt-Gruppen in ganz Deutschland.<\/p>\n<p>Der Weltladen Babenhausen wurde 1992 gegr\u00fcndet und ist einer von etwa 900 Weltl\u00e4den in Deutschland.<br \/>\nWeltl\u00e4den sind Fachgesch\u00e4fte des Fairen Handels. Sie setzen sich f\u00fcr mehr Gerechtigkeit im Welthandel ein \u2013 durch den Verkauf fair gehandelter Produkte, durch Informations- und Bildungsarbeit und durch die Beteiligung an politischen Kampagnen.<br \/>\nDer Weltladentag ist der politische Aktionstag der Weltl\u00e4den und findet zeitgleich mit dem World Fair Trade Day (Internationaler Tag des Fairen Handels) jedes Jahr am zweiten Samstag im Mai statt.<\/p>\n<p>f.d.R.: Hans-Joachim Greifenstein<\/p>\n","protected":false},"excerpt":{"rendered":"<p>Der Weltladen Babenhausen beteiligt sich am Internationalen Tag des Fairen Handels, der dieses Jahr am 11. Mai als bundesweiter Aktionstag f\u00fcr Klimagerechtigkeit ausgerichtet wird. Unter dem Motto \u201eF\u00fcr Klimasch\u00e4den Verantwortung \u00fcbernehmen\u201c soll ein Zeichen f\u00fcr Klimagerechtigkeit und Fairen Handel gesetzt werden. \u00a0 Die bundesweite Kampagne des Weltladen-Dachverbandes ruft die Politik dazu auf, Kleinb\u00e4uer*innen und Kleinproduzent*innen&hellip;<\/p>\n","protected":false},"author":308,"featured_media":0,"comment_status":"closed","ping_status":"closed","sticky":false,"template":"","format":"standard","meta":{"footnotes":""},"categories":[8,12],"tags":[15],"class_list":["post-1523","post","type-post","status-publish","format-standard","hentry","category-neues","category-verein","tag-weltladentag","category-8","category-12","description-off"],"yoast_head":"<!-- This site is optimized with the Yoast SEO plugin v26.8 - https:\/\/yoast.com\/product\/yoast-seo-wordpress\/ -->\n<title>Weltladentag 2024 - Internationaler Tag des Fairen Handels und bundesweiter Aktionstag f\u00fcr Klimagerechtigkeit - Weltladen Babenhausen<\/title>\n<meta name=\"robots\" content=\"index, follow, max-snippet:-1, max-image-preview:large, max-video-preview:-1\" \/>\n<link rel=\"canonical\" href=\"https:\/\/weltlaeden.de\/babenhausen\/weltladentag-2024-internationaler-tag-des-fairen-handels-und-bundesweiter-aktionstag-fuer-klimagerechtigkeit\/\" \/>\n<meta property=\"og:locale\" content=\"de_DE\" \/>\n<meta property=\"og:type\" content=\"article\" \/>\n<meta property=\"og:title\" content=\"Weltladentag 2024 - Internationaler Tag des Fairen Handels und bundesweiter Aktionstag f\u00fcr Klimagerechtigkeit - Weltladen Babenhausen\" \/>\n<meta property=\"og:description\" content=\"Der Weltladen Babenhausen beteiligt sich am Internationalen Tag des Fairen Handels, der dieses Jahr am 11. Mai als bundesweiter Aktionstag f\u00fcr Klimagerechtigkeit ausgerichtet wird. Unter dem Motto \u201eF\u00fcr Klimasch\u00e4den Verantwortung \u00fcbernehmen\u201c soll ein Zeichen f\u00fcr Klimagerechtigkeit und Fairen Handel gesetzt werden. \u00a0 Die bundesweite Kampagne des Weltladen-Dachverbandes ruft die Politik dazu auf, Kleinb\u00e4uer*innen und Kleinproduzent*innen&hellip;\" \/>\n<meta property=\"og:url\" content=\"https:\/\/weltlaeden.de\/babenhausen\/weltladentag-2024-internationaler-tag-des-fairen-handels-und-bundesweiter-aktionstag-fuer-klimagerechtigkeit\/\" \/>\n<meta property=\"og:site_name\" content=\"Weltladen Babenhausen\" \/>\n<meta property=\"article:published_time\" content=\"2024-04-16T08:09:39+00:00\" \/>\n<meta property=\"article:modified_time\" content=\"2024-05-21T12:36:46+00:00\" \/>\n<meta name=\"author\" content=\"kerberhock\" \/>\n<meta name=\"twitter:card\" content=\"summary_large_image\" \/>\n<meta name=\"twitter:label1\" content=\"Verfasst von\" \/>\n\t<meta name=\"twitter:data1\" content=\"kerberhock\" \/>\n\t<meta name=\"twitter:label2\" content=\"Gesch\u00e4tzte Lesezeit\" \/>\n\t<meta name=\"twitter:data2\" content=\"2\u00a0Minuten\" \/>\n<script type=\"application\/ld+json\" class=\"yoast-schema-graph\">{\"@context\":\"https:\/\/schema.org\",\"@graph\":[{\"@type\":\"Article\",\"@id\":\"https:\/\/weltlaeden.de\/babenhausen\/weltladentag-2024-internationaler-tag-des-fairen-handels-und-bundesweiter-aktionstag-fuer-klimagerechtigkeit\/#article\",\"isPartOf\":{\"@id\":\"https:\/\/weltlaeden.de\/babenhausen\/weltladentag-2024-internationaler-tag-des-fairen-handels-und-bundesweiter-aktionstag-fuer-klimagerechtigkeit\/\"},\"author\":{\"name\":\"kerberhock\",\"@id\":\"https:\/\/weltlaeden.de\/babenhausen\/#\/schema\/person\/098872594b47e62254e1077144fe00e1\"},\"headline\":\"Weltladentag 2024 &#8211; Internationaler Tag des Fairen Handels und bundesweiter Aktionstag f\u00fcr Klimagerechtigkeit\",\"datePublished\":\"2024-04-16T08:09:39+00:00\",\"dateModified\":\"2024-05-21T12:36:46+00:00\",\"mainEntityOfPage\":{\"@id\":\"https:\/\/weltlaeden.de\/babenhausen\/weltladentag-2024-internationaler-tag-des-fairen-handels-und-bundesweiter-aktionstag-fuer-klimagerechtigkeit\/\"},\"wordCount\":478,\"keywords\":[\"Weltladentag\"],\"articleSection\":[\"Neuigkeiten\",\"Verein\"],\"inLanguage\":\"de\"},{\"@type\":\"WebPage\",\"@id\":\"https:\/\/weltlaeden.de\/babenhausen\/weltladentag-2024-internationaler-tag-des-fairen-handels-und-bundesweiter-aktionstag-fuer-klimagerechtigkeit\/\",\"url\":\"https:\/\/weltlaeden.de\/babenhausen\/weltladentag-2024-internationaler-tag-des-fairen-handels-und-bundesweiter-aktionstag-fuer-klimagerechtigkeit\/\",\"name\":\"Weltladentag 2024 - Internationaler Tag des Fairen Handels und bundesweiter Aktionstag f\u00fcr Klimagerechtigkeit - Weltladen Babenhausen\",\"isPartOf\":{\"@id\":\"https:\/\/weltlaeden.de\/babenhausen\/#website\"},\"datePublished\":\"2024-04-16T08:09:39+00:00\",\"dateModified\":\"2024-05-21T12:36:46+00:00\",\"author\":{\"@id\":\"https:\/\/weltlaeden.de\/babenhausen\/#\/schema\/person\/098872594b47e62254e1077144fe00e1\"},\"breadcrumb\":{\"@id\":\"https:\/\/weltlaeden.de\/babenhausen\/weltladentag-2024-internationaler-tag-des-fairen-handels-und-bundesweiter-aktionstag-fuer-klimagerechtigkeit\/#breadcrumb\"},\"inLanguage\":\"de\",\"potentialAction\":[{\"@type\":\"ReadAction\",\"target\":[\"https:\/\/weltlaeden.de\/babenhausen\/weltladentag-2024-internationaler-tag-des-fairen-handels-und-bundesweiter-aktionstag-fuer-klimagerechtigkeit\/\"]}]},{\"@type\":\"BreadcrumbList\",\"@id\":\"https:\/\/weltlaeden.de\/babenhausen\/weltladentag-2024-internationaler-tag-des-fairen-handels-und-bundesweiter-aktionstag-fuer-klimagerechtigkeit\/#breadcrumb\",\"itemListElement\":[{\"@type\":\"ListItem\",\"position\":1,\"name\":\"Startseite\",\"item\":\"https:\/\/weltlaeden.de\/babenhausen\/\"},{\"@type\":\"ListItem\",\"position\":2,\"name\":\"Weltladentag 2024 &#8211; Internationaler Tag des Fairen Handels und bundesweiter Aktionstag f\u00fcr Klimagerechtigkeit\"}]},{\"@type\":\"WebSite\",\"@id\":\"https:\/\/weltlaeden.de\/babenhausen\/#website\",\"url\":\"https:\/\/weltlaeden.de\/babenhausen\/\",\"name\":\"Weltladen Babenhausen\",\"description\":\"Faire Produkte seit 1990\",\"potentialAction\":[{\"@type\":\"SearchAction\",\"target\":{\"@type\":\"EntryPoint\",\"urlTemplate\":\"https:\/\/weltlaeden.de\/babenhausen\/?s={search_term_string}\"},\"query-input\":{\"@type\":\"PropertyValueSpecification\",\"valueRequired\":true,\"valueName\":\"search_term_string\"}}],\"inLanguage\":\"de\"},{\"@type\":\"Person\",\"@id\":\"https:\/\/weltlaeden.de\/babenhausen\/#\/schema\/person\/098872594b47e62254e1077144fe00e1\",\"name\":\"kerberhock\",\"image\":{\"@type\":\"ImageObject\",\"inLanguage\":\"de\",\"@id\":\"https:\/\/weltlaeden.de\/babenhausen\/#\/schema\/person\/image\/\",\"url\":\"https:\/\/secure.gravatar.com\/avatar\/50c5ed9b73cdb822384bbdb3ff22392f?s=96&d=mm&r=g\",\"contentUrl\":\"https:\/\/secure.gravatar.com\/avatar\/50c5ed9b73cdb822384bbdb3ff22392f?s=96&d=mm&r=g\",\"caption\":\"kerberhock\"},\"url\":\"https:\/\/weltlaeden.de\/babenhausen\/author\/kerberhock\/\"}]}<\/script>\n<!-- \/ Yoast SEO plugin. -->","yoast_head_json":{"title":"Weltladentag 2024 - Internationaler Tag des Fairen Handels und bundesweiter Aktionstag f\u00fcr Klimagerechtigkeit - Weltladen Babenhausen","robots":{"index":"index","follow":"follow","max-snippet":"max-snippet:-1","max-image-preview":"max-image-preview:large","max-video-preview":"max-video-preview:-1"},"canonical":"https:\/\/weltlaeden.de\/babenhausen\/weltladentag-2024-internationaler-tag-des-fairen-handels-und-bundesweiter-aktionstag-fuer-klimagerechtigkeit\/","og_locale":"de_DE","og_type":"article","og_title":"Weltladentag 2024 - Internationaler Tag des Fairen Handels und bundesweiter Aktionstag f\u00fcr Klimagerechtigkeit - Weltladen Babenhausen","og_description":"Der Weltladen Babenhausen beteiligt sich am Internationalen Tag des Fairen Handels, der dieses Jahr am 11. Mai als bundesweiter Aktionstag f\u00fcr Klimagerechtigkeit ausgerichtet wird. Unter dem Motto \u201eF\u00fcr Klimasch\u00e4den Verantwortung \u00fcbernehmen\u201c soll ein Zeichen f\u00fcr Klimagerechtigkeit und Fairen Handel gesetzt werden. \u00a0 Die bundesweite Kampagne des Weltladen-Dachverbandes ruft die Politik dazu auf, Kleinb\u00e4uer*innen und Kleinproduzent*innen&hellip;","og_url":"https:\/\/weltlaeden.de\/babenhausen\/weltladentag-2024-internationaler-tag-des-fairen-handels-und-bundesweiter-aktionstag-fuer-klimagerechtigkeit\/","og_site_name":"Weltladen Babenhausen","article_published_time":"2024-04-16T08:09:39+00:00","article_modified_time":"2024-05-21T12:36:46+00:00","author":"kerberhock","twitter_card":"summary_large_image","twitter_misc":{"Verfasst von":"kerberhock","Gesch\u00e4tzte Lesezeit":"2\u00a0Minuten"},"schema":{"@context":"https:\/\/schema.org","@graph":[{"@type":"Article","@id":"https:\/\/weltlaeden.de\/babenhausen\/weltladentag-2024-internationaler-tag-des-fairen-handels-und-bundesweiter-aktionstag-fuer-klimagerechtigkeit\/#article","isPartOf":{"@id":"https:\/\/weltlaeden.de\/babenhausen\/weltladentag-2024-internationaler-tag-des-fairen-handels-und-bundesweiter-aktionstag-fuer-klimagerechtigkeit\/"},"author":{"name":"kerberhock","@id":"https:\/\/weltlaeden.de\/babenhausen\/#\/schema\/person\/098872594b47e62254e1077144fe00e1"},"headline":"Weltladentag 2024 &#8211; Internationaler Tag des Fairen Handels und bundesweiter Aktionstag f\u00fcr Klimagerechtigkeit","datePublished":"2024-04-16T08:09:39+00:00","dateModified":"2024-05-21T12:36:46+00:00","mainEntityOfPage":{"@id":"https:\/\/weltlaeden.de\/babenhausen\/weltladentag-2024-internationaler-tag-des-fairen-handels-und-bundesweiter-aktionstag-fuer-klimagerechtigkeit\/"},"wordCount":478,"keywords":["Weltladentag"],"articleSection":["Neuigkeiten","Verein"],"inLanguage":"de"},{"@type":"WebPage","@id":"https:\/\/weltlaeden.de\/babenhausen\/weltladentag-2024-internationaler-tag-des-fairen-handels-und-bundesweiter-aktionstag-fuer-klimagerechtigkeit\/","url":"https:\/\/weltlaeden.de\/babenhausen\/weltladentag-2024-internationaler-tag-des-fairen-handels-und-bundesweiter-aktionstag-fuer-klimagerechtigkeit\/","name":"Weltladentag 2024 - Internationaler Tag des Fairen Handels und bundesweiter Aktionstag f\u00fcr Klimagerechtigkeit - Weltladen Babenhausen","isPartOf":{"@id":"https:\/\/weltlaeden.de\/babenhausen\/#website"},"datePublished":"2024-04-16T08:09:39+00:00","dateModified":"2024-05-21T12:36:46+00:00","author":{"@id":"https:\/\/weltlaeden.de\/babenhausen\/#\/schema\/person\/098872594b47e62254e1077144fe00e1"},"breadcrumb":{"@id":"https:\/\/weltlaeden.de\/babenhausen\/weltladentag-2024-internationaler-tag-des-fairen-handels-und-bundesweiter-aktionstag-fuer-klimagerechtigkeit\/#breadcrumb"},"inLanguage":"de","potentialAction":[{"@type":"ReadAction","target":["https:\/\/weltlaeden.de\/babenhausen\/weltladentag-2024-internationaler-tag-des-fairen-handels-und-bundesweiter-aktionstag-fuer-klimagerechtigkeit\/"]}]},{"@type":"BreadcrumbList","@id":"https:\/\/weltlaeden.de\/babenhausen\/weltladentag-2024-internationaler-tag-des-fairen-handels-und-bundesweiter-aktionstag-fuer-klimagerechtigkeit\/#breadcrumb","itemListElement":[{"@type":"ListItem","position":1,"name":"Startseite","item":"https:\/\/weltlaeden.de\/babenhausen\/"},{"@type":"ListItem","position":2,"name":"Weltladentag 2024 &#8211; Internationaler Tag des Fairen Handels und bundesweiter Aktionstag f\u00fcr Klimagerechtigkeit"}]},{"@type":"WebSite","@id":"https:\/\/weltlaeden.de\/babenhausen\/#website","url":"https:\/\/weltlaeden.de\/babenhausen\/","name":"Weltladen Babenhausen","description":"Faire Produkte seit 1990","potentialAction":[{"@type":"SearchAction","target":{"@type":"EntryPoint","urlTemplate":"https:\/\/weltlaeden.de\/babenhausen\/?s={search_term_string}"},"query-input":{"@type":"PropertyValueSpecification","valueRequired":true,"valueName":"search_term_string"}}],"inLanguage":"de"},{"@type":"Person","@id":"https:\/\/weltlaeden.de\/babenhausen\/#\/schema\/person\/098872594b47e62254e1077144fe00e1","name":"kerberhock","image":{"@type":"ImageObject","inLanguage":"de","@id":"https:\/\/weltlaeden.de\/babenhausen\/#\/schema\/person\/image\/","url":"https:\/\/secure.gravatar.com\/avatar\/50c5ed9b73cdb822384bbdb3ff22392f?s=96&d=mm&r=g","contentUrl":"https:\/\/secure.gravatar.com\/avatar\/50c5ed9b73cdb822384bbdb3ff22392f?s=96&d=mm&r=g","caption":"kerberhock"},"url":"https:\/\/weltlaeden.de\/babenhausen\/author\/kerberhock\/"}]}},"_links":{"self":[{"href":"https:\/\/weltlaeden.de\/babenhausen\/wp-json\/wp\/v2\/posts\/1523","targetHints":{"allow":["GET"]}}],"collection":[{"href":"https:\/\/weltlaeden.de\/babenhausen\/wp-json\/wp\/v2\/posts"}],"about":[{"href":"https:\/\/weltlaeden.de\/babenhausen\/wp-json\/wp\/v2\/types\/post"}],"author":[{"embeddable":true,"href":"https:\/\/weltlaeden.de\/babenhausen\/wp-json\/wp\/v2\/users\/308"}],"replies":[{"embeddable":true,"href":"https:\/\/weltlaeden.de\/babenhausen\/wp-json\/wp\/v2\/comments?post=1523"}],"version-history":[{"count":3,"href":"https:\/\/weltlaeden.de\/babenhausen\/wp-json\/wp\/v2\/posts\/1523\/revisions"}],"predecessor-version":[{"id":1536,"href":"https:\/\/weltlaeden.de\/babenhausen\/wp-json\/wp\/v2\/posts\/1523\/revisions\/1536"}],"wp:attachment":[{"href":"https:\/\/weltlaeden.de\/babenhausen\/wp-json\/wp\/v2\/media?parent=1523"}],"wp:term":[{"taxonomy":"category","embeddable":true,"href":"https:\/\/weltlaeden.de\/babenhausen\/wp-json\/wp\/v2\/categories?post=1523"},{"taxonomy":"post_tag","embeddable":true,"href":"https:\/\/weltlaeden.de\/babenhausen\/wp-json\/wp\/v2\/tags?post=1523"}],"curies":[{"name":"wp","href":"https:\/\/api.w.org\/{rel}","templated":true}]}}