{"id":1437,"date":"2024-01-31T18:45:41","date_gmt":"2024-01-31T17:45:41","guid":{"rendered":"https:\/\/weltlaeden.de\/babenhausen\/?p=1437"},"modified":"2024-04-09T15:20:46","modified_gmt":"2024-04-09T13:20:46","slug":"die-eroeffnungstage-waren-ein-voller-erfolg","status":"publish","type":"post","link":"https:\/\/weltlaeden.de\/babenhausen\/die-eroeffnungstage-waren-ein-voller-erfolg\/","title":{"rendered":"Januar 2024 &#8211; Die Wiederer\u00f6ffnung des Weltladens war ein voller Erfolg!"},"content":{"rendered":"<p>Nach vor\u00fcbergehender Schlie\u00dfung aufgrund des Umzugs von der Schlossgasse 2 in die neuen, gr\u00f6\u00dferen und sch\u00f6neren Ladenr\u00e4ume in der Fahrstra\u00dfe 11 wurde der Weltladen am 12. Januar 2024 wiederer\u00f6ffnet.<\/p>\n<p>Dies wurde an zwei Tagen mit Sekt und H\u00e4ppchen, einem kulturellen Rahmenprogramm und vielen Gl\u00fcckw\u00fcnschen und Gru\u00dfworten von offizieller Seite geb\u00fchrend gefeiert.<\/p>\n<p>Vertreterinnen und Vertreter der Stadt Babenhausen, des Gewerbevereins Babenhausen, des Weltladen Dachverbands und des Verbands der Weltl\u00e4den Hessen kamen zum Gratulieren, ebenso auch Delegierte von befreundeten Weltl\u00e4den aus der Region.<\/p>\n<p>Viele Interessierte aus Babenhausen und Umgebung kamen zum Kennenlernen der neuen Ladenr\u00e4ume und der vielf\u00e4ltigen Produktpalette sowie auch zum Zuh\u00f6ren und Genie\u00dfen des kulturellen Rahmenprogramms.<\/p>\n<p>Hier einige Impressionen von den Er\u00f6ffnungstagen&#8230;<\/p>\n\n\t\t\t<style type='text\/css'>\n\t\t\t\t#gallery-1 {\n\t\t\t\t\tmargin: auto;\n\t\t\t\t}\n\t\t\t\t#gallery-1 .gallery-item {\n\t\t\t\t\tfloat: left;\n\t\t\t\t\tmargin-top: 10px;\n\t\t\t\t\ttext-align: center;\n\t\t\t\t\twidth: 100%;\n\t\t\t\t}\n\t\t\t\t#gallery-1 img {\n\t\t\t\t\tborder: 2px solid #cfcfcf;\n\t\t\t\t}\n\t\t\t\t#gallery-1 .gallery-caption {\n\t\t\t\t\tmargin-left: 0;\n\t\t\t\t}\n\t\t\t\t\/* see gallery_shortcode() in wp-includes\/media.php *\/\n\t\t\t<\/style>\n\t\t<div id='gallery-1' class='dt-gallery-container gallery galleryid-1437 gallery-columns-1 gallery-size-large'><dl class='gallery-item'>\n\t\t\t\t<dt class='gallery-icon landscape'>\n\t\t\t\t\t<a class=\"rollover\" href='https:\/\/weltlaeden.de\/babenhausen\/bild1\/'><img loading=\"lazy\" decoding=\"async\" width=\"1024\" height=\"621\" src=\"https:\/\/weltlaeden.de\/babenhausen\/wp-content\/uploads\/sites\/107\/2024\/01\/Bild1-1024x621.jpg\" class=\"attachment-large size-large\" alt=\"\" aria-describedby=\"gallery-1-1429\" srcset=\"https:\/\/weltlaeden.de\/babenhausen\/wp-content\/uploads\/sites\/107\/2024\/01\/Bild1-1024x621.jpg 1024w, https:\/\/weltlaeden.de\/babenhausen\/wp-content\/uploads\/sites\/107\/2024\/01\/Bild1-300x182.jpg 300w, https:\/\/weltlaeden.de\/babenhausen\/wp-content\/uploads\/sites\/107\/2024\/01\/Bild1-768x466.jpg 768w, https:\/\/weltlaeden.de\/babenhausen\/wp-content\/uploads\/sites\/107\/2024\/01\/Bild1-1536x932.jpg 1536w, https:\/\/weltlaeden.de\/babenhausen\/wp-content\/uploads\/sites\/107\/2024\/01\/Bild1-scaled.jpg 2048w\" sizes=\"auto, (max-width: 1024px) 100vw, 1024px\" \/><\/a>\n\t\t\t\t<\/dt>\n\t\t\t\t\t<dd class='wp-caption-text gallery-caption' id='gallery-1-1429'>\n\t\t\t\t\tReinhard Rupprecht (Erster Stadtrat); Gertrud Meyer-Sauerwein (Vorsitzende Weltladen Dieburg); Kornelia Kerber-Hock (Vorstandsteam Weltladen Babenhausen); Nicola Kr\u00fcmpelmann (Vorstandsvorsitzende Weltladen Dachverband); Klaus Schmitt (Vorsitzender Gewerbeverein Babenhausen); Lara Kresz (Stadt Babenhausen, Sport-und Kulturamt)\n\t\t\t\t\t<\/dd><\/dl><br style=\"clear: both\" \/><dl class='gallery-item'>\n\t\t\t\t<dt class='gallery-icon landscape'>\n\t\t\t\t\t<a class=\"rollover\" href='https:\/\/weltlaeden.de\/babenhausen\/bild3\/'><img loading=\"lazy\" decoding=\"async\" width=\"1024\" height=\"673\" src=\"https:\/\/weltlaeden.de\/babenhausen\/wp-content\/uploads\/sites\/107\/2024\/01\/Bild3-1024x673.jpg\" class=\"attachment-large size-large\" alt=\"\" aria-describedby=\"gallery-1-1431\" srcset=\"https:\/\/weltlaeden.de\/babenhausen\/wp-content\/uploads\/sites\/107\/2024\/01\/Bild3-1024x673.jpg 1024w, https:\/\/weltlaeden.de\/babenhausen\/wp-content\/uploads\/sites\/107\/2024\/01\/Bild3-300x197.jpg 300w, https:\/\/weltlaeden.de\/babenhausen\/wp-content\/uploads\/sites\/107\/2024\/01\/Bild3-768x505.jpg 768w, https:\/\/weltlaeden.de\/babenhausen\/wp-content\/uploads\/sites\/107\/2024\/01\/Bild3-1536x1010.jpg 1536w, https:\/\/weltlaeden.de\/babenhausen\/wp-content\/uploads\/sites\/107\/2024\/01\/Bild3-scaled.jpg 2048w\" sizes=\"auto, (max-width: 1024px) 100vw, 1024px\" \/><\/a>\n\t\t\t\t<\/dt>\n\t\t\t\t\t<dd class='wp-caption-text gallery-caption' id='gallery-1-1431'>\n\t\t\t\t\tDas Vorstandsteam des Weltladen Babenhausen Marga Jonas, Beate Klotz-Reichel, Ulrike Blees, Gaby Reckenbeil, es fehlen: Alice Sauer, Kornelia Kerber-Hock\n\t\t\t\t\t<\/dd><\/dl><br style=\"clear: both\" \/><dl class='gallery-item'>\n\t\t\t\t<dt class='gallery-icon portrait'>\n\t\t\t\t\t<a class=\"rollover\" href='https:\/\/weltlaeden.de\/babenhausen\/bild2\/'><img loading=\"lazy\" decoding=\"async\" width=\"348\" height=\"497\" src=\"https:\/\/weltlaeden.de\/babenhausen\/wp-content\/uploads\/sites\/107\/2024\/01\/Bild2.jpg\" class=\"attachment-large size-large\" alt=\"\" aria-describedby=\"gallery-1-1430\" srcset=\"https:\/\/weltlaeden.de\/babenhausen\/wp-content\/uploads\/sites\/107\/2024\/01\/Bild2.jpg 348w, https:\/\/weltlaeden.de\/babenhausen\/wp-content\/uploads\/sites\/107\/2024\/01\/Bild2-210x300.jpg 210w\" sizes=\"auto, (max-width: 348px) 100vw, 348px\" \/><\/a>\n\t\t\t\t<\/dt>\n\t\t\t\t\t<dd class='wp-caption-text gallery-caption' id='gallery-1-1430'>\n\t\t\t\t\tChristine Feiler (Fairhandelsbeauftragte Weltl\u00e4den Hessen)\n\t\t\t\t\t<\/dd><\/dl><br style=\"clear: both\" \/><dl class='gallery-item'>\n\t\t\t\t<dt class='gallery-icon portrait'>\n\t\t\t\t\t<a class=\"rollover\" href='https:\/\/weltlaeden.de\/babenhausen\/bild5\/'><img loading=\"lazy\" decoding=\"async\" width=\"893\" height=\"1024\" src=\"https:\/\/weltlaeden.de\/babenhausen\/wp-content\/uploads\/sites\/107\/2024\/01\/Bild5-893x1024.jpg\" class=\"attachment-large size-large\" alt=\"\" aria-describedby=\"gallery-1-1433\" srcset=\"https:\/\/weltlaeden.de\/babenhausen\/wp-content\/uploads\/sites\/107\/2024\/01\/Bild5-893x1024.jpg 893w, https:\/\/weltlaeden.de\/babenhausen\/wp-content\/uploads\/sites\/107\/2024\/01\/Bild5-262x300.jpg 262w, https:\/\/weltlaeden.de\/babenhausen\/wp-content\/uploads\/sites\/107\/2024\/01\/Bild5-768x880.jpg 768w, https:\/\/weltlaeden.de\/babenhausen\/wp-content\/uploads\/sites\/107\/2024\/01\/Bild5.jpg 1328w\" sizes=\"auto, (max-width: 893px) 100vw, 893px\" \/><\/a>\n\t\t\t\t<\/dt>\n\t\t\t\t\t<dd class='wp-caption-text gallery-caption' id='gallery-1-1433'>\n\t\t\t\t\tKlassische Gitarrenmusik von Fritz Ludwig (Ukulele- und Gitarrenlehrer aus Schaafheim) und Ruiteng Wang (15 Jahre, aus Langstadt)\n\t\t\t\t\t<\/dd><\/dl><br style=\"clear: both\" \/><dl class='gallery-item'>\n\t\t\t\t<dt class='gallery-icon portrait'>\n\t\t\t\t\t<a class=\"rollover\" href='https:\/\/weltlaeden.de\/babenhausen\/bild6\/'><img loading=\"lazy\" decoding=\"async\" width=\"688\" height=\"1024\" src=\"https:\/\/weltlaeden.de\/babenhausen\/wp-content\/uploads\/sites\/107\/2024\/01\/Bild6-688x1024.jpg\" class=\"attachment-large size-large\" alt=\"\" aria-describedby=\"gallery-1-1434\" srcset=\"https:\/\/weltlaeden.de\/babenhausen\/wp-content\/uploads\/sites\/107\/2024\/01\/Bild6-688x1024.jpg 688w, https:\/\/weltlaeden.de\/babenhausen\/wp-content\/uploads\/sites\/107\/2024\/01\/Bild6-201x300.jpg 201w, https:\/\/weltlaeden.de\/babenhausen\/wp-content\/uploads\/sites\/107\/2024\/01\/Bild6-768x1144.jpg 768w, https:\/\/weltlaeden.de\/babenhausen\/wp-content\/uploads\/sites\/107\/2024\/01\/Bild6-1031x1536.jpg 1031w, https:\/\/weltlaeden.de\/babenhausen\/wp-content\/uploads\/sites\/107\/2024\/01\/Bild6-scaled.jpg 1375w\" sizes=\"auto, (max-width: 688px) 100vw, 688px\" \/><\/a>\n\t\t\t\t<\/dt>\n\t\t\t\t\t<dd class='wp-caption-text gallery-caption' id='gallery-1-1434'>\n\t\t\t\t\tKlassische Gitarrenmusik von Dimitrii Lytvynenko (16 Jahre, aus Langstadt)\n\t\t\t\t\t<\/dd><\/dl><br style=\"clear: both\" \/><dl class='gallery-item'>\n\t\t\t\t<dt class='gallery-icon portrait'>\n\t\t\t\t\t<a class=\"rollover\" href='https:\/\/weltlaeden.de\/babenhausen\/bild8\/'><img loading=\"lazy\" decoding=\"async\" width=\"606\" height=\"1024\" src=\"https:\/\/weltlaeden.de\/babenhausen\/wp-content\/uploads\/sites\/107\/2024\/01\/Bild8-e1706728450611-606x1024.jpg\" class=\"attachment-large size-large\" alt=\"\" aria-describedby=\"gallery-1-1424\" srcset=\"https:\/\/weltlaeden.de\/babenhausen\/wp-content\/uploads\/sites\/107\/2024\/01\/Bild8-e1706728450611-606x1024.jpg 606w, https:\/\/weltlaeden.de\/babenhausen\/wp-content\/uploads\/sites\/107\/2024\/01\/Bild8-e1706728450611-178x300.jpg 178w, https:\/\/weltlaeden.de\/babenhausen\/wp-content\/uploads\/sites\/107\/2024\/01\/Bild8-e1706728450611-768x1298.jpg 768w, https:\/\/weltlaeden.de\/babenhausen\/wp-content\/uploads\/sites\/107\/2024\/01\/Bild8-e1706728450611-909x1536.jpg 909w, https:\/\/weltlaeden.de\/babenhausen\/wp-content\/uploads\/sites\/107\/2024\/01\/Bild8-e1706728450611.jpg 1157w\" sizes=\"auto, (max-width: 606px) 100vw, 606px\" \/><\/a>\n\t\t\t\t<\/dt>\n\t\t\t\t\t<dd class='wp-caption-text gallery-caption' id='gallery-1-1424'>\n\t\t\t\t\tKabarett mit Hans Greifenstein\n\t\t\t\t\t<\/dd><\/dl><br style=\"clear: both\" \/><dl class='gallery-item'>\n\t\t\t\t<dt class='gallery-icon landscape'>\n\t\t\t\t\t<a class=\"rollover\" href='https:\/\/weltlaeden.de\/babenhausen\/bild10\/'><img loading=\"lazy\" decoding=\"async\" width=\"1024\" height=\"810\" src=\"https:\/\/weltlaeden.de\/babenhausen\/wp-content\/uploads\/sites\/107\/2024\/01\/Bild10-1024x810.jpg\" class=\"attachment-large size-large\" alt=\"\" aria-describedby=\"gallery-1-1426\" srcset=\"https:\/\/weltlaeden.de\/babenhausen\/wp-content\/uploads\/sites\/107\/2024\/01\/Bild10-1024x810.jpg 1024w, https:\/\/weltlaeden.de\/babenhausen\/wp-content\/uploads\/sites\/107\/2024\/01\/Bild10-300x237.jpg 300w, https:\/\/weltlaeden.de\/babenhausen\/wp-content\/uploads\/sites\/107\/2024\/01\/Bild10-768x608.jpg 768w, https:\/\/weltlaeden.de\/babenhausen\/wp-content\/uploads\/sites\/107\/2024\/01\/Bild10-1536x1216.jpg 1536w, https:\/\/weltlaeden.de\/babenhausen\/wp-content\/uploads\/sites\/107\/2024\/01\/Bild10-scaled.jpg 2048w\" sizes=\"auto, (max-width: 1024px) 100vw, 1024px\" \/><\/a>\n\t\t\t\t<\/dt>\n\t\t\t\t\t<dd class='wp-caption-text gallery-caption' id='gallery-1-1426'>\n\t\t\t\t\tGeschirr\n\t\t\t\t\t<\/dd><\/dl><br style=\"clear: both\" \/><dl class='gallery-item'>\n\t\t\t\t<dt class='gallery-icon landscape'>\n\t\t\t\t\t<a class=\"rollover\" href='https:\/\/weltlaeden.de\/babenhausen\/bild11\/'><img loading=\"lazy\" decoding=\"async\" width=\"1024\" height=\"660\" src=\"https:\/\/weltlaeden.de\/babenhausen\/wp-content\/uploads\/sites\/107\/2024\/01\/Bild11-1024x660.jpg\" class=\"attachment-large size-large\" alt=\"\" aria-describedby=\"gallery-1-1427\" srcset=\"https:\/\/weltlaeden.de\/babenhausen\/wp-content\/uploads\/sites\/107\/2024\/01\/Bild11-1024x660.jpg 1024w, https:\/\/weltlaeden.de\/babenhausen\/wp-content\/uploads\/sites\/107\/2024\/01\/Bild11-300x193.jpg 300w, https:\/\/weltlaeden.de\/babenhausen\/wp-content\/uploads\/sites\/107\/2024\/01\/Bild11-768x495.jpg 768w, https:\/\/weltlaeden.de\/babenhausen\/wp-content\/uploads\/sites\/107\/2024\/01\/Bild11-1536x990.jpg 1536w, https:\/\/weltlaeden.de\/babenhausen\/wp-content\/uploads\/sites\/107\/2024\/01\/Bild11-scaled.jpg 2048w\" sizes=\"auto, (max-width: 1024px) 100vw, 1024px\" \/><\/a>\n\t\t\t\t<\/dt>\n\t\t\t\t\t<dd class='wp-caption-text gallery-caption' id='gallery-1-1427'>\n\t\t\t\t\tProduktauswahl\n\t\t\t\t\t<\/dd><\/dl><br style=\"clear: both\" \/><dl class='gallery-item'>\n\t\t\t\t<dt class='gallery-icon landscape'>\n\t\t\t\t\t<a class=\"rollover\" href='https:\/\/weltlaeden.de\/babenhausen\/bild9\/'><img loading=\"lazy\" decoding=\"async\" width=\"1024\" height=\"671\" src=\"https:\/\/weltlaeden.de\/babenhausen\/wp-content\/uploads\/sites\/107\/2024\/01\/Bild9-1024x671.jpg\" class=\"attachment-large size-large\" alt=\"\" aria-describedby=\"gallery-1-1425\" srcset=\"https:\/\/weltlaeden.de\/babenhausen\/wp-content\/uploads\/sites\/107\/2024\/01\/Bild9-1024x671.jpg 1024w, https:\/\/weltlaeden.de\/babenhausen\/wp-content\/uploads\/sites\/107\/2024\/01\/Bild9-300x197.jpg 300w, https:\/\/weltlaeden.de\/babenhausen\/wp-content\/uploads\/sites\/107\/2024\/01\/Bild9-768x504.jpg 768w, https:\/\/weltlaeden.de\/babenhausen\/wp-content\/uploads\/sites\/107\/2024\/01\/Bild9-1536x1007.jpg 1536w, https:\/\/weltlaeden.de\/babenhausen\/wp-content\/uploads\/sites\/107\/2024\/01\/Bild9-scaled.jpg 2048w\" sizes=\"auto, (max-width: 1024px) 100vw, 1024px\" \/><\/a>\n\t\t\t\t<\/dt>\n\t\t\t\t\t<dd class='wp-caption-text gallery-caption' id='gallery-1-1425'>\n\t\t\t\t\tKaffee und Tee\n\t\t\t\t\t<\/dd><\/dl><br style=\"clear: both\" \/>\n\t\t\t<\/div>\n\n","protected":false},"excerpt":{"rendered":"<p>Nach vor\u00fcbergehender Schlie\u00dfung aufgrund des Umzugs von der Schlossgasse 2 in die neuen, gr\u00f6\u00dferen und sch\u00f6neren Ladenr\u00e4ume in der Fahrstra\u00dfe 11 wurde der Weltladen am 12. Januar 2024 wiederer\u00f6ffnet. Dies wurde an zwei Tagen mit Sekt und H\u00e4ppchen, einem kulturellen Rahmenprogramm und vielen Gl\u00fcckw\u00fcnschen und Gru\u00dfworten von offizieller Seite geb\u00fchrend gefeiert. Vertreterinnen und Vertreter der&hellip;<\/p>\n","protected":false},"author":162,"featured_media":1432,"comment_status":"closed","ping_status":"closed","sticky":false,"template":"","format":"standard","meta":{"footnotes":""},"categories":[8,12],"tags":[13,14],"class_list":["post-1437","post","type-post","status-publish","format-standard","has-post-thumbnail","hentry","category-neues","category-verein","tag-weltladen-babenhausen","tag-wiedereroeffnung","category-8","category-12","description-off"],"yoast_head":"<!-- This site is optimized with the Yoast SEO plugin v26.8 - https:\/\/yoast.com\/product\/yoast-seo-wordpress\/ -->\n<title>Januar 2024 - Die Wiederer\u00f6ffnung des Weltladens war ein voller Erfolg! - Weltladen Babenhausen<\/title>\n<meta name=\"robots\" content=\"index, follow, max-snippet:-1, max-image-preview:large, max-video-preview:-1\" \/>\n<link rel=\"canonical\" href=\"https:\/\/weltlaeden.de\/babenhausen\/die-eroeffnungstage-waren-ein-voller-erfolg\/\" \/>\n<meta property=\"og:locale\" content=\"de_DE\" \/>\n<meta property=\"og:type\" content=\"article\" \/>\n<meta property=\"og:title\" content=\"Januar 2024 - Die Wiederer\u00f6ffnung des Weltladens war ein voller Erfolg! - Weltladen Babenhausen\" \/>\n<meta property=\"og:description\" content=\"Nach vor\u00fcbergehender Schlie\u00dfung aufgrund des Umzugs von der Schlossgasse 2 in die neuen, gr\u00f6\u00dferen und sch\u00f6neren Ladenr\u00e4ume in der Fahrstra\u00dfe 11 wurde der Weltladen am 12. Januar 2024 wiederer\u00f6ffnet. Dies wurde an zwei Tagen mit Sekt und H\u00e4ppchen, einem kulturellen Rahmenprogramm und vielen Gl\u00fcckw\u00fcnschen und Gru\u00dfworten von offizieller Seite geb\u00fchrend gefeiert. Vertreterinnen und Vertreter der&hellip;\" \/>\n<meta property=\"og:url\" content=\"https:\/\/weltlaeden.de\/babenhausen\/die-eroeffnungstage-waren-ein-voller-erfolg\/\" \/>\n<meta property=\"og:site_name\" content=\"Weltladen Babenhausen\" \/>\n<meta property=\"article:published_time\" content=\"2024-01-31T17:45:41+00:00\" \/>\n<meta property=\"article:modified_time\" content=\"2024-04-09T13:20:46+00:00\" \/>\n<meta property=\"og:image\" content=\"https:\/\/weltlaeden.de\/babenhausen\/wp-content\/uploads\/sites\/107\/2024\/01\/Bild4.jpg\" \/>\n\t<meta property=\"og:image:width\" content=\"2048\" \/>\n\t<meta property=\"og:image:height\" content=\"1167\" \/>\n\t<meta property=\"og:image:type\" content=\"image\/jpeg\" \/>\n<meta name=\"author\" content=\"babenhausen\" \/>\n<meta name=\"twitter:card\" content=\"summary_large_image\" \/>\n<meta name=\"twitter:label1\" content=\"Verfasst von\" \/>\n\t<meta name=\"twitter:data1\" content=\"babenhausen\" \/>\n\t<meta name=\"twitter:label2\" content=\"Gesch\u00e4tzte Lesezeit\" \/>\n\t<meta name=\"twitter:data2\" content=\"1\u00a0Minute\" \/>\n<script type=\"application\/ld+json\" class=\"yoast-schema-graph\">{\"@context\":\"https:\/\/schema.org\",\"@graph\":[{\"@type\":\"Article\",\"@id\":\"https:\/\/weltlaeden.de\/babenhausen\/die-eroeffnungstage-waren-ein-voller-erfolg\/#article\",\"isPartOf\":{\"@id\":\"https:\/\/weltlaeden.de\/babenhausen\/die-eroeffnungstage-waren-ein-voller-erfolg\/\"},\"author\":{\"name\":\"babenhausen\",\"@id\":\"https:\/\/weltlaeden.de\/babenhausen\/#\/schema\/person\/bfc69fe2e1fdd0e99001ef9cbbb909c9\"},\"headline\":\"Januar 2024 &#8211; Die Wiederer\u00f6ffnung des Weltladens war ein voller Erfolg!\",\"datePublished\":\"2024-01-31T17:45:41+00:00\",\"dateModified\":\"2024-04-09T13:20:46+00:00\",\"mainEntityOfPage\":{\"@id\":\"https:\/\/weltlaeden.de\/babenhausen\/die-eroeffnungstage-waren-ein-voller-erfolg\/\"},\"wordCount\":143,\"image\":{\"@id\":\"https:\/\/weltlaeden.de\/babenhausen\/die-eroeffnungstage-waren-ein-voller-erfolg\/#primaryimage\"},\"thumbnailUrl\":\"https:\/\/weltlaeden.de\/babenhausen\/wp-content\/uploads\/sites\/107\/2024\/01\/Bild4.jpg\",\"keywords\":[\"Weltladen Babenhausen\",\"Wiederer\u00f6ffnung\"],\"articleSection\":[\"Neuigkeiten\",\"Verein\"],\"inLanguage\":\"de\"},{\"@type\":\"WebPage\",\"@id\":\"https:\/\/weltlaeden.de\/babenhausen\/die-eroeffnungstage-waren-ein-voller-erfolg\/\",\"url\":\"https:\/\/weltlaeden.de\/babenhausen\/die-eroeffnungstage-waren-ein-voller-erfolg\/\",\"name\":\"Januar 2024 - Die Wiederer\u00f6ffnung des Weltladens war ein voller Erfolg! - Weltladen Babenhausen\",\"isPartOf\":{\"@id\":\"https:\/\/weltlaeden.de\/babenhausen\/#website\"},\"primaryImageOfPage\":{\"@id\":\"https:\/\/weltlaeden.de\/babenhausen\/die-eroeffnungstage-waren-ein-voller-erfolg\/#primaryimage\"},\"image\":{\"@id\":\"https:\/\/weltlaeden.de\/babenhausen\/die-eroeffnungstage-waren-ein-voller-erfolg\/#primaryimage\"},\"thumbnailUrl\":\"https:\/\/weltlaeden.de\/babenhausen\/wp-content\/uploads\/sites\/107\/2024\/01\/Bild4.jpg\",\"datePublished\":\"2024-01-31T17:45:41+00:00\",\"dateModified\":\"2024-04-09T13:20:46+00:00\",\"author\":{\"@id\":\"https:\/\/weltlaeden.de\/babenhausen\/#\/schema\/person\/bfc69fe2e1fdd0e99001ef9cbbb909c9\"},\"breadcrumb\":{\"@id\":\"https:\/\/weltlaeden.de\/babenhausen\/die-eroeffnungstage-waren-ein-voller-erfolg\/#breadcrumb\"},\"inLanguage\":\"de\",\"potentialAction\":[{\"@type\":\"ReadAction\",\"target\":[\"https:\/\/weltlaeden.de\/babenhausen\/die-eroeffnungstage-waren-ein-voller-erfolg\/\"]}]},{\"@type\":\"ImageObject\",\"inLanguage\":\"de\",\"@id\":\"https:\/\/weltlaeden.de\/babenhausen\/die-eroeffnungstage-waren-ein-voller-erfolg\/#primaryimage\",\"url\":\"https:\/\/weltlaeden.de\/babenhausen\/wp-content\/uploads\/sites\/107\/2024\/01\/Bild4.jpg\",\"contentUrl\":\"https:\/\/weltlaeden.de\/babenhausen\/wp-content\/uploads\/sites\/107\/2024\/01\/Bild4.jpg\",\"width\":2048,\"height\":1167,\"caption\":\"Mitarbeiterinnen WL Babenhausen\"},{\"@type\":\"BreadcrumbList\",\"@id\":\"https:\/\/weltlaeden.de\/babenhausen\/die-eroeffnungstage-waren-ein-voller-erfolg\/#breadcrumb\",\"itemListElement\":[{\"@type\":\"ListItem\",\"position\":1,\"name\":\"Startseite\",\"item\":\"https:\/\/weltlaeden.de\/babenhausen\/\"},{\"@type\":\"ListItem\",\"position\":2,\"name\":\"Januar 2024 &#8211; Die Wiederer\u00f6ffnung des Weltladens war ein voller Erfolg!\"}]},{\"@type\":\"WebSite\",\"@id\":\"https:\/\/weltlaeden.de\/babenhausen\/#website\",\"url\":\"https:\/\/weltlaeden.de\/babenhausen\/\",\"name\":\"Weltladen Babenhausen\",\"description\":\"Faire Produkte seit 1990\",\"potentialAction\":[{\"@type\":\"SearchAction\",\"target\":{\"@type\":\"EntryPoint\",\"urlTemplate\":\"https:\/\/weltlaeden.de\/babenhausen\/?s={search_term_string}\"},\"query-input\":{\"@type\":\"PropertyValueSpecification\",\"valueRequired\":true,\"valueName\":\"search_term_string\"}}],\"inLanguage\":\"de\"},{\"@type\":\"Person\",\"@id\":\"https:\/\/weltlaeden.de\/babenhausen\/#\/schema\/person\/bfc69fe2e1fdd0e99001ef9cbbb909c9\",\"name\":\"babenhausen\",\"image\":{\"@type\":\"ImageObject\",\"inLanguage\":\"de\",\"@id\":\"https:\/\/weltlaeden.de\/babenhausen\/#\/schema\/person\/image\/\",\"url\":\"https:\/\/secure.gravatar.com\/avatar\/e127778b69fa912c572f8eb664e988f9?s=96&d=mm&r=g\",\"contentUrl\":\"https:\/\/secure.gravatar.com\/avatar\/e127778b69fa912c572f8eb664e988f9?s=96&d=mm&r=g\",\"caption\":\"babenhausen\"},\"url\":\"https:\/\/weltlaeden.de\/babenhausen\/author\/babenhausen\/\"}]}<\/script>\n<!-- \/ Yoast SEO plugin. -->","yoast_head_json":{"title":"Januar 2024 - Die Wiederer\u00f6ffnung des Weltladens war ein voller Erfolg! - Weltladen Babenhausen","robots":{"index":"index","follow":"follow","max-snippet":"max-snippet:-1","max-image-preview":"max-image-preview:large","max-video-preview":"max-video-preview:-1"},"canonical":"https:\/\/weltlaeden.de\/babenhausen\/die-eroeffnungstage-waren-ein-voller-erfolg\/","og_locale":"de_DE","og_type":"article","og_title":"Januar 2024 - Die Wiederer\u00f6ffnung des Weltladens war ein voller Erfolg! - Weltladen Babenhausen","og_description":"Nach vor\u00fcbergehender Schlie\u00dfung aufgrund des Umzugs von der Schlossgasse 2 in die neuen, gr\u00f6\u00dferen und sch\u00f6neren Ladenr\u00e4ume in der Fahrstra\u00dfe 11 wurde der Weltladen am 12. Januar 2024 wiederer\u00f6ffnet. Dies wurde an zwei Tagen mit Sekt und H\u00e4ppchen, einem kulturellen Rahmenprogramm und vielen Gl\u00fcckw\u00fcnschen und Gru\u00dfworten von offizieller Seite geb\u00fchrend gefeiert. Vertreterinnen und Vertreter der&hellip;","og_url":"https:\/\/weltlaeden.de\/babenhausen\/die-eroeffnungstage-waren-ein-voller-erfolg\/","og_site_name":"Weltladen Babenhausen","article_published_time":"2024-01-31T17:45:41+00:00","article_modified_time":"2024-04-09T13:20:46+00:00","og_image":[{"width":2048,"height":1167,"url":"https:\/\/weltlaeden.de\/babenhausen\/wp-content\/uploads\/sites\/107\/2024\/01\/Bild4.jpg","type":"image\/jpeg"}],"author":"babenhausen","twitter_card":"summary_large_image","twitter_misc":{"Verfasst von":"babenhausen","Gesch\u00e4tzte Lesezeit":"1\u00a0Minute"},"schema":{"@context":"https:\/\/schema.org","@graph":[{"@type":"Article","@id":"https:\/\/weltlaeden.de\/babenhausen\/die-eroeffnungstage-waren-ein-voller-erfolg\/#article","isPartOf":{"@id":"https:\/\/weltlaeden.de\/babenhausen\/die-eroeffnungstage-waren-ein-voller-erfolg\/"},"author":{"name":"babenhausen","@id":"https:\/\/weltlaeden.de\/babenhausen\/#\/schema\/person\/bfc69fe2e1fdd0e99001ef9cbbb909c9"},"headline":"Januar 2024 &#8211; Die Wiederer\u00f6ffnung des Weltladens war ein voller Erfolg!","datePublished":"2024-01-31T17:45:41+00:00","dateModified":"2024-04-09T13:20:46+00:00","mainEntityOfPage":{"@id":"https:\/\/weltlaeden.de\/babenhausen\/die-eroeffnungstage-waren-ein-voller-erfolg\/"},"wordCount":143,"image":{"@id":"https:\/\/weltlaeden.de\/babenhausen\/die-eroeffnungstage-waren-ein-voller-erfolg\/#primaryimage"},"thumbnailUrl":"https:\/\/weltlaeden.de\/babenhausen\/wp-content\/uploads\/sites\/107\/2024\/01\/Bild4.jpg","keywords":["Weltladen Babenhausen","Wiederer\u00f6ffnung"],"articleSection":["Neuigkeiten","Verein"],"inLanguage":"de"},{"@type":"WebPage","@id":"https:\/\/weltlaeden.de\/babenhausen\/die-eroeffnungstage-waren-ein-voller-erfolg\/","url":"https:\/\/weltlaeden.de\/babenhausen\/die-eroeffnungstage-waren-ein-voller-erfolg\/","name":"Januar 2024 - Die Wiederer\u00f6ffnung des Weltladens war ein voller Erfolg! - Weltladen Babenhausen","isPartOf":{"@id":"https:\/\/weltlaeden.de\/babenhausen\/#website"},"primaryImageOfPage":{"@id":"https:\/\/weltlaeden.de\/babenhausen\/die-eroeffnungstage-waren-ein-voller-erfolg\/#primaryimage"},"image":{"@id":"https:\/\/weltlaeden.de\/babenhausen\/die-eroeffnungstage-waren-ein-voller-erfolg\/#primaryimage"},"thumbnailUrl":"https:\/\/weltlaeden.de\/babenhausen\/wp-content\/uploads\/sites\/107\/2024\/01\/Bild4.jpg","datePublished":"2024-01-31T17:45:41+00:00","dateModified":"2024-04-09T13:20:46+00:00","author":{"@id":"https:\/\/weltlaeden.de\/babenhausen\/#\/schema\/person\/bfc69fe2e1fdd0e99001ef9cbbb909c9"},"breadcrumb":{"@id":"https:\/\/weltlaeden.de\/babenhausen\/die-eroeffnungstage-waren-ein-voller-erfolg\/#breadcrumb"},"inLanguage":"de","potentialAction":[{"@type":"ReadAction","target":["https:\/\/weltlaeden.de\/babenhausen\/die-eroeffnungstage-waren-ein-voller-erfolg\/"]}]},{"@type":"ImageObject","inLanguage":"de","@id":"https:\/\/weltlaeden.de\/babenhausen\/die-eroeffnungstage-waren-ein-voller-erfolg\/#primaryimage","url":"https:\/\/weltlaeden.de\/babenhausen\/wp-content\/uploads\/sites\/107\/2024\/01\/Bild4.jpg","contentUrl":"https:\/\/weltlaeden.de\/babenhausen\/wp-content\/uploads\/sites\/107\/2024\/01\/Bild4.jpg","width":2048,"height":1167,"caption":"Mitarbeiterinnen WL Babenhausen"},{"@type":"BreadcrumbList","@id":"https:\/\/weltlaeden.de\/babenhausen\/die-eroeffnungstage-waren-ein-voller-erfolg\/#breadcrumb","itemListElement":[{"@type":"ListItem","position":1,"name":"Startseite","item":"https:\/\/weltlaeden.de\/babenhausen\/"},{"@type":"ListItem","position":2,"name":"Januar 2024 &#8211; Die Wiederer\u00f6ffnung des Weltladens war ein voller Erfolg!"}]},{"@type":"WebSite","@id":"https:\/\/weltlaeden.de\/babenhausen\/#website","url":"https:\/\/weltlaeden.de\/babenhausen\/","name":"Weltladen Babenhausen","description":"Faire Produkte seit 1990","potentialAction":[{"@type":"SearchAction","target":{"@type":"EntryPoint","urlTemplate":"https:\/\/weltlaeden.de\/babenhausen\/?s={search_term_string}"},"query-input":{"@type":"PropertyValueSpecification","valueRequired":true,"valueName":"search_term_string"}}],"inLanguage":"de"},{"@type":"Person","@id":"https:\/\/weltlaeden.de\/babenhausen\/#\/schema\/person\/bfc69fe2e1fdd0e99001ef9cbbb909c9","name":"babenhausen","image":{"@type":"ImageObject","inLanguage":"de","@id":"https:\/\/weltlaeden.de\/babenhausen\/#\/schema\/person\/image\/","url":"https:\/\/secure.gravatar.com\/avatar\/e127778b69fa912c572f8eb664e988f9?s=96&d=mm&r=g","contentUrl":"https:\/\/secure.gravatar.com\/avatar\/e127778b69fa912c572f8eb664e988f9?s=96&d=mm&r=g","caption":"babenhausen"},"url":"https:\/\/weltlaeden.de\/babenhausen\/author\/babenhausen\/"}]}},"_links":{"self":[{"href":"https:\/\/weltlaeden.de\/babenhausen\/wp-json\/wp\/v2\/posts\/1437","targetHints":{"allow":["GET"]}}],"collection":[{"href":"https:\/\/weltlaeden.de\/babenhausen\/wp-json\/wp\/v2\/posts"}],"about":[{"href":"https:\/\/weltlaeden.de\/babenhausen\/wp-json\/wp\/v2\/types\/post"}],"author":[{"embeddable":true,"href":"https:\/\/weltlaeden.de\/babenhausen\/wp-json\/wp\/v2\/users\/162"}],"replies":[{"embeddable":true,"href":"https:\/\/weltlaeden.de\/babenhausen\/wp-json\/wp\/v2\/comments?post=1437"}],"version-history":[{"count":27,"href":"https:\/\/weltlaeden.de\/babenhausen\/wp-json\/wp\/v2\/posts\/1437\/revisions"}],"predecessor-version":[{"id":1490,"href":"https:\/\/weltlaeden.de\/babenhausen\/wp-json\/wp\/v2\/posts\/1437\/revisions\/1490"}],"wp:featuredmedia":[{"embeddable":true,"href":"https:\/\/weltlaeden.de\/babenhausen\/wp-json\/wp\/v2\/media\/1432"}],"wp:attachment":[{"href":"https:\/\/weltlaeden.de\/babenhausen\/wp-json\/wp\/v2\/media?parent=1437"}],"wp:term":[{"taxonomy":"category","embeddable":true,"href":"https:\/\/weltlaeden.de\/babenhausen\/wp-json\/wp\/v2\/categories?post=1437"},{"taxonomy":"post_tag","embeddable":true,"href":"https:\/\/weltlaeden.de\/babenhausen\/wp-json\/wp\/v2\/tags?post=1437"}],"curies":[{"name":"wp","href":"https:\/\/api.w.org\/{rel}","templated":true}]}}