{"id":1412,"date":"2023-12-08T17:40:41","date_gmt":"2023-12-08T16:40:41","guid":{"rendered":"https:\/\/weltlaeden.de\/babenhausen\/?p=1412"},"modified":"2024-01-02T21:44:25","modified_gmt":"2024-01-02T20:44:25","slug":"zu-weihnachten-fairschenken","status":"publish","type":"post","link":"https:\/\/weltlaeden.de\/babenhausen\/zu-weihnachten-fairschenken\/","title":{"rendered":"Zu Weihnachten \u2013 \u201efairschenken\u201c und im Januar \u2013 Umzug &#8222;\u00fcber die Gass&#8220;"},"content":{"rendered":"<p>Im Weltladen Babenhausen finden Sie Kunsthandwerk, Schmuck, Feinkost, Geschenkk\u00f6rbe nach Wunsch \u2013 ganz besonders viel und sch\u00f6n zur Weihnachtszeit.<br \/>\nAnderswo gibt es das vielleicht auch, aber hier kommt noch etwas Besonderes hinzu. Irgendwo auf dieser Welt freut sich noch jemand \u00fcber Ihr Geschenk. Es k\u00f6nnte die Bauernfamilie in Mittelamerika sein, deren Kaffee zu fairen Preisen zu uns nach Babenhausen verkauft werden konnte oder die Kunsthandwerker aus Afrika, oder die Reisbauern in Asien, oder die Kakaoproduzenten in Ghana oder irgendein anderer der vielen hundert Millionen Kleinproduzenten, die normalerweise dazu verurteilt sind chancenlos zu sein, durch den fairen Handel aber die M\u00f6glichkeit bekommen, zu unseren Gesch\u00e4ftspartnern zu werden.<br \/>\nEin Einkauf bei uns macht also nicht nur Schenker und Beschenkte gl\u00fccklich, sondern auch noch diejenigen, die unsere Geschenke hergestellt haben. Nutzen Sie also die Gelegenheit \u201eganzheitlich\u201c schenken zu k\u00f6nnen. Wem nichts Passendes einf\u00e4llt, kann auch Geschenkgutscheine erwerben.<\/p>\n<p>In unserem Laden in der Schlossgasse 2 sind wir noch bis einschlie\u00dflich 23.12.23 zu den gewohnten \u00d6ffnungszeiten f\u00fcr Sie da!<\/p>\n<p>Ab 27.12.23 machen wir Inventur \u2013 dann geht es los mit dem Umzug in die gr\u00f6\u00dferen und sch\u00f6neren Ladenr\u00e4ume \u2013 direkt &#8222;\u00fcber die Gass&#8220; in die Fahrstra\u00dfe 11 (ehemals Uhren-Schmuck Wiese).<br \/>\nAm 12. und 13. Januar 2024 werden wir das neue Gesch\u00e4ft mit vielen Aktionen, buntem Programm und besonderen Angeboten wieder \u00f6ffnen. Wir laden Sie ganz herzlich ein, mit uns zu feiern, die neuen Ladenr\u00e4ume zu erkunden und neue Produkte zu entdecken.<\/p>\n<p>Wir freuen uns auf diesen Start ins neue Jahr und w\u00fcnschen allen Kundinnen und Kunden, allen Freundinnen und Freunden des Weltladens Babenhausen eine besinnliche Advents- und Weihnachtszeit und vor allem ein friedvolles neues Jahr!<\/p>\n<p><a href=\"https:\/\/weltlaeden.de\/babenhausen\/wp-content\/uploads\/sites\/107\/2024\/01\/24_01_12_Plakat_Neueroeffnung.pdf\">Programm Wiederer\u00f6ffnung<\/a><\/p>\n<p>&nbsp;<\/p>\n","protected":false},"excerpt":{"rendered":"<p>Im Weltladen Babenhausen finden Sie Kunsthandwerk, Schmuck, Feinkost, Geschenkk\u00f6rbe nach Wunsch \u2013 ganz besonders viel und sch\u00f6n zur Weihnachtszeit. Anderswo gibt es das vielleicht auch, aber hier kommt noch etwas Besonderes hinzu. Irgendwo auf dieser Welt freut sich noch jemand \u00fcber Ihr Geschenk. Es k\u00f6nnte die Bauernfamilie in Mittelamerika sein, deren Kaffee zu fairen Preisen&hellip;<\/p>\n","protected":false},"author":162,"featured_media":1036,"comment_status":"closed","ping_status":"closed","sticky":false,"template":"","format":"standard","meta":{"footnotes":""},"categories":[8,3],"tags":[],"class_list":["post-1412","post","type-post","status-publish","format-standard","has-post-thumbnail","hentry","category-neues","category-termine","category-8","category-3","description-off"],"yoast_head":"<!-- This site is optimized with the Yoast SEO plugin v26.8 - https:\/\/yoast.com\/product\/yoast-seo-wordpress\/ -->\n<title>Zu Weihnachten \u2013 \u201efairschenken\u201c und im Januar \u2013 Umzug &quot;\u00fcber die Gass&quot; - Weltladen Babenhausen<\/title>\n<meta name=\"robots\" content=\"index, follow, max-snippet:-1, max-image-preview:large, max-video-preview:-1\" \/>\n<link rel=\"canonical\" href=\"https:\/\/weltlaeden.de\/babenhausen\/zu-weihnachten-fairschenken\/\" \/>\n<meta property=\"og:locale\" content=\"de_DE\" \/>\n<meta property=\"og:type\" content=\"article\" \/>\n<meta property=\"og:title\" content=\"Zu Weihnachten \u2013 \u201efairschenken\u201c und im Januar \u2013 Umzug &quot;\u00fcber die Gass&quot; - Weltladen Babenhausen\" \/>\n<meta property=\"og:description\" content=\"Im Weltladen Babenhausen finden Sie Kunsthandwerk, Schmuck, Feinkost, Geschenkk\u00f6rbe nach Wunsch \u2013 ganz besonders viel und sch\u00f6n zur Weihnachtszeit. Anderswo gibt es das vielleicht auch, aber hier kommt noch etwas Besonderes hinzu. Irgendwo auf dieser Welt freut sich noch jemand \u00fcber Ihr Geschenk. Es k\u00f6nnte die Bauernfamilie in Mittelamerika sein, deren Kaffee zu fairen Preisen&hellip;\" \/>\n<meta property=\"og:url\" content=\"https:\/\/weltlaeden.de\/babenhausen\/zu-weihnachten-fairschenken\/\" \/>\n<meta property=\"og:site_name\" content=\"Weltladen Babenhausen\" \/>\n<meta property=\"article:published_time\" content=\"2023-12-08T16:40:41+00:00\" \/>\n<meta property=\"article:modified_time\" content=\"2024-01-02T20:44:25+00:00\" \/>\n<meta property=\"og:image\" content=\"https:\/\/weltlaeden.de\/babenhausen\/wp-content\/uploads\/sites\/107\/2020\/10\/IMG_3241news-nov-2020.jpg\" \/>\n\t<meta property=\"og:image:width\" content=\"787\" \/>\n\t<meta property=\"og:image:height\" content=\"400\" \/>\n\t<meta property=\"og:image:type\" content=\"image\/jpeg\" \/>\n<meta name=\"author\" content=\"babenhausen\" \/>\n<meta name=\"twitter:card\" content=\"summary_large_image\" \/>\n<meta name=\"twitter:label1\" content=\"Verfasst von\" \/>\n\t<meta name=\"twitter:data1\" content=\"babenhausen\" \/>\n\t<meta name=\"twitter:label2\" content=\"Gesch\u00e4tzte Lesezeit\" \/>\n\t<meta name=\"twitter:data2\" content=\"1\u00a0Minute\" \/>\n<script type=\"application\/ld+json\" class=\"yoast-schema-graph\">{\"@context\":\"https:\/\/schema.org\",\"@graph\":[{\"@type\":\"Article\",\"@id\":\"https:\/\/weltlaeden.de\/babenhausen\/zu-weihnachten-fairschenken\/#article\",\"isPartOf\":{\"@id\":\"https:\/\/weltlaeden.de\/babenhausen\/zu-weihnachten-fairschenken\/\"},\"author\":{\"name\":\"babenhausen\",\"@id\":\"https:\/\/weltlaeden.de\/babenhausen\/#\/schema\/person\/bfc69fe2e1fdd0e99001ef9cbbb909c9\"},\"headline\":\"Zu Weihnachten \u2013 \u201efairschenken\u201c und im Januar \u2013 Umzug &#8222;\u00fcber die Gass&#8220;\",\"datePublished\":\"2023-12-08T16:40:41+00:00\",\"dateModified\":\"2024-01-02T20:44:25+00:00\",\"mainEntityOfPage\":{\"@id\":\"https:\/\/weltlaeden.de\/babenhausen\/zu-weihnachten-fairschenken\/\"},\"wordCount\":291,\"image\":{\"@id\":\"https:\/\/weltlaeden.de\/babenhausen\/zu-weihnachten-fairschenken\/#primaryimage\"},\"thumbnailUrl\":\"https:\/\/weltlaeden.de\/babenhausen\/wp-content\/uploads\/sites\/107\/2020\/10\/IMG_3241news-nov-2020.jpg\",\"articleSection\":[\"Neuigkeiten\",\"Termine\"],\"inLanguage\":\"de\"},{\"@type\":\"WebPage\",\"@id\":\"https:\/\/weltlaeden.de\/babenhausen\/zu-weihnachten-fairschenken\/\",\"url\":\"https:\/\/weltlaeden.de\/babenhausen\/zu-weihnachten-fairschenken\/\",\"name\":\"Zu Weihnachten \u2013 \u201efairschenken\u201c und im Januar \u2013 Umzug \\\"\u00fcber die Gass\\\" - Weltladen Babenhausen\",\"isPartOf\":{\"@id\":\"https:\/\/weltlaeden.de\/babenhausen\/#website\"},\"primaryImageOfPage\":{\"@id\":\"https:\/\/weltlaeden.de\/babenhausen\/zu-weihnachten-fairschenken\/#primaryimage\"},\"image\":{\"@id\":\"https:\/\/weltlaeden.de\/babenhausen\/zu-weihnachten-fairschenken\/#primaryimage\"},\"thumbnailUrl\":\"https:\/\/weltlaeden.de\/babenhausen\/wp-content\/uploads\/sites\/107\/2020\/10\/IMG_3241news-nov-2020.jpg\",\"datePublished\":\"2023-12-08T16:40:41+00:00\",\"dateModified\":\"2024-01-02T20:44:25+00:00\",\"author\":{\"@id\":\"https:\/\/weltlaeden.de\/babenhausen\/#\/schema\/person\/bfc69fe2e1fdd0e99001ef9cbbb909c9\"},\"breadcrumb\":{\"@id\":\"https:\/\/weltlaeden.de\/babenhausen\/zu-weihnachten-fairschenken\/#breadcrumb\"},\"inLanguage\":\"de\",\"potentialAction\":[{\"@type\":\"ReadAction\",\"target\":[\"https:\/\/weltlaeden.de\/babenhausen\/zu-weihnachten-fairschenken\/\"]}]},{\"@type\":\"ImageObject\",\"inLanguage\":\"de\",\"@id\":\"https:\/\/weltlaeden.de\/babenhausen\/zu-weihnachten-fairschenken\/#primaryimage\",\"url\":\"https:\/\/weltlaeden.de\/babenhausen\/wp-content\/uploads\/sites\/107\/2020\/10\/IMG_3241news-nov-2020.jpg\",\"contentUrl\":\"https:\/\/weltlaeden.de\/babenhausen\/wp-content\/uploads\/sites\/107\/2020\/10\/IMG_3241news-nov-2020.jpg\",\"width\":787,\"height\":400},{\"@type\":\"BreadcrumbList\",\"@id\":\"https:\/\/weltlaeden.de\/babenhausen\/zu-weihnachten-fairschenken\/#breadcrumb\",\"itemListElement\":[{\"@type\":\"ListItem\",\"position\":1,\"name\":\"Startseite\",\"item\":\"https:\/\/weltlaeden.de\/babenhausen\/\"},{\"@type\":\"ListItem\",\"position\":2,\"name\":\"Zu Weihnachten \u2013 \u201efairschenken\u201c und im Januar \u2013 Umzug &#8222;\u00fcber die Gass&#8220;\"}]},{\"@type\":\"WebSite\",\"@id\":\"https:\/\/weltlaeden.de\/babenhausen\/#website\",\"url\":\"https:\/\/weltlaeden.de\/babenhausen\/\",\"name\":\"Weltladen Babenhausen\",\"description\":\"Faire Produkte seit 1990\",\"potentialAction\":[{\"@type\":\"SearchAction\",\"target\":{\"@type\":\"EntryPoint\",\"urlTemplate\":\"https:\/\/weltlaeden.de\/babenhausen\/?s={search_term_string}\"},\"query-input\":{\"@type\":\"PropertyValueSpecification\",\"valueRequired\":true,\"valueName\":\"search_term_string\"}}],\"inLanguage\":\"de\"},{\"@type\":\"Person\",\"@id\":\"https:\/\/weltlaeden.de\/babenhausen\/#\/schema\/person\/bfc69fe2e1fdd0e99001ef9cbbb909c9\",\"name\":\"babenhausen\",\"image\":{\"@type\":\"ImageObject\",\"inLanguage\":\"de\",\"@id\":\"https:\/\/weltlaeden.de\/babenhausen\/#\/schema\/person\/image\/\",\"url\":\"https:\/\/secure.gravatar.com\/avatar\/e127778b69fa912c572f8eb664e988f9?s=96&d=mm&r=g\",\"contentUrl\":\"https:\/\/secure.gravatar.com\/avatar\/e127778b69fa912c572f8eb664e988f9?s=96&d=mm&r=g\",\"caption\":\"babenhausen\"},\"url\":\"https:\/\/weltlaeden.de\/babenhausen\/author\/babenhausen\/\"}]}<\/script>\n<!-- \/ Yoast SEO plugin. -->","yoast_head_json":{"title":"Zu Weihnachten \u2013 \u201efairschenken\u201c und im Januar \u2013 Umzug \"\u00fcber die Gass\" - Weltladen Babenhausen","robots":{"index":"index","follow":"follow","max-snippet":"max-snippet:-1","max-image-preview":"max-image-preview:large","max-video-preview":"max-video-preview:-1"},"canonical":"https:\/\/weltlaeden.de\/babenhausen\/zu-weihnachten-fairschenken\/","og_locale":"de_DE","og_type":"article","og_title":"Zu Weihnachten \u2013 \u201efairschenken\u201c und im Januar \u2013 Umzug \"\u00fcber die Gass\" - Weltladen Babenhausen","og_description":"Im Weltladen Babenhausen finden Sie Kunsthandwerk, Schmuck, Feinkost, Geschenkk\u00f6rbe nach Wunsch \u2013 ganz besonders viel und sch\u00f6n zur Weihnachtszeit. Anderswo gibt es das vielleicht auch, aber hier kommt noch etwas Besonderes hinzu. Irgendwo auf dieser Welt freut sich noch jemand \u00fcber Ihr Geschenk. Es k\u00f6nnte die Bauernfamilie in Mittelamerika sein, deren Kaffee zu fairen Preisen&hellip;","og_url":"https:\/\/weltlaeden.de\/babenhausen\/zu-weihnachten-fairschenken\/","og_site_name":"Weltladen Babenhausen","article_published_time":"2023-12-08T16:40:41+00:00","article_modified_time":"2024-01-02T20:44:25+00:00","og_image":[{"width":787,"height":400,"url":"https:\/\/weltlaeden.de\/babenhausen\/wp-content\/uploads\/sites\/107\/2020\/10\/IMG_3241news-nov-2020.jpg","type":"image\/jpeg"}],"author":"babenhausen","twitter_card":"summary_large_image","twitter_misc":{"Verfasst von":"babenhausen","Gesch\u00e4tzte Lesezeit":"1\u00a0Minute"},"schema":{"@context":"https:\/\/schema.org","@graph":[{"@type":"Article","@id":"https:\/\/weltlaeden.de\/babenhausen\/zu-weihnachten-fairschenken\/#article","isPartOf":{"@id":"https:\/\/weltlaeden.de\/babenhausen\/zu-weihnachten-fairschenken\/"},"author":{"name":"babenhausen","@id":"https:\/\/weltlaeden.de\/babenhausen\/#\/schema\/person\/bfc69fe2e1fdd0e99001ef9cbbb909c9"},"headline":"Zu Weihnachten \u2013 \u201efairschenken\u201c und im Januar \u2013 Umzug &#8222;\u00fcber die Gass&#8220;","datePublished":"2023-12-08T16:40:41+00:00","dateModified":"2024-01-02T20:44:25+00:00","mainEntityOfPage":{"@id":"https:\/\/weltlaeden.de\/babenhausen\/zu-weihnachten-fairschenken\/"},"wordCount":291,"image":{"@id":"https:\/\/weltlaeden.de\/babenhausen\/zu-weihnachten-fairschenken\/#primaryimage"},"thumbnailUrl":"https:\/\/weltlaeden.de\/babenhausen\/wp-content\/uploads\/sites\/107\/2020\/10\/IMG_3241news-nov-2020.jpg","articleSection":["Neuigkeiten","Termine"],"inLanguage":"de"},{"@type":"WebPage","@id":"https:\/\/weltlaeden.de\/babenhausen\/zu-weihnachten-fairschenken\/","url":"https:\/\/weltlaeden.de\/babenhausen\/zu-weihnachten-fairschenken\/","name":"Zu Weihnachten \u2013 \u201efairschenken\u201c und im Januar \u2013 Umzug \"\u00fcber die Gass\" - Weltladen Babenhausen","isPartOf":{"@id":"https:\/\/weltlaeden.de\/babenhausen\/#website"},"primaryImageOfPage":{"@id":"https:\/\/weltlaeden.de\/babenhausen\/zu-weihnachten-fairschenken\/#primaryimage"},"image":{"@id":"https:\/\/weltlaeden.de\/babenhausen\/zu-weihnachten-fairschenken\/#primaryimage"},"thumbnailUrl":"https:\/\/weltlaeden.de\/babenhausen\/wp-content\/uploads\/sites\/107\/2020\/10\/IMG_3241news-nov-2020.jpg","datePublished":"2023-12-08T16:40:41+00:00","dateModified":"2024-01-02T20:44:25+00:00","author":{"@id":"https:\/\/weltlaeden.de\/babenhausen\/#\/schema\/person\/bfc69fe2e1fdd0e99001ef9cbbb909c9"},"breadcrumb":{"@id":"https:\/\/weltlaeden.de\/babenhausen\/zu-weihnachten-fairschenken\/#breadcrumb"},"inLanguage":"de","potentialAction":[{"@type":"ReadAction","target":["https:\/\/weltlaeden.de\/babenhausen\/zu-weihnachten-fairschenken\/"]}]},{"@type":"ImageObject","inLanguage":"de","@id":"https:\/\/weltlaeden.de\/babenhausen\/zu-weihnachten-fairschenken\/#primaryimage","url":"https:\/\/weltlaeden.de\/babenhausen\/wp-content\/uploads\/sites\/107\/2020\/10\/IMG_3241news-nov-2020.jpg","contentUrl":"https:\/\/weltlaeden.de\/babenhausen\/wp-content\/uploads\/sites\/107\/2020\/10\/IMG_3241news-nov-2020.jpg","width":787,"height":400},{"@type":"BreadcrumbList","@id":"https:\/\/weltlaeden.de\/babenhausen\/zu-weihnachten-fairschenken\/#breadcrumb","itemListElement":[{"@type":"ListItem","position":1,"name":"Startseite","item":"https:\/\/weltlaeden.de\/babenhausen\/"},{"@type":"ListItem","position":2,"name":"Zu Weihnachten \u2013 \u201efairschenken\u201c und im Januar \u2013 Umzug &#8222;\u00fcber die Gass&#8220;"}]},{"@type":"WebSite","@id":"https:\/\/weltlaeden.de\/babenhausen\/#website","url":"https:\/\/weltlaeden.de\/babenhausen\/","name":"Weltladen Babenhausen","description":"Faire Produkte seit 1990","potentialAction":[{"@type":"SearchAction","target":{"@type":"EntryPoint","urlTemplate":"https:\/\/weltlaeden.de\/babenhausen\/?s={search_term_string}"},"query-input":{"@type":"PropertyValueSpecification","valueRequired":true,"valueName":"search_term_string"}}],"inLanguage":"de"},{"@type":"Person","@id":"https:\/\/weltlaeden.de\/babenhausen\/#\/schema\/person\/bfc69fe2e1fdd0e99001ef9cbbb909c9","name":"babenhausen","image":{"@type":"ImageObject","inLanguage":"de","@id":"https:\/\/weltlaeden.de\/babenhausen\/#\/schema\/person\/image\/","url":"https:\/\/secure.gravatar.com\/avatar\/e127778b69fa912c572f8eb664e988f9?s=96&d=mm&r=g","contentUrl":"https:\/\/secure.gravatar.com\/avatar\/e127778b69fa912c572f8eb664e988f9?s=96&d=mm&r=g","caption":"babenhausen"},"url":"https:\/\/weltlaeden.de\/babenhausen\/author\/babenhausen\/"}]}},"_links":{"self":[{"href":"https:\/\/weltlaeden.de\/babenhausen\/wp-json\/wp\/v2\/posts\/1412","targetHints":{"allow":["GET"]}}],"collection":[{"href":"https:\/\/weltlaeden.de\/babenhausen\/wp-json\/wp\/v2\/posts"}],"about":[{"href":"https:\/\/weltlaeden.de\/babenhausen\/wp-json\/wp\/v2\/types\/post"}],"author":[{"embeddable":true,"href":"https:\/\/weltlaeden.de\/babenhausen\/wp-json\/wp\/v2\/users\/162"}],"replies":[{"embeddable":true,"href":"https:\/\/weltlaeden.de\/babenhausen\/wp-json\/wp\/v2\/comments?post=1412"}],"version-history":[{"count":5,"href":"https:\/\/weltlaeden.de\/babenhausen\/wp-json\/wp\/v2\/posts\/1412\/revisions"}],"predecessor-version":[{"id":1419,"href":"https:\/\/weltlaeden.de\/babenhausen\/wp-json\/wp\/v2\/posts\/1412\/revisions\/1419"}],"wp:featuredmedia":[{"embeddable":true,"href":"https:\/\/weltlaeden.de\/babenhausen\/wp-json\/wp\/v2\/media\/1036"}],"wp:attachment":[{"href":"https:\/\/weltlaeden.de\/babenhausen\/wp-json\/wp\/v2\/media?parent=1412"}],"wp:term":[{"taxonomy":"category","embeddable":true,"href":"https:\/\/weltlaeden.de\/babenhausen\/wp-json\/wp\/v2\/categories?post=1412"},{"taxonomy":"post_tag","embeddable":true,"href":"https:\/\/weltlaeden.de\/babenhausen\/wp-json\/wp\/v2\/tags?post=1412"}],"curies":[{"name":"wp","href":"https:\/\/api.w.org\/{rel}","templated":true}]}}