{"id":1362,"date":"2023-09-13T09:53:32","date_gmt":"2023-09-13T07:53:32","guid":{"rendered":"https:\/\/weltlaeden.de\/babenhausen\/?p=1362"},"modified":"2023-09-13T14:04:33","modified_gmt":"2023-09-13T12:04:33","slug":"weltladen-babenhausen-im-tv","status":"publish","type":"post","link":"https:\/\/weltlaeden.de\/babenhausen\/weltladen-babenhausen-im-tv\/","title":{"rendered":"Weltladen Babenhausen im TV"},"content":{"rendered":"<p>Anfang September war rheinmaintv zu Besuch im Weltladen Babenhausen, um einen Beitrag \u00fcber unsere Aktivit\u00e4ten und die Hintergr\u00fcnde des fairen Handels zu erstellen. \u00dcber einen Artikel in der regionalen Presse sei man auf uns aufmerksam geworden. Die M\u00f6glichkeit, unsere Medienpr\u00e4senz auf die gesamte Region und dar\u00fcber hinaus auszuweiten und damit unser Angebot und unser Anliegen einem gro\u00dfen Publikum vorzustellen, fand nat\u00fcrlich sofort Zuspruch.<\/p>\n<p style=\"text-align: left\">Am 04.09. um 9:30 Uhr war es dann soweit. Beladen mit Kamera und Stativ und jeder Menge Fragen konnten wir Johanna B\u00f6hm, Videoredakteurin von rheinmaintv, bei uns begr\u00fc\u00dfen. Die Aufnahmen begannen mit einem Interview zu der Geschichte des Weltladens Babenhausen und zu unserem Warenangebot, zu den Kriterien des fairen Handels und zu unserer Projektarbeit. Im Anschluss r\u00fcckten Kaffee, Tee und sch\u00f6ne Dinge aus unseren Regalen in den Fokus, w\u00e4hrend wir die Bedeutung des fairen Handels mit seinen sozialen Aspekten noch n\u00e4her darlegen konnten.<\/p>\n<p>Nach der Erstaustrahlung am 11. September im Rahmen der Sendung Rheinmain IM BLICK ist der Beitrag nun online, erwartungsgem\u00e4\u00df etwas gek\u00fcrzt, aber mit einer guten Zusammenfassung der wesentlichen Aspekte und mit sch\u00f6nen Bildern, die zu einem Besuch bei uns einladen. Danke an Johanna B\u00f6hm und rheinmaintv f\u00fcr den Beitrag und den sch\u00f6nen Vormittag. <a href=\"https:\/\/www.rheinmaintv.de\/sendungen\/beitrag-video\/faire-ware-im-weltladen-babenhausen\/vom-11.09.2023\/\" target=\"_blank\" rel=\"noopener\">Hier<\/a> geht es zu dem Beitrag in der Mediathek von rheinmaintv.<\/p>\n<p style=\"text-align: left\"><a href=\"https:\/\/www.rheinmaintv.de\/sendungen\/beitrag-video\/faire-ware-im-weltladen-babenhausen\/vom-11.09.2023\/\" target=\"_blank\" rel=\"noopener\"><img loading=\"lazy\" decoding=\"async\" class=\"aligncenter wp-image-1364\" src=\"https:\/\/weltlaeden.de\/babenhausen\/wp-content\/uploads\/sites\/107\/2023\/09\/Film-ab-rheinmaintv-300x167.jpg\" alt=\"\" width=\"400\" height=\"223\" srcset=\"https:\/\/weltlaeden.de\/babenhausen\/wp-content\/uploads\/sites\/107\/2023\/09\/Film-ab-rheinmaintv-300x167.jpg 300w, https:\/\/weltlaeden.de\/babenhausen\/wp-content\/uploads\/sites\/107\/2023\/09\/Film-ab-rheinmaintv-1024x571.jpg 1024w, https:\/\/weltlaeden.de\/babenhausen\/wp-content\/uploads\/sites\/107\/2023\/09\/Film-ab-rheinmaintv-768x428.jpg 768w, https:\/\/weltlaeden.de\/babenhausen\/wp-content\/uploads\/sites\/107\/2023\/09\/Film-ab-rheinmaintv.jpg 1110w\" sizes=\"auto, (max-width: 400px) 100vw, 400px\" \/><\/a><\/p>\n<p>&nbsp;<\/p>\n<p style=\"text-align: left\">Und so ging es zu bei unserem Dreh (im Bild Johanna B\u00f6hm von rheinmaintv mit Mitarbeiterinnen des Weltladens):<\/p>\n<p><img loading=\"lazy\" decoding=\"async\" class=\"size-medium wp-image-1370 aligncenter\" src=\"https:\/\/weltlaeden.de\/babenhausen\/wp-content\/uploads\/sites\/107\/2023\/09\/20230904_094443-skaliert-225x300.jpg\" alt=\"\" width=\"225\" height=\"300\" srcset=\"https:\/\/weltlaeden.de\/babenhausen\/wp-content\/uploads\/sites\/107\/2023\/09\/20230904_094443-skaliert-225x300.jpg 225w, https:\/\/weltlaeden.de\/babenhausen\/wp-content\/uploads\/sites\/107\/2023\/09\/20230904_094443-skaliert-768x1025.jpg 768w, https:\/\/weltlaeden.de\/babenhausen\/wp-content\/uploads\/sites\/107\/2023\/09\/20230904_094443-skaliert.jpg 850w\" sizes=\"auto, (max-width: 225px) 100vw, 225px\" \/> \u00a0\u00a0\u00a0\u00a0\u00a0\u00a0\u00a0\u00a0 <img loading=\"lazy\" decoding=\"async\" class=\"size-medium wp-image-1371 aligncenter\" src=\"https:\/\/weltlaeden.de\/babenhausen\/wp-content\/uploads\/sites\/107\/2023\/09\/20230904_095927-skaliert-225x300.jpg\" alt=\"\" width=\"225\" height=\"300\" srcset=\"https:\/\/weltlaeden.de\/babenhausen\/wp-content\/uploads\/sites\/107\/2023\/09\/20230904_095927-skaliert-225x300.jpg 225w, https:\/\/weltlaeden.de\/babenhausen\/wp-content\/uploads\/sites\/107\/2023\/09\/20230904_095927-skaliert-768x1025.jpg 768w, https:\/\/weltlaeden.de\/babenhausen\/wp-content\/uploads\/sites\/107\/2023\/09\/20230904_095927-skaliert.jpg 850w\" sizes=\"auto, (max-width: 225px) 100vw, 225px\" \/> \u00a0\u00a0 <img loading=\"lazy\" decoding=\"async\" class=\"aligncenter wp-image-1373\" src=\"https:\/\/weltlaeden.de\/babenhausen\/wp-content\/uploads\/sites\/107\/2023\/09\/20230904_100848-skaliert-2-300x225.jpg\" alt=\"\" width=\"300\" height=\"225\" srcset=\"https:\/\/weltlaeden.de\/babenhausen\/wp-content\/uploads\/sites\/107\/2023\/09\/20230904_100848-skaliert-2-300x225.jpg 300w, https:\/\/weltlaeden.de\/babenhausen\/wp-content\/uploads\/sites\/107\/2023\/09\/20230904_100848-skaliert-2-1024x768.jpg 1024w, https:\/\/weltlaeden.de\/babenhausen\/wp-content\/uploads\/sites\/107\/2023\/09\/20230904_100848-skaliert-2-768x576.jpg 768w, https:\/\/weltlaeden.de\/babenhausen\/wp-content\/uploads\/sites\/107\/2023\/09\/20230904_100848-skaliert-2-1536x1151.jpg 1536w, https:\/\/weltlaeden.de\/babenhausen\/wp-content\/uploads\/sites\/107\/2023\/09\/20230904_100848-skaliert-2.jpg 2048w\" sizes=\"auto, (max-width: 300px) 100vw, 300px\" \/><\/p>\n","protected":false},"excerpt":{"rendered":"<p>Anfang September war rheinmaintv zu Besuch im Weltladen Babenhausen, um einen Beitrag \u00fcber unsere Aktivit\u00e4ten und die Hintergr\u00fcnde des fairen Handels zu erstellen. \u00dcber einen Artikel in der regionalen Presse sei man auf uns aufmerksam geworden. Die M\u00f6glichkeit, unsere Medienpr\u00e4senz auf die gesamte Region und dar\u00fcber hinaus auszuweiten und damit unser Angebot und unser Anliegen&hellip;<\/p>\n","protected":false},"author":168,"featured_media":1363,"comment_status":"closed","ping_status":"closed","sticky":false,"template":"","format":"standard","meta":{"footnotes":""},"categories":[8,12],"tags":[],"class_list":["post-1362","post","type-post","status-publish","format-standard","has-post-thumbnail","hentry","category-neues","category-verein","category-8","category-12","description-off"],"yoast_head":"<!-- This site is optimized with the Yoast SEO plugin v26.8 - https:\/\/yoast.com\/product\/yoast-seo-wordpress\/ -->\n<title>Weltladen Babenhausen im TV - Weltladen Babenhausen<\/title>\n<meta name=\"robots\" content=\"index, follow, max-snippet:-1, max-image-preview:large, max-video-preview:-1\" \/>\n<link rel=\"canonical\" href=\"https:\/\/weltlaeden.de\/babenhausen\/weltladen-babenhausen-im-tv\/\" \/>\n<meta property=\"og:locale\" content=\"de_DE\" \/>\n<meta property=\"og:type\" content=\"article\" \/>\n<meta property=\"og:title\" content=\"Weltladen Babenhausen im TV - Weltladen Babenhausen\" \/>\n<meta property=\"og:description\" content=\"Anfang September war rheinmaintv zu Besuch im Weltladen Babenhausen, um einen Beitrag \u00fcber unsere Aktivit\u00e4ten und die Hintergr\u00fcnde des fairen Handels zu erstellen. \u00dcber einen Artikel in der regionalen Presse sei man auf uns aufmerksam geworden. Die M\u00f6glichkeit, unsere Medienpr\u00e4senz auf die gesamte Region und dar\u00fcber hinaus auszuweiten und damit unser Angebot und unser Anliegen&hellip;\" \/>\n<meta property=\"og:url\" content=\"https:\/\/weltlaeden.de\/babenhausen\/weltladen-babenhausen-im-tv\/\" \/>\n<meta property=\"og:site_name\" content=\"Weltladen Babenhausen\" \/>\n<meta property=\"article:published_time\" content=\"2023-09-13T07:53:32+00:00\" \/>\n<meta property=\"article:modified_time\" content=\"2023-09-13T12:04:33+00:00\" \/>\n<meta property=\"og:image\" content=\"https:\/\/weltlaeden.de\/babenhausen\/wp-content\/uploads\/sites\/107\/2023\/09\/20230904_100911-787x400-1.jpg\" \/>\n\t<meta property=\"og:image:width\" content=\"787\" \/>\n\t<meta property=\"og:image:height\" content=\"400\" \/>\n\t<meta property=\"og:image:type\" content=\"image\/jpeg\" \/>\n<meta name=\"author\" content=\"helgawiegel\" \/>\n<meta name=\"twitter:card\" content=\"summary_large_image\" \/>\n<meta name=\"twitter:label1\" content=\"Verfasst von\" \/>\n\t<meta name=\"twitter:data1\" content=\"helgawiegel\" \/>\n\t<meta name=\"twitter:label2\" content=\"Gesch\u00e4tzte Lesezeit\" \/>\n\t<meta name=\"twitter:data2\" content=\"1\u00a0Minute\" \/>\n<script type=\"application\/ld+json\" class=\"yoast-schema-graph\">{\"@context\":\"https:\/\/schema.org\",\"@graph\":[{\"@type\":\"Article\",\"@id\":\"https:\/\/weltlaeden.de\/babenhausen\/weltladen-babenhausen-im-tv\/#article\",\"isPartOf\":{\"@id\":\"https:\/\/weltlaeden.de\/babenhausen\/weltladen-babenhausen-im-tv\/\"},\"author\":{\"name\":\"helgawiegel\",\"@id\":\"https:\/\/weltlaeden.de\/babenhausen\/#\/schema\/person\/7dd8f996d047c281a7f1c349ebfe8b4f\"},\"headline\":\"Weltladen Babenhausen im TV\",\"datePublished\":\"2023-09-13T07:53:32+00:00\",\"dateModified\":\"2023-09-13T12:04:33+00:00\",\"mainEntityOfPage\":{\"@id\":\"https:\/\/weltlaeden.de\/babenhausen\/weltladen-babenhausen-im-tv\/\"},\"wordCount\":249,\"image\":{\"@id\":\"https:\/\/weltlaeden.de\/babenhausen\/weltladen-babenhausen-im-tv\/#primaryimage\"},\"thumbnailUrl\":\"https:\/\/weltlaeden.de\/babenhausen\/wp-content\/uploads\/sites\/107\/2023\/09\/20230904_100911-787x400-1.jpg\",\"articleSection\":[\"Neuigkeiten\",\"Verein\"],\"inLanguage\":\"de\"},{\"@type\":\"WebPage\",\"@id\":\"https:\/\/weltlaeden.de\/babenhausen\/weltladen-babenhausen-im-tv\/\",\"url\":\"https:\/\/weltlaeden.de\/babenhausen\/weltladen-babenhausen-im-tv\/\",\"name\":\"Weltladen Babenhausen im TV - Weltladen Babenhausen\",\"isPartOf\":{\"@id\":\"https:\/\/weltlaeden.de\/babenhausen\/#website\"},\"primaryImageOfPage\":{\"@id\":\"https:\/\/weltlaeden.de\/babenhausen\/weltladen-babenhausen-im-tv\/#primaryimage\"},\"image\":{\"@id\":\"https:\/\/weltlaeden.de\/babenhausen\/weltladen-babenhausen-im-tv\/#primaryimage\"},\"thumbnailUrl\":\"https:\/\/weltlaeden.de\/babenhausen\/wp-content\/uploads\/sites\/107\/2023\/09\/20230904_100911-787x400-1.jpg\",\"datePublished\":\"2023-09-13T07:53:32+00:00\",\"dateModified\":\"2023-09-13T12:04:33+00:00\",\"author\":{\"@id\":\"https:\/\/weltlaeden.de\/babenhausen\/#\/schema\/person\/7dd8f996d047c281a7f1c349ebfe8b4f\"},\"breadcrumb\":{\"@id\":\"https:\/\/weltlaeden.de\/babenhausen\/weltladen-babenhausen-im-tv\/#breadcrumb\"},\"inLanguage\":\"de\",\"potentialAction\":[{\"@type\":\"ReadAction\",\"target\":[\"https:\/\/weltlaeden.de\/babenhausen\/weltladen-babenhausen-im-tv\/\"]}]},{\"@type\":\"ImageObject\",\"inLanguage\":\"de\",\"@id\":\"https:\/\/weltlaeden.de\/babenhausen\/weltladen-babenhausen-im-tv\/#primaryimage\",\"url\":\"https:\/\/weltlaeden.de\/babenhausen\/wp-content\/uploads\/sites\/107\/2023\/09\/20230904_100911-787x400-1.jpg\",\"contentUrl\":\"https:\/\/weltlaeden.de\/babenhausen\/wp-content\/uploads\/sites\/107\/2023\/09\/20230904_100911-787x400-1.jpg\",\"width\":787,\"height\":400},{\"@type\":\"BreadcrumbList\",\"@id\":\"https:\/\/weltlaeden.de\/babenhausen\/weltladen-babenhausen-im-tv\/#breadcrumb\",\"itemListElement\":[{\"@type\":\"ListItem\",\"position\":1,\"name\":\"Startseite\",\"item\":\"https:\/\/weltlaeden.de\/babenhausen\/\"},{\"@type\":\"ListItem\",\"position\":2,\"name\":\"Weltladen Babenhausen im TV\"}]},{\"@type\":\"WebSite\",\"@id\":\"https:\/\/weltlaeden.de\/babenhausen\/#website\",\"url\":\"https:\/\/weltlaeden.de\/babenhausen\/\",\"name\":\"Weltladen Babenhausen\",\"description\":\"Faire Produkte seit 1990\",\"potentialAction\":[{\"@type\":\"SearchAction\",\"target\":{\"@type\":\"EntryPoint\",\"urlTemplate\":\"https:\/\/weltlaeden.de\/babenhausen\/?s={search_term_string}\"},\"query-input\":{\"@type\":\"PropertyValueSpecification\",\"valueRequired\":true,\"valueName\":\"search_term_string\"}}],\"inLanguage\":\"de\"},{\"@type\":\"Person\",\"@id\":\"https:\/\/weltlaeden.de\/babenhausen\/#\/schema\/person\/7dd8f996d047c281a7f1c349ebfe8b4f\",\"name\":\"helgawiegel\",\"image\":{\"@type\":\"ImageObject\",\"inLanguage\":\"de\",\"@id\":\"https:\/\/weltlaeden.de\/babenhausen\/#\/schema\/person\/image\/\",\"url\":\"https:\/\/secure.gravatar.com\/avatar\/1abec512ec0fb596215cb7a7e7596667?s=96&d=mm&r=g\",\"contentUrl\":\"https:\/\/secure.gravatar.com\/avatar\/1abec512ec0fb596215cb7a7e7596667?s=96&d=mm&r=g\",\"caption\":\"helgawiegel\"},\"url\":\"https:\/\/weltlaeden.de\/babenhausen\/author\/helgawiegel\/\"}]}<\/script>\n<!-- \/ Yoast SEO plugin. -->","yoast_head_json":{"title":"Weltladen Babenhausen im TV - Weltladen Babenhausen","robots":{"index":"index","follow":"follow","max-snippet":"max-snippet:-1","max-image-preview":"max-image-preview:large","max-video-preview":"max-video-preview:-1"},"canonical":"https:\/\/weltlaeden.de\/babenhausen\/weltladen-babenhausen-im-tv\/","og_locale":"de_DE","og_type":"article","og_title":"Weltladen Babenhausen im TV - Weltladen Babenhausen","og_description":"Anfang September war rheinmaintv zu Besuch im Weltladen Babenhausen, um einen Beitrag \u00fcber unsere Aktivit\u00e4ten und die Hintergr\u00fcnde des fairen Handels zu erstellen. \u00dcber einen Artikel in der regionalen Presse sei man auf uns aufmerksam geworden. Die M\u00f6glichkeit, unsere Medienpr\u00e4senz auf die gesamte Region und dar\u00fcber hinaus auszuweiten und damit unser Angebot und unser Anliegen&hellip;","og_url":"https:\/\/weltlaeden.de\/babenhausen\/weltladen-babenhausen-im-tv\/","og_site_name":"Weltladen Babenhausen","article_published_time":"2023-09-13T07:53:32+00:00","article_modified_time":"2023-09-13T12:04:33+00:00","og_image":[{"width":787,"height":400,"url":"https:\/\/weltlaeden.de\/babenhausen\/wp-content\/uploads\/sites\/107\/2023\/09\/20230904_100911-787x400-1.jpg","type":"image\/jpeg"}],"author":"helgawiegel","twitter_card":"summary_large_image","twitter_misc":{"Verfasst von":"helgawiegel","Gesch\u00e4tzte Lesezeit":"1\u00a0Minute"},"schema":{"@context":"https:\/\/schema.org","@graph":[{"@type":"Article","@id":"https:\/\/weltlaeden.de\/babenhausen\/weltladen-babenhausen-im-tv\/#article","isPartOf":{"@id":"https:\/\/weltlaeden.de\/babenhausen\/weltladen-babenhausen-im-tv\/"},"author":{"name":"helgawiegel","@id":"https:\/\/weltlaeden.de\/babenhausen\/#\/schema\/person\/7dd8f996d047c281a7f1c349ebfe8b4f"},"headline":"Weltladen Babenhausen im TV","datePublished":"2023-09-13T07:53:32+00:00","dateModified":"2023-09-13T12:04:33+00:00","mainEntityOfPage":{"@id":"https:\/\/weltlaeden.de\/babenhausen\/weltladen-babenhausen-im-tv\/"},"wordCount":249,"image":{"@id":"https:\/\/weltlaeden.de\/babenhausen\/weltladen-babenhausen-im-tv\/#primaryimage"},"thumbnailUrl":"https:\/\/weltlaeden.de\/babenhausen\/wp-content\/uploads\/sites\/107\/2023\/09\/20230904_100911-787x400-1.jpg","articleSection":["Neuigkeiten","Verein"],"inLanguage":"de"},{"@type":"WebPage","@id":"https:\/\/weltlaeden.de\/babenhausen\/weltladen-babenhausen-im-tv\/","url":"https:\/\/weltlaeden.de\/babenhausen\/weltladen-babenhausen-im-tv\/","name":"Weltladen Babenhausen im TV - Weltladen Babenhausen","isPartOf":{"@id":"https:\/\/weltlaeden.de\/babenhausen\/#website"},"primaryImageOfPage":{"@id":"https:\/\/weltlaeden.de\/babenhausen\/weltladen-babenhausen-im-tv\/#primaryimage"},"image":{"@id":"https:\/\/weltlaeden.de\/babenhausen\/weltladen-babenhausen-im-tv\/#primaryimage"},"thumbnailUrl":"https:\/\/weltlaeden.de\/babenhausen\/wp-content\/uploads\/sites\/107\/2023\/09\/20230904_100911-787x400-1.jpg","datePublished":"2023-09-13T07:53:32+00:00","dateModified":"2023-09-13T12:04:33+00:00","author":{"@id":"https:\/\/weltlaeden.de\/babenhausen\/#\/schema\/person\/7dd8f996d047c281a7f1c349ebfe8b4f"},"breadcrumb":{"@id":"https:\/\/weltlaeden.de\/babenhausen\/weltladen-babenhausen-im-tv\/#breadcrumb"},"inLanguage":"de","potentialAction":[{"@type":"ReadAction","target":["https:\/\/weltlaeden.de\/babenhausen\/weltladen-babenhausen-im-tv\/"]}]},{"@type":"ImageObject","inLanguage":"de","@id":"https:\/\/weltlaeden.de\/babenhausen\/weltladen-babenhausen-im-tv\/#primaryimage","url":"https:\/\/weltlaeden.de\/babenhausen\/wp-content\/uploads\/sites\/107\/2023\/09\/20230904_100911-787x400-1.jpg","contentUrl":"https:\/\/weltlaeden.de\/babenhausen\/wp-content\/uploads\/sites\/107\/2023\/09\/20230904_100911-787x400-1.jpg","width":787,"height":400},{"@type":"BreadcrumbList","@id":"https:\/\/weltlaeden.de\/babenhausen\/weltladen-babenhausen-im-tv\/#breadcrumb","itemListElement":[{"@type":"ListItem","position":1,"name":"Startseite","item":"https:\/\/weltlaeden.de\/babenhausen\/"},{"@type":"ListItem","position":2,"name":"Weltladen Babenhausen im TV"}]},{"@type":"WebSite","@id":"https:\/\/weltlaeden.de\/babenhausen\/#website","url":"https:\/\/weltlaeden.de\/babenhausen\/","name":"Weltladen Babenhausen","description":"Faire Produkte seit 1990","potentialAction":[{"@type":"SearchAction","target":{"@type":"EntryPoint","urlTemplate":"https:\/\/weltlaeden.de\/babenhausen\/?s={search_term_string}"},"query-input":{"@type":"PropertyValueSpecification","valueRequired":true,"valueName":"search_term_string"}}],"inLanguage":"de"},{"@type":"Person","@id":"https:\/\/weltlaeden.de\/babenhausen\/#\/schema\/person\/7dd8f996d047c281a7f1c349ebfe8b4f","name":"helgawiegel","image":{"@type":"ImageObject","inLanguage":"de","@id":"https:\/\/weltlaeden.de\/babenhausen\/#\/schema\/person\/image\/","url":"https:\/\/secure.gravatar.com\/avatar\/1abec512ec0fb596215cb7a7e7596667?s=96&d=mm&r=g","contentUrl":"https:\/\/secure.gravatar.com\/avatar\/1abec512ec0fb596215cb7a7e7596667?s=96&d=mm&r=g","caption":"helgawiegel"},"url":"https:\/\/weltlaeden.de\/babenhausen\/author\/helgawiegel\/"}]}},"_links":{"self":[{"href":"https:\/\/weltlaeden.de\/babenhausen\/wp-json\/wp\/v2\/posts\/1362","targetHints":{"allow":["GET"]}}],"collection":[{"href":"https:\/\/weltlaeden.de\/babenhausen\/wp-json\/wp\/v2\/posts"}],"about":[{"href":"https:\/\/weltlaeden.de\/babenhausen\/wp-json\/wp\/v2\/types\/post"}],"author":[{"embeddable":true,"href":"https:\/\/weltlaeden.de\/babenhausen\/wp-json\/wp\/v2\/users\/168"}],"replies":[{"embeddable":true,"href":"https:\/\/weltlaeden.de\/babenhausen\/wp-json\/wp\/v2\/comments?post=1362"}],"version-history":[{"count":12,"href":"https:\/\/weltlaeden.de\/babenhausen\/wp-json\/wp\/v2\/posts\/1362\/revisions"}],"predecessor-version":[{"id":1382,"href":"https:\/\/weltlaeden.de\/babenhausen\/wp-json\/wp\/v2\/posts\/1362\/revisions\/1382"}],"wp:featuredmedia":[{"embeddable":true,"href":"https:\/\/weltlaeden.de\/babenhausen\/wp-json\/wp\/v2\/media\/1363"}],"wp:attachment":[{"href":"https:\/\/weltlaeden.de\/babenhausen\/wp-json\/wp\/v2\/media?parent=1362"}],"wp:term":[{"taxonomy":"category","embeddable":true,"href":"https:\/\/weltlaeden.de\/babenhausen\/wp-json\/wp\/v2\/categories?post=1362"},{"taxonomy":"post_tag","embeddable":true,"href":"https:\/\/weltlaeden.de\/babenhausen\/wp-json\/wp\/v2\/tags?post=1362"}],"curies":[{"name":"wp","href":"https:\/\/api.w.org\/{rel}","templated":true}]}}