{"id":1328,"date":"2023-06-28T11:41:24","date_gmt":"2023-06-28T09:41:24","guid":{"rendered":"https:\/\/weltlaeden.de\/babenhausen\/?p=1328"},"modified":"2023-06-28T11:52:49","modified_gmt":"2023-06-28T09:52:49","slug":"kaffee-honig-und-klimagerechtigkeit-fruehstueck-uff-de-gass","status":"publish","type":"post","link":"https:\/\/weltlaeden.de\/babenhausen\/kaffee-honig-und-klimagerechtigkeit-fruehstueck-uff-de-gass\/","title":{"rendered":"Kaffee, Honig und Klimagerechtigkeit &#8211; Fr\u00fchst\u00fcck uff de Gass."},"content":{"rendered":"<p>Beim Weltladen Babenhausen laufen bereits die ersten Planungen f\u00fcr die schon traditionelle Veranstaltung in der Bummelgasse. Am 16.9.23 wird das Fr\u00fchst\u00fcck uff de Gass erneut mit vielen fairen Spezialit\u00e4ten aus aller Welt aufwarten. Erweitert werden soll das reichhaltige Fr\u00fchst\u00fccksangebot in diesem Jahr um eine Kaffeebar, an der so manche Bohne auf ihre Verkostung wartet. Das Weltladenteam l\u00e4dt schon heute herzlich ein und freut sich \u00fcber viele G\u00e4ste.<\/p>\n<p>Wie immer, findet das Fr\u00fchst\u00fcck uff de Gass parallel zur Fairen Woche statt. Diese besch\u00e4ftigt sich in diesem Jahr mit dem Thema Klimagerechtigkeit. Da gibt es auf der einen Seite die Industrienationen im globalen Norden als nachweisliche Hauptverursacher des Klimawandels und auf der anderen Seite diejenigen, die nicht dazu beigetragen haben, aber fatalerweise am meisten betroffen sind und meist keine Ressourcen haben, den Folgen entgegenzuwirken. Diese finden wir vor allem im globalen S\u00fcden, wo Hochwasser und D\u00fcrren das Leben bestimmen und Hunger und Elend bringen. Das ist genau auch dort, wo Menschen obendrein oft noch als billige Arbeitskr\u00e4fte benutzt werden, um andernorts Unternehmensgewinne zu steigern, was einmal mehr an der Elendsspirale dreht.<\/p>\n<p>Die Auswirkungen dieser Klimaungerechtigkeit und daraus resultierendem wirtschaftlichen Ungleichgewicht zwischen Nord und S\u00fcd f\u00fchren weit. Seit dem \u201ehistorischen Kompromiss\u201c der EU-Staaten f\u00fcr viele aber nicht weit genug, denn an der europ\u00e4ischen Grenze ist nun Schluss. Ein Kompromiss wurde geschlossen, der wichtiger war als sein Ergebnis, und der die Interessen der EU-Staaten \u00fcber die Menschenrechte gestellt hat. Sicher ist die Frage rund um die Aufnahme von Fl\u00fcchtlingen innerhalb der EU keine einfache. Aber genauso gewiss liegt die L\u00f6sung auch objektiv betrachtet nicht in kriminalisierenden Internierungslagern, sondern vielmehr im globalen Schulterschluss im Kampf gegen die Klimazerst\u00f6rung und ihre sozialen Auswirkungen. Nur so gibt es vielleicht noch eine Chance, diesen wirksam entgegenzutreten, ohne die s\u00fcdliche Hemisph\u00e4re im wirtschaftlichen Interesse der Industrienationen dem Untergang zu \u201eopfern\u201c.\u00a0 Daf\u00fcr w\u00e4re es wichtig, unter \u201eglobaler Wirtschaft\u201c mehr zu verstehen als einseitigen Profit \u00fcber alle L\u00e4ndergrenzen hinweg.<\/p>\n<p>Dass das funktioniert, zeigt der faire Handel seit vielen Jahren und tr\u00e4gt seinen kleinen, aber beispielgebenden Teil dazu bei. Er erm\u00f6glicht es Kleinbauern und -b\u00e4uerinnen und vielen Produktionskooperativen, mit ihrer Arbeit ihren Lebensunterhalt zu verdienen, ohne daf\u00fcr die Heimat verlassen zu m\u00fcssen, und ebnet damit den Weg heraus aus Abh\u00e4ngigkeit und Armut. Gerechte Entlohnung, gute Arbeitsbedingungen und eine Partnerschaft auf Augenh\u00f6he spielen dabei eine ebenso wichtige Rolle wie \u00f6kologisches, klimaschonendes Wirtschaften. Viele Produktionsbetriebe, deren Einnahmen durch den Klimawandel akut bedroht sind, finden \u00fcber den fairen Handel weitere Hilfe und Unterst\u00fctzung. So zum Beispiel durch die M\u00f6glichkeit, klimaangepasstes Saatgut zu beziehen, das widerstandsf\u00e4higer ist gegen die Trockenheit, und\/oder durch fachliche Beratung. Dennoch ist der faire Handel so lange noch ein Tropfen auf den hei\u00dfen Stein, solange nicht auch die f\u00fchrenden Unternehmen der Industrienationen die Bedeutung eines gerechten Handels f\u00fcr das globale Gleichgewicht erkennen, anstatt durch die nur gewinnorientierten Wirtschaftsmodelle das Nord-S\u00fcd-Gef\u00e4lle immer weiter in Schieflage zu bringen.<\/p>\n<p>Gl\u00fccklicherweise sind wir bei uns noch nicht so massiv vom Klimawandel betroffen und d\u00fcrfen noch \u00fcber Wasserrationierung im heimischen Pool st\u00f6hnen. \u00dcberschwemmungen und zunehmende Trockenheit jedoch sind Vorboten, die uns mehr zu denken geben sollten, und Anlass zum sofortigen Handeln. Was ist, wenn unsere Deiche brechen und unser Zuhause \u00fcberflutet wird? Dieses Szenario ist nicht aus der Luft gegriffen und verlangt vollen Einsatz.<\/p>\n<p>Wer mehr \u00fcber das Klima-Engagement des fairen Handels erfahren m\u00f6chte, erh\u00e4lt am Infostand des Weltladens am 16.9. umfassenden Einblick. F\u00fcr gutes Klima beim Fr\u00fchst\u00fcck uff de Gass wird auf jeden Fall gesorgt sein. Ob auch das Wetter mitspielt, l\u00e4sst sich derzeit nur orakeln.<br \/>\nHerzliche Einladung!<\/p>\n<p>&nbsp;<\/p>\n<p>&nbsp;<\/p>\n","protected":false},"excerpt":{"rendered":"<p>Beim Weltladen Babenhausen laufen bereits die ersten Planungen f\u00fcr die schon traditionelle Veranstaltung in der Bummelgasse. Am 16.9.23 wird das Fr\u00fchst\u00fcck uff de Gass erneut mit vielen fairen Spezialit\u00e4ten aus aller Welt aufwarten. Erweitert werden soll das reichhaltige Fr\u00fchst\u00fccksangebot in diesem Jahr um eine Kaffeebar, an der so manche Bohne auf ihre Verkostung wartet. Das&hellip;<\/p>\n","protected":false},"author":168,"featured_media":1329,"comment_status":"closed","ping_status":"closed","sticky":false,"template":"","format":"standard","meta":{"footnotes":""},"categories":[8,3,12],"tags":[],"class_list":["post-1328","post","type-post","status-publish","format-standard","has-post-thumbnail","hentry","category-neues","category-termine","category-verein","category-8","category-3","category-12","description-off"],"yoast_head":"<!-- This site is optimized with the Yoast SEO plugin v26.8 - https:\/\/yoast.com\/product\/yoast-seo-wordpress\/ -->\n<title>Kaffee, Honig und Klimagerechtigkeit - Fr\u00fchst\u00fcck uff de Gass. - Weltladen Babenhausen<\/title>\n<meta name=\"robots\" content=\"index, follow, max-snippet:-1, max-image-preview:large, max-video-preview:-1\" \/>\n<link rel=\"canonical\" href=\"https:\/\/weltlaeden.de\/babenhausen\/kaffee-honig-und-klimagerechtigkeit-fruehstueck-uff-de-gass\/\" \/>\n<meta property=\"og:locale\" content=\"de_DE\" \/>\n<meta property=\"og:type\" content=\"article\" \/>\n<meta property=\"og:title\" content=\"Kaffee, Honig und Klimagerechtigkeit - Fr\u00fchst\u00fcck uff de Gass. - Weltladen Babenhausen\" \/>\n<meta property=\"og:description\" content=\"Beim Weltladen Babenhausen laufen bereits die ersten Planungen f\u00fcr die schon traditionelle Veranstaltung in der Bummelgasse. Am 16.9.23 wird das Fr\u00fchst\u00fcck uff de Gass erneut mit vielen fairen Spezialit\u00e4ten aus aller Welt aufwarten. Erweitert werden soll das reichhaltige Fr\u00fchst\u00fccksangebot in diesem Jahr um eine Kaffeebar, an der so manche Bohne auf ihre Verkostung wartet. Das&hellip;\" \/>\n<meta property=\"og:url\" content=\"https:\/\/weltlaeden.de\/babenhausen\/kaffee-honig-und-klimagerechtigkeit-fruehstueck-uff-de-gass\/\" \/>\n<meta property=\"og:site_name\" content=\"Weltladen Babenhausen\" \/>\n<meta property=\"article:published_time\" content=\"2023-06-28T09:41:24+00:00\" \/>\n<meta property=\"article:modified_time\" content=\"2023-06-28T09:52:49+00:00\" \/>\n<meta property=\"og:image\" content=\"https:\/\/weltlaeden.de\/babenhausen\/wp-content\/uploads\/sites\/107\/2023\/06\/Webbanner-Beitragsbild-787x400-1.jpg\" \/>\n\t<meta property=\"og:image:width\" content=\"787\" \/>\n\t<meta property=\"og:image:height\" content=\"400\" \/>\n\t<meta property=\"og:image:type\" content=\"image\/jpeg\" \/>\n<meta name=\"author\" content=\"helgawiegel\" \/>\n<meta name=\"twitter:card\" content=\"summary_large_image\" \/>\n<meta name=\"twitter:label1\" content=\"Verfasst von\" \/>\n\t<meta name=\"twitter:data1\" content=\"helgawiegel\" \/>\n\t<meta name=\"twitter:label2\" content=\"Gesch\u00e4tzte Lesezeit\" \/>\n\t<meta name=\"twitter:data2\" content=\"3\u00a0Minuten\" \/>\n<script type=\"application\/ld+json\" class=\"yoast-schema-graph\">{\"@context\":\"https:\/\/schema.org\",\"@graph\":[{\"@type\":\"Article\",\"@id\":\"https:\/\/weltlaeden.de\/babenhausen\/kaffee-honig-und-klimagerechtigkeit-fruehstueck-uff-de-gass\/#article\",\"isPartOf\":{\"@id\":\"https:\/\/weltlaeden.de\/babenhausen\/kaffee-honig-und-klimagerechtigkeit-fruehstueck-uff-de-gass\/\"},\"author\":{\"name\":\"helgawiegel\",\"@id\":\"https:\/\/weltlaeden.de\/babenhausen\/#\/schema\/person\/7dd8f996d047c281a7f1c349ebfe8b4f\"},\"headline\":\"Kaffee, Honig und Klimagerechtigkeit &#8211; Fr\u00fchst\u00fcck uff de Gass.\",\"datePublished\":\"2023-06-28T09:41:24+00:00\",\"dateModified\":\"2023-06-28T09:52:49+00:00\",\"mainEntityOfPage\":{\"@id\":\"https:\/\/weltlaeden.de\/babenhausen\/kaffee-honig-und-klimagerechtigkeit-fruehstueck-uff-de-gass\/\"},\"wordCount\":644,\"image\":{\"@id\":\"https:\/\/weltlaeden.de\/babenhausen\/kaffee-honig-und-klimagerechtigkeit-fruehstueck-uff-de-gass\/#primaryimage\"},\"thumbnailUrl\":\"https:\/\/weltlaeden.de\/babenhausen\/wp-content\/uploads\/sites\/107\/2023\/06\/Webbanner-Beitragsbild-787x400-1.jpg\",\"articleSection\":[\"Neuigkeiten\",\"Termine\",\"Verein\"],\"inLanguage\":\"de\"},{\"@type\":\"WebPage\",\"@id\":\"https:\/\/weltlaeden.de\/babenhausen\/kaffee-honig-und-klimagerechtigkeit-fruehstueck-uff-de-gass\/\",\"url\":\"https:\/\/weltlaeden.de\/babenhausen\/kaffee-honig-und-klimagerechtigkeit-fruehstueck-uff-de-gass\/\",\"name\":\"Kaffee, Honig und Klimagerechtigkeit - Fr\u00fchst\u00fcck uff de Gass. - Weltladen Babenhausen\",\"isPartOf\":{\"@id\":\"https:\/\/weltlaeden.de\/babenhausen\/#website\"},\"primaryImageOfPage\":{\"@id\":\"https:\/\/weltlaeden.de\/babenhausen\/kaffee-honig-und-klimagerechtigkeit-fruehstueck-uff-de-gass\/#primaryimage\"},\"image\":{\"@id\":\"https:\/\/weltlaeden.de\/babenhausen\/kaffee-honig-und-klimagerechtigkeit-fruehstueck-uff-de-gass\/#primaryimage\"},\"thumbnailUrl\":\"https:\/\/weltlaeden.de\/babenhausen\/wp-content\/uploads\/sites\/107\/2023\/06\/Webbanner-Beitragsbild-787x400-1.jpg\",\"datePublished\":\"2023-06-28T09:41:24+00:00\",\"dateModified\":\"2023-06-28T09:52:49+00:00\",\"author\":{\"@id\":\"https:\/\/weltlaeden.de\/babenhausen\/#\/schema\/person\/7dd8f996d047c281a7f1c349ebfe8b4f\"},\"breadcrumb\":{\"@id\":\"https:\/\/weltlaeden.de\/babenhausen\/kaffee-honig-und-klimagerechtigkeit-fruehstueck-uff-de-gass\/#breadcrumb\"},\"inLanguage\":\"de\",\"potentialAction\":[{\"@type\":\"ReadAction\",\"target\":[\"https:\/\/weltlaeden.de\/babenhausen\/kaffee-honig-und-klimagerechtigkeit-fruehstueck-uff-de-gass\/\"]}]},{\"@type\":\"ImageObject\",\"inLanguage\":\"de\",\"@id\":\"https:\/\/weltlaeden.de\/babenhausen\/kaffee-honig-und-klimagerechtigkeit-fruehstueck-uff-de-gass\/#primaryimage\",\"url\":\"https:\/\/weltlaeden.de\/babenhausen\/wp-content\/uploads\/sites\/107\/2023\/06\/Webbanner-Beitragsbild-787x400-1.jpg\",\"contentUrl\":\"https:\/\/weltlaeden.de\/babenhausen\/wp-content\/uploads\/sites\/107\/2023\/06\/Webbanner-Beitragsbild-787x400-1.jpg\",\"width\":787,\"height\":400},{\"@type\":\"BreadcrumbList\",\"@id\":\"https:\/\/weltlaeden.de\/babenhausen\/kaffee-honig-und-klimagerechtigkeit-fruehstueck-uff-de-gass\/#breadcrumb\",\"itemListElement\":[{\"@type\":\"ListItem\",\"position\":1,\"name\":\"Startseite\",\"item\":\"https:\/\/weltlaeden.de\/babenhausen\/\"},{\"@type\":\"ListItem\",\"position\":2,\"name\":\"Kaffee, Honig und Klimagerechtigkeit &#8211; Fr\u00fchst\u00fcck uff de Gass.\"}]},{\"@type\":\"WebSite\",\"@id\":\"https:\/\/weltlaeden.de\/babenhausen\/#website\",\"url\":\"https:\/\/weltlaeden.de\/babenhausen\/\",\"name\":\"Weltladen Babenhausen\",\"description\":\"Faire Produkte seit 1990\",\"potentialAction\":[{\"@type\":\"SearchAction\",\"target\":{\"@type\":\"EntryPoint\",\"urlTemplate\":\"https:\/\/weltlaeden.de\/babenhausen\/?s={search_term_string}\"},\"query-input\":{\"@type\":\"PropertyValueSpecification\",\"valueRequired\":true,\"valueName\":\"search_term_string\"}}],\"inLanguage\":\"de\"},{\"@type\":\"Person\",\"@id\":\"https:\/\/weltlaeden.de\/babenhausen\/#\/schema\/person\/7dd8f996d047c281a7f1c349ebfe8b4f\",\"name\":\"helgawiegel\",\"image\":{\"@type\":\"ImageObject\",\"inLanguage\":\"de\",\"@id\":\"https:\/\/weltlaeden.de\/babenhausen\/#\/schema\/person\/image\/\",\"url\":\"https:\/\/secure.gravatar.com\/avatar\/1abec512ec0fb596215cb7a7e7596667?s=96&d=mm&r=g\",\"contentUrl\":\"https:\/\/secure.gravatar.com\/avatar\/1abec512ec0fb596215cb7a7e7596667?s=96&d=mm&r=g\",\"caption\":\"helgawiegel\"},\"url\":\"https:\/\/weltlaeden.de\/babenhausen\/author\/helgawiegel\/\"}]}<\/script>\n<!-- \/ Yoast SEO plugin. -->","yoast_head_json":{"title":"Kaffee, Honig und Klimagerechtigkeit - Fr\u00fchst\u00fcck uff de Gass. - Weltladen Babenhausen","robots":{"index":"index","follow":"follow","max-snippet":"max-snippet:-1","max-image-preview":"max-image-preview:large","max-video-preview":"max-video-preview:-1"},"canonical":"https:\/\/weltlaeden.de\/babenhausen\/kaffee-honig-und-klimagerechtigkeit-fruehstueck-uff-de-gass\/","og_locale":"de_DE","og_type":"article","og_title":"Kaffee, Honig und Klimagerechtigkeit - Fr\u00fchst\u00fcck uff de Gass. - Weltladen Babenhausen","og_description":"Beim Weltladen Babenhausen laufen bereits die ersten Planungen f\u00fcr die schon traditionelle Veranstaltung in der Bummelgasse. Am 16.9.23 wird das Fr\u00fchst\u00fcck uff de Gass erneut mit vielen fairen Spezialit\u00e4ten aus aller Welt aufwarten. Erweitert werden soll das reichhaltige Fr\u00fchst\u00fccksangebot in diesem Jahr um eine Kaffeebar, an der so manche Bohne auf ihre Verkostung wartet. Das&hellip;","og_url":"https:\/\/weltlaeden.de\/babenhausen\/kaffee-honig-und-klimagerechtigkeit-fruehstueck-uff-de-gass\/","og_site_name":"Weltladen Babenhausen","article_published_time":"2023-06-28T09:41:24+00:00","article_modified_time":"2023-06-28T09:52:49+00:00","og_image":[{"width":787,"height":400,"url":"https:\/\/weltlaeden.de\/babenhausen\/wp-content\/uploads\/sites\/107\/2023\/06\/Webbanner-Beitragsbild-787x400-1.jpg","type":"image\/jpeg"}],"author":"helgawiegel","twitter_card":"summary_large_image","twitter_misc":{"Verfasst von":"helgawiegel","Gesch\u00e4tzte Lesezeit":"3\u00a0Minuten"},"schema":{"@context":"https:\/\/schema.org","@graph":[{"@type":"Article","@id":"https:\/\/weltlaeden.de\/babenhausen\/kaffee-honig-und-klimagerechtigkeit-fruehstueck-uff-de-gass\/#article","isPartOf":{"@id":"https:\/\/weltlaeden.de\/babenhausen\/kaffee-honig-und-klimagerechtigkeit-fruehstueck-uff-de-gass\/"},"author":{"name":"helgawiegel","@id":"https:\/\/weltlaeden.de\/babenhausen\/#\/schema\/person\/7dd8f996d047c281a7f1c349ebfe8b4f"},"headline":"Kaffee, Honig und Klimagerechtigkeit &#8211; Fr\u00fchst\u00fcck uff de Gass.","datePublished":"2023-06-28T09:41:24+00:00","dateModified":"2023-06-28T09:52:49+00:00","mainEntityOfPage":{"@id":"https:\/\/weltlaeden.de\/babenhausen\/kaffee-honig-und-klimagerechtigkeit-fruehstueck-uff-de-gass\/"},"wordCount":644,"image":{"@id":"https:\/\/weltlaeden.de\/babenhausen\/kaffee-honig-und-klimagerechtigkeit-fruehstueck-uff-de-gass\/#primaryimage"},"thumbnailUrl":"https:\/\/weltlaeden.de\/babenhausen\/wp-content\/uploads\/sites\/107\/2023\/06\/Webbanner-Beitragsbild-787x400-1.jpg","articleSection":["Neuigkeiten","Termine","Verein"],"inLanguage":"de"},{"@type":"WebPage","@id":"https:\/\/weltlaeden.de\/babenhausen\/kaffee-honig-und-klimagerechtigkeit-fruehstueck-uff-de-gass\/","url":"https:\/\/weltlaeden.de\/babenhausen\/kaffee-honig-und-klimagerechtigkeit-fruehstueck-uff-de-gass\/","name":"Kaffee, Honig und Klimagerechtigkeit - Fr\u00fchst\u00fcck uff de Gass. - Weltladen Babenhausen","isPartOf":{"@id":"https:\/\/weltlaeden.de\/babenhausen\/#website"},"primaryImageOfPage":{"@id":"https:\/\/weltlaeden.de\/babenhausen\/kaffee-honig-und-klimagerechtigkeit-fruehstueck-uff-de-gass\/#primaryimage"},"image":{"@id":"https:\/\/weltlaeden.de\/babenhausen\/kaffee-honig-und-klimagerechtigkeit-fruehstueck-uff-de-gass\/#primaryimage"},"thumbnailUrl":"https:\/\/weltlaeden.de\/babenhausen\/wp-content\/uploads\/sites\/107\/2023\/06\/Webbanner-Beitragsbild-787x400-1.jpg","datePublished":"2023-06-28T09:41:24+00:00","dateModified":"2023-06-28T09:52:49+00:00","author":{"@id":"https:\/\/weltlaeden.de\/babenhausen\/#\/schema\/person\/7dd8f996d047c281a7f1c349ebfe8b4f"},"breadcrumb":{"@id":"https:\/\/weltlaeden.de\/babenhausen\/kaffee-honig-und-klimagerechtigkeit-fruehstueck-uff-de-gass\/#breadcrumb"},"inLanguage":"de","potentialAction":[{"@type":"ReadAction","target":["https:\/\/weltlaeden.de\/babenhausen\/kaffee-honig-und-klimagerechtigkeit-fruehstueck-uff-de-gass\/"]}]},{"@type":"ImageObject","inLanguage":"de","@id":"https:\/\/weltlaeden.de\/babenhausen\/kaffee-honig-und-klimagerechtigkeit-fruehstueck-uff-de-gass\/#primaryimage","url":"https:\/\/weltlaeden.de\/babenhausen\/wp-content\/uploads\/sites\/107\/2023\/06\/Webbanner-Beitragsbild-787x400-1.jpg","contentUrl":"https:\/\/weltlaeden.de\/babenhausen\/wp-content\/uploads\/sites\/107\/2023\/06\/Webbanner-Beitragsbild-787x400-1.jpg","width":787,"height":400},{"@type":"BreadcrumbList","@id":"https:\/\/weltlaeden.de\/babenhausen\/kaffee-honig-und-klimagerechtigkeit-fruehstueck-uff-de-gass\/#breadcrumb","itemListElement":[{"@type":"ListItem","position":1,"name":"Startseite","item":"https:\/\/weltlaeden.de\/babenhausen\/"},{"@type":"ListItem","position":2,"name":"Kaffee, Honig und Klimagerechtigkeit &#8211; Fr\u00fchst\u00fcck uff de Gass."}]},{"@type":"WebSite","@id":"https:\/\/weltlaeden.de\/babenhausen\/#website","url":"https:\/\/weltlaeden.de\/babenhausen\/","name":"Weltladen Babenhausen","description":"Faire Produkte seit 1990","potentialAction":[{"@type":"SearchAction","target":{"@type":"EntryPoint","urlTemplate":"https:\/\/weltlaeden.de\/babenhausen\/?s={search_term_string}"},"query-input":{"@type":"PropertyValueSpecification","valueRequired":true,"valueName":"search_term_string"}}],"inLanguage":"de"},{"@type":"Person","@id":"https:\/\/weltlaeden.de\/babenhausen\/#\/schema\/person\/7dd8f996d047c281a7f1c349ebfe8b4f","name":"helgawiegel","image":{"@type":"ImageObject","inLanguage":"de","@id":"https:\/\/weltlaeden.de\/babenhausen\/#\/schema\/person\/image\/","url":"https:\/\/secure.gravatar.com\/avatar\/1abec512ec0fb596215cb7a7e7596667?s=96&d=mm&r=g","contentUrl":"https:\/\/secure.gravatar.com\/avatar\/1abec512ec0fb596215cb7a7e7596667?s=96&d=mm&r=g","caption":"helgawiegel"},"url":"https:\/\/weltlaeden.de\/babenhausen\/author\/helgawiegel\/"}]}},"_links":{"self":[{"href":"https:\/\/weltlaeden.de\/babenhausen\/wp-json\/wp\/v2\/posts\/1328","targetHints":{"allow":["GET"]}}],"collection":[{"href":"https:\/\/weltlaeden.de\/babenhausen\/wp-json\/wp\/v2\/posts"}],"about":[{"href":"https:\/\/weltlaeden.de\/babenhausen\/wp-json\/wp\/v2\/types\/post"}],"author":[{"embeddable":true,"href":"https:\/\/weltlaeden.de\/babenhausen\/wp-json\/wp\/v2\/users\/168"}],"replies":[{"embeddable":true,"href":"https:\/\/weltlaeden.de\/babenhausen\/wp-json\/wp\/v2\/comments?post=1328"}],"version-history":[{"count":4,"href":"https:\/\/weltlaeden.de\/babenhausen\/wp-json\/wp\/v2\/posts\/1328\/revisions"}],"predecessor-version":[{"id":1338,"href":"https:\/\/weltlaeden.de\/babenhausen\/wp-json\/wp\/v2\/posts\/1328\/revisions\/1338"}],"wp:featuredmedia":[{"embeddable":true,"href":"https:\/\/weltlaeden.de\/babenhausen\/wp-json\/wp\/v2\/media\/1329"}],"wp:attachment":[{"href":"https:\/\/weltlaeden.de\/babenhausen\/wp-json\/wp\/v2\/media?parent=1328"}],"wp:term":[{"taxonomy":"category","embeddable":true,"href":"https:\/\/weltlaeden.de\/babenhausen\/wp-json\/wp\/v2\/categories?post=1328"},{"taxonomy":"post_tag","embeddable":true,"href":"https:\/\/weltlaeden.de\/babenhausen\/wp-json\/wp\/v2\/tags?post=1328"}],"curies":[{"name":"wp","href":"https:\/\/api.w.org\/{rel}","templated":true}]}}