{"id":1246,"date":"2022-09-30T12:09:33","date_gmt":"2022-09-30T10:09:33","guid":{"rendered":"https:\/\/weltlaeden.de\/babenhausen\/?p=1246"},"modified":"2022-09-30T19:10:50","modified_gmt":"2022-09-30T17:10:50","slug":"feier-und-eis-uff-de-gass-fruehstuecksimpressionen","status":"publish","type":"post","link":"https:\/\/weltlaeden.de\/babenhausen\/feier-und-eis-uff-de-gass-fruehstuecksimpressionen\/","title":{"rendered":"Feier und Eis."},"content":{"rendered":"<p>Ein voller Erfolg war unser Fr\u00fchst\u00fcck uff de Gass am 17. September. Wie bestellt und perfekt organisiert, gab es zu unserem Geburtstagsfr\u00fchst\u00fcck genau von 10 bis 12 Uhr eine Regenpause. Derart meteorologisch unterst\u00fctzt, konnten wir uns \u00fcber besonders viele Besucher und Besucherinnen und eine voll besetzte Fr\u00fchst\u00fccksmeile freuen. Auch Nicola Kr\u00fcmpelmann vom Vorstand des Weltladen Dachverbandes und Gertrud Meyer-Sauerwein vom Weltladen Dieburg waren gekommen, um uns zu unserem Jubil\u00e4um zu gratulieren. Das hat uns nat\u00fcrlich sehr gefreut, ebenso der Besuch und das Interesse lokaler Pressevertreter:innen. Selbst die Sonne kam vorbei und sorgte f\u00fcr noch mehr Zuspruch am Eisstand, der zur Feier des Tages mit einem vom Eiscaf\u00e9 Galileo produzierten Spezialeis aus fairen Zutaten lockte. Sehr cool, sagen wir, und DANKE!<br \/>\nF\u00fcr innere W\u00e4rme sorgten in gewohnter Weise Tee und Kaffee und die Freude an vielen internationalen Fr\u00fchst\u00fccksspezialit\u00e4ten. Und nat\u00fcrlich die Begegnungen und Gespr\u00e4che und sch\u00f6ne Augenblicke.<\/p>\n<p>Hier ein paar Impressionen:<\/p>\n<p>&nbsp;<\/p>\n<p style=\"text-align: center\"><img loading=\"lazy\" decoding=\"async\" class=\"wp-image-1247 aligncenter\" src=\"https:\/\/weltlaeden.de\/babenhausen\/wp-content\/uploads\/sites\/107\/2022\/09\/Nicola-Kruempelmann_WL-Dachverband-1kl-1024x501.jpg\" alt=\"\" width=\"800\" height=\"391\" srcset=\"https:\/\/weltlaeden.de\/babenhausen\/wp-content\/uploads\/sites\/107\/2022\/09\/Nicola-Kruempelmann_WL-Dachverband-1kl-1024x501.jpg 1024w, https:\/\/weltlaeden.de\/babenhausen\/wp-content\/uploads\/sites\/107\/2022\/09\/Nicola-Kruempelmann_WL-Dachverband-1kl-300x147.jpg 300w, https:\/\/weltlaeden.de\/babenhausen\/wp-content\/uploads\/sites\/107\/2022\/09\/Nicola-Kruempelmann_WL-Dachverband-1kl-768x376.jpg 768w, https:\/\/weltlaeden.de\/babenhausen\/wp-content\/uploads\/sites\/107\/2022\/09\/Nicola-Kruempelmann_WL-Dachverband-1kl-1536x752.jpg 1536w, https:\/\/weltlaeden.de\/babenhausen\/wp-content\/uploads\/sites\/107\/2022\/09\/Nicola-Kruempelmann_WL-Dachverband-1kl.jpg 1772w\" sizes=\"auto, (max-width: 800px) 100vw, 800px\" \/>Aktive vom Weltladenteam und G\u00e4ste in angeregter Runde (hinten links stehend Nicola Kr\u00fcmpelmann vom WL-Dachverband)<\/p>\n<p>&nbsp;<\/p>\n<p>&nbsp;<\/p>\n<p style=\"text-align: center\"><img loading=\"lazy\" decoding=\"async\" class=\"wp-image-1248 size-full aligncenter\" src=\"https:\/\/weltlaeden.de\/babenhausen\/wp-content\/uploads\/sites\/107\/2022\/09\/2-mit-Weltladen-Dieburg-compress.jpg\" alt=\"\" width=\"322\" height=\"426\" \/>Gertrud Meyer-Sauerwein (Mitte) vom Weltladen Dieburg \u00fcberreicht<br \/>\nihr Pr\u00e4sent an Kornelia Kerber-Hock (li.) und Marga Jonas (re.)<\/p>\n<p>&nbsp;<\/p>\n<p>&nbsp;<\/p>\n<p style=\"text-align: center\"><img loading=\"lazy\" decoding=\"async\" class=\"wp-image-1250 size-full aligncenter\" src=\"https:\/\/weltlaeden.de\/babenhausen\/wp-content\/uploads\/sites\/107\/2022\/09\/Eis-von-Gallileo-compress.jpg\" alt=\"\" width=\"480\" height=\"640\" \/>v. l. n. r.: Petra Schmidt-Bressan, unsere &#8222;Eisk\u00f6nigin&#8220; vom Galileo,<br \/>\nmit Gaby Reckenbeil<\/p>\n<p>&nbsp;<\/p>\n<p>&nbsp;<\/p>\n<p style=\"text-align: center\"><img loading=\"lazy\" decoding=\"async\" class=\"wp-image-1251 aligncenter\" src=\"https:\/\/weltlaeden.de\/babenhausen\/wp-content\/uploads\/sites\/107\/2022\/09\/IMG_5246-compress.jpg\" alt=\"\" width=\"480\" height=\"640\" \/>Feier und Eis: Fotografiert von Petra Schmidt-Bressan.<br \/>\nDanke f\u00fcr den tollen Beitrag!<\/p>\n<p>&nbsp;<\/p>\n<p>&nbsp;<\/p>\n<p style=\"text-align: center\"><img loading=\"lazy\" decoding=\"async\" class=\"wp-image-1255 aligncenter\" src=\"https:\/\/weltlaeden.de\/babenhausen\/wp-content\/uploads\/sites\/107\/2022\/09\/20220917_100208_Burst01-1024x576.jpg\" alt=\"\" width=\"800\" height=\"450\" srcset=\"https:\/\/weltlaeden.de\/babenhausen\/wp-content\/uploads\/sites\/107\/2022\/09\/20220917_100208_Burst01-1024x576.jpg 1024w, https:\/\/weltlaeden.de\/babenhausen\/wp-content\/uploads\/sites\/107\/2022\/09\/20220917_100208_Burst01-300x169.jpg 300w, https:\/\/weltlaeden.de\/babenhausen\/wp-content\/uploads\/sites\/107\/2022\/09\/20220917_100208_Burst01-768x432.jpg 768w, https:\/\/weltlaeden.de\/babenhausen\/wp-content\/uploads\/sites\/107\/2022\/09\/20220917_100208_Burst01-1536x864.jpg 1536w, https:\/\/weltlaeden.de\/babenhausen\/wp-content\/uploads\/sites\/107\/2022\/09\/20220917_100208_Burst01-2048x1152.jpg 2048w, https:\/\/weltlaeden.de\/babenhausen\/wp-content\/uploads\/sites\/107\/2022\/09\/20220917_100208_Burst01-scaled.jpg 1920w\" sizes=\"auto, (max-width: 800px) 100vw, 800px\" \/>Uff de Gass um de Eck: Mehr Platz f\u00fcr faires Fr\u00fchst\u00fcck!<\/p>\n","protected":false},"excerpt":{"rendered":"<p>Ein voller Erfolg war unser Fr\u00fchst\u00fcck uff de Gass am 17. September. Wie bestellt und perfekt organisiert, gab es zu unserem Geburtstagsfr\u00fchst\u00fcck genau von 10 bis 12 Uhr eine Regenpause. Derart meteorologisch unterst\u00fctzt, konnten wir uns \u00fcber besonders viele Besucher und Besucherinnen und eine voll besetzte Fr\u00fchst\u00fccksmeile freuen. Auch Nicola Kr\u00fcmpelmann vom Vorstand des Weltladen&hellip;<\/p>\n","protected":false},"author":168,"featured_media":1245,"comment_status":"closed","ping_status":"closed","sticky":false,"template":"","format":"standard","meta":{"footnotes":""},"categories":[8,12],"tags":[],"class_list":["post-1246","post","type-post","status-publish","format-standard","has-post-thumbnail","hentry","category-neues","category-verein","category-8","category-12","description-off"],"yoast_head":"<!-- This site is optimized with the Yoast SEO plugin v26.8 - https:\/\/yoast.com\/product\/yoast-seo-wordpress\/ -->\n<title>Feier und Eis. - Weltladen Babenhausen<\/title>\n<meta name=\"robots\" content=\"index, follow, max-snippet:-1, max-image-preview:large, max-video-preview:-1\" \/>\n<link rel=\"canonical\" href=\"https:\/\/weltlaeden.de\/babenhausen\/feier-und-eis-uff-de-gass-fruehstuecksimpressionen\/\" \/>\n<meta property=\"og:locale\" content=\"de_DE\" \/>\n<meta property=\"og:type\" content=\"article\" \/>\n<meta property=\"og:title\" content=\"Feier und Eis. - Weltladen Babenhausen\" \/>\n<meta property=\"og:description\" content=\"Ein voller Erfolg war unser Fr\u00fchst\u00fcck uff de Gass am 17. September. Wie bestellt und perfekt organisiert, gab es zu unserem Geburtstagsfr\u00fchst\u00fcck genau von 10 bis 12 Uhr eine Regenpause. Derart meteorologisch unterst\u00fctzt, konnten wir uns \u00fcber besonders viele Besucher und Besucherinnen und eine voll besetzte Fr\u00fchst\u00fccksmeile freuen. Auch Nicola Kr\u00fcmpelmann vom Vorstand des Weltladen&hellip;\" \/>\n<meta property=\"og:url\" content=\"https:\/\/weltlaeden.de\/babenhausen\/feier-und-eis-uff-de-gass-fruehstuecksimpressionen\/\" \/>\n<meta property=\"og:site_name\" content=\"Weltladen Babenhausen\" \/>\n<meta property=\"article:published_time\" content=\"2022-09-30T10:09:33+00:00\" \/>\n<meta property=\"article:modified_time\" content=\"2022-09-30T17:10:50+00:00\" \/>\n<meta property=\"og:image\" content=\"https:\/\/weltlaeden.de\/babenhausen\/wp-content\/uploads\/sites\/107\/2022\/08\/20220917_100129_Burst01-787_400-news-compress.jpg\" \/>\n\t<meta property=\"og:image:width\" content=\"787\" \/>\n\t<meta property=\"og:image:height\" content=\"400\" \/>\n\t<meta property=\"og:image:type\" content=\"image\/jpeg\" \/>\n<meta name=\"author\" content=\"helgawiegel\" \/>\n<meta name=\"twitter:card\" content=\"summary_large_image\" \/>\n<meta name=\"twitter:label1\" content=\"Verfasst von\" \/>\n\t<meta name=\"twitter:data1\" content=\"helgawiegel\" \/>\n\t<meta name=\"twitter:label2\" content=\"Gesch\u00e4tzte Lesezeit\" \/>\n\t<meta name=\"twitter:data2\" content=\"1\u00a0Minute\" \/>\n<script type=\"application\/ld+json\" class=\"yoast-schema-graph\">{\"@context\":\"https:\/\/schema.org\",\"@graph\":[{\"@type\":\"Article\",\"@id\":\"https:\/\/weltlaeden.de\/babenhausen\/feier-und-eis-uff-de-gass-fruehstuecksimpressionen\/#article\",\"isPartOf\":{\"@id\":\"https:\/\/weltlaeden.de\/babenhausen\/feier-und-eis-uff-de-gass-fruehstuecksimpressionen\/\"},\"author\":{\"name\":\"helgawiegel\",\"@id\":\"https:\/\/weltlaeden.de\/babenhausen\/#\/schema\/person\/7dd8f996d047c281a7f1c349ebfe8b4f\"},\"headline\":\"Feier und Eis.\",\"datePublished\":\"2022-09-30T10:09:33+00:00\",\"dateModified\":\"2022-09-30T17:10:50+00:00\",\"mainEntityOfPage\":{\"@id\":\"https:\/\/weltlaeden.de\/babenhausen\/feier-und-eis-uff-de-gass-fruehstuecksimpressionen\/\"},\"wordCount\":255,\"image\":{\"@id\":\"https:\/\/weltlaeden.de\/babenhausen\/feier-und-eis-uff-de-gass-fruehstuecksimpressionen\/#primaryimage\"},\"thumbnailUrl\":\"https:\/\/weltlaeden.de\/babenhausen\/wp-content\/uploads\/sites\/107\/2022\/08\/20220917_100129_Burst01-787_400-news-compress.jpg\",\"articleSection\":[\"Neuigkeiten\",\"Verein\"],\"inLanguage\":\"de\"},{\"@type\":\"WebPage\",\"@id\":\"https:\/\/weltlaeden.de\/babenhausen\/feier-und-eis-uff-de-gass-fruehstuecksimpressionen\/\",\"url\":\"https:\/\/weltlaeden.de\/babenhausen\/feier-und-eis-uff-de-gass-fruehstuecksimpressionen\/\",\"name\":\"Feier und Eis. - Weltladen Babenhausen\",\"isPartOf\":{\"@id\":\"https:\/\/weltlaeden.de\/babenhausen\/#website\"},\"primaryImageOfPage\":{\"@id\":\"https:\/\/weltlaeden.de\/babenhausen\/feier-und-eis-uff-de-gass-fruehstuecksimpressionen\/#primaryimage\"},\"image\":{\"@id\":\"https:\/\/weltlaeden.de\/babenhausen\/feier-und-eis-uff-de-gass-fruehstuecksimpressionen\/#primaryimage\"},\"thumbnailUrl\":\"https:\/\/weltlaeden.de\/babenhausen\/wp-content\/uploads\/sites\/107\/2022\/08\/20220917_100129_Burst01-787_400-news-compress.jpg\",\"datePublished\":\"2022-09-30T10:09:33+00:00\",\"dateModified\":\"2022-09-30T17:10:50+00:00\",\"author\":{\"@id\":\"https:\/\/weltlaeden.de\/babenhausen\/#\/schema\/person\/7dd8f996d047c281a7f1c349ebfe8b4f\"},\"breadcrumb\":{\"@id\":\"https:\/\/weltlaeden.de\/babenhausen\/feier-und-eis-uff-de-gass-fruehstuecksimpressionen\/#breadcrumb\"},\"inLanguage\":\"de\",\"potentialAction\":[{\"@type\":\"ReadAction\",\"target\":[\"https:\/\/weltlaeden.de\/babenhausen\/feier-und-eis-uff-de-gass-fruehstuecksimpressionen\/\"]}]},{\"@type\":\"ImageObject\",\"inLanguage\":\"de\",\"@id\":\"https:\/\/weltlaeden.de\/babenhausen\/feier-und-eis-uff-de-gass-fruehstuecksimpressionen\/#primaryimage\",\"url\":\"https:\/\/weltlaeden.de\/babenhausen\/wp-content\/uploads\/sites\/107\/2022\/08\/20220917_100129_Burst01-787_400-news-compress.jpg\",\"contentUrl\":\"https:\/\/weltlaeden.de\/babenhausen\/wp-content\/uploads\/sites\/107\/2022\/08\/20220917_100129_Burst01-787_400-news-compress.jpg\",\"width\":787,\"height\":400},{\"@type\":\"BreadcrumbList\",\"@id\":\"https:\/\/weltlaeden.de\/babenhausen\/feier-und-eis-uff-de-gass-fruehstuecksimpressionen\/#breadcrumb\",\"itemListElement\":[{\"@type\":\"ListItem\",\"position\":1,\"name\":\"Startseite\",\"item\":\"https:\/\/weltlaeden.de\/babenhausen\/\"},{\"@type\":\"ListItem\",\"position\":2,\"name\":\"Feier und Eis.\"}]},{\"@type\":\"WebSite\",\"@id\":\"https:\/\/weltlaeden.de\/babenhausen\/#website\",\"url\":\"https:\/\/weltlaeden.de\/babenhausen\/\",\"name\":\"Weltladen Babenhausen\",\"description\":\"Faire Produkte seit 1990\",\"potentialAction\":[{\"@type\":\"SearchAction\",\"target\":{\"@type\":\"EntryPoint\",\"urlTemplate\":\"https:\/\/weltlaeden.de\/babenhausen\/?s={search_term_string}\"},\"query-input\":{\"@type\":\"PropertyValueSpecification\",\"valueRequired\":true,\"valueName\":\"search_term_string\"}}],\"inLanguage\":\"de\"},{\"@type\":\"Person\",\"@id\":\"https:\/\/weltlaeden.de\/babenhausen\/#\/schema\/person\/7dd8f996d047c281a7f1c349ebfe8b4f\",\"name\":\"helgawiegel\",\"image\":{\"@type\":\"ImageObject\",\"inLanguage\":\"de\",\"@id\":\"https:\/\/weltlaeden.de\/babenhausen\/#\/schema\/person\/image\/\",\"url\":\"https:\/\/secure.gravatar.com\/avatar\/1abec512ec0fb596215cb7a7e7596667?s=96&d=mm&r=g\",\"contentUrl\":\"https:\/\/secure.gravatar.com\/avatar\/1abec512ec0fb596215cb7a7e7596667?s=96&d=mm&r=g\",\"caption\":\"helgawiegel\"},\"url\":\"https:\/\/weltlaeden.de\/babenhausen\/author\/helgawiegel\/\"}]}<\/script>\n<!-- \/ Yoast SEO plugin. -->","yoast_head_json":{"title":"Feier und Eis. - Weltladen Babenhausen","robots":{"index":"index","follow":"follow","max-snippet":"max-snippet:-1","max-image-preview":"max-image-preview:large","max-video-preview":"max-video-preview:-1"},"canonical":"https:\/\/weltlaeden.de\/babenhausen\/feier-und-eis-uff-de-gass-fruehstuecksimpressionen\/","og_locale":"de_DE","og_type":"article","og_title":"Feier und Eis. - Weltladen Babenhausen","og_description":"Ein voller Erfolg war unser Fr\u00fchst\u00fcck uff de Gass am 17. September. Wie bestellt und perfekt organisiert, gab es zu unserem Geburtstagsfr\u00fchst\u00fcck genau von 10 bis 12 Uhr eine Regenpause. Derart meteorologisch unterst\u00fctzt, konnten wir uns \u00fcber besonders viele Besucher und Besucherinnen und eine voll besetzte Fr\u00fchst\u00fccksmeile freuen. Auch Nicola Kr\u00fcmpelmann vom Vorstand des Weltladen&hellip;","og_url":"https:\/\/weltlaeden.de\/babenhausen\/feier-und-eis-uff-de-gass-fruehstuecksimpressionen\/","og_site_name":"Weltladen Babenhausen","article_published_time":"2022-09-30T10:09:33+00:00","article_modified_time":"2022-09-30T17:10:50+00:00","og_image":[{"width":787,"height":400,"url":"https:\/\/weltlaeden.de\/babenhausen\/wp-content\/uploads\/sites\/107\/2022\/08\/20220917_100129_Burst01-787_400-news-compress.jpg","type":"image\/jpeg"}],"author":"helgawiegel","twitter_card":"summary_large_image","twitter_misc":{"Verfasst von":"helgawiegel","Gesch\u00e4tzte Lesezeit":"1\u00a0Minute"},"schema":{"@context":"https:\/\/schema.org","@graph":[{"@type":"Article","@id":"https:\/\/weltlaeden.de\/babenhausen\/feier-und-eis-uff-de-gass-fruehstuecksimpressionen\/#article","isPartOf":{"@id":"https:\/\/weltlaeden.de\/babenhausen\/feier-und-eis-uff-de-gass-fruehstuecksimpressionen\/"},"author":{"name":"helgawiegel","@id":"https:\/\/weltlaeden.de\/babenhausen\/#\/schema\/person\/7dd8f996d047c281a7f1c349ebfe8b4f"},"headline":"Feier und Eis.","datePublished":"2022-09-30T10:09:33+00:00","dateModified":"2022-09-30T17:10:50+00:00","mainEntityOfPage":{"@id":"https:\/\/weltlaeden.de\/babenhausen\/feier-und-eis-uff-de-gass-fruehstuecksimpressionen\/"},"wordCount":255,"image":{"@id":"https:\/\/weltlaeden.de\/babenhausen\/feier-und-eis-uff-de-gass-fruehstuecksimpressionen\/#primaryimage"},"thumbnailUrl":"https:\/\/weltlaeden.de\/babenhausen\/wp-content\/uploads\/sites\/107\/2022\/08\/20220917_100129_Burst01-787_400-news-compress.jpg","articleSection":["Neuigkeiten","Verein"],"inLanguage":"de"},{"@type":"WebPage","@id":"https:\/\/weltlaeden.de\/babenhausen\/feier-und-eis-uff-de-gass-fruehstuecksimpressionen\/","url":"https:\/\/weltlaeden.de\/babenhausen\/feier-und-eis-uff-de-gass-fruehstuecksimpressionen\/","name":"Feier und Eis. - Weltladen Babenhausen","isPartOf":{"@id":"https:\/\/weltlaeden.de\/babenhausen\/#website"},"primaryImageOfPage":{"@id":"https:\/\/weltlaeden.de\/babenhausen\/feier-und-eis-uff-de-gass-fruehstuecksimpressionen\/#primaryimage"},"image":{"@id":"https:\/\/weltlaeden.de\/babenhausen\/feier-und-eis-uff-de-gass-fruehstuecksimpressionen\/#primaryimage"},"thumbnailUrl":"https:\/\/weltlaeden.de\/babenhausen\/wp-content\/uploads\/sites\/107\/2022\/08\/20220917_100129_Burst01-787_400-news-compress.jpg","datePublished":"2022-09-30T10:09:33+00:00","dateModified":"2022-09-30T17:10:50+00:00","author":{"@id":"https:\/\/weltlaeden.de\/babenhausen\/#\/schema\/person\/7dd8f996d047c281a7f1c349ebfe8b4f"},"breadcrumb":{"@id":"https:\/\/weltlaeden.de\/babenhausen\/feier-und-eis-uff-de-gass-fruehstuecksimpressionen\/#breadcrumb"},"inLanguage":"de","potentialAction":[{"@type":"ReadAction","target":["https:\/\/weltlaeden.de\/babenhausen\/feier-und-eis-uff-de-gass-fruehstuecksimpressionen\/"]}]},{"@type":"ImageObject","inLanguage":"de","@id":"https:\/\/weltlaeden.de\/babenhausen\/feier-und-eis-uff-de-gass-fruehstuecksimpressionen\/#primaryimage","url":"https:\/\/weltlaeden.de\/babenhausen\/wp-content\/uploads\/sites\/107\/2022\/08\/20220917_100129_Burst01-787_400-news-compress.jpg","contentUrl":"https:\/\/weltlaeden.de\/babenhausen\/wp-content\/uploads\/sites\/107\/2022\/08\/20220917_100129_Burst01-787_400-news-compress.jpg","width":787,"height":400},{"@type":"BreadcrumbList","@id":"https:\/\/weltlaeden.de\/babenhausen\/feier-und-eis-uff-de-gass-fruehstuecksimpressionen\/#breadcrumb","itemListElement":[{"@type":"ListItem","position":1,"name":"Startseite","item":"https:\/\/weltlaeden.de\/babenhausen\/"},{"@type":"ListItem","position":2,"name":"Feier und Eis."}]},{"@type":"WebSite","@id":"https:\/\/weltlaeden.de\/babenhausen\/#website","url":"https:\/\/weltlaeden.de\/babenhausen\/","name":"Weltladen Babenhausen","description":"Faire Produkte seit 1990","potentialAction":[{"@type":"SearchAction","target":{"@type":"EntryPoint","urlTemplate":"https:\/\/weltlaeden.de\/babenhausen\/?s={search_term_string}"},"query-input":{"@type":"PropertyValueSpecification","valueRequired":true,"valueName":"search_term_string"}}],"inLanguage":"de"},{"@type":"Person","@id":"https:\/\/weltlaeden.de\/babenhausen\/#\/schema\/person\/7dd8f996d047c281a7f1c349ebfe8b4f","name":"helgawiegel","image":{"@type":"ImageObject","inLanguage":"de","@id":"https:\/\/weltlaeden.de\/babenhausen\/#\/schema\/person\/image\/","url":"https:\/\/secure.gravatar.com\/avatar\/1abec512ec0fb596215cb7a7e7596667?s=96&d=mm&r=g","contentUrl":"https:\/\/secure.gravatar.com\/avatar\/1abec512ec0fb596215cb7a7e7596667?s=96&d=mm&r=g","caption":"helgawiegel"},"url":"https:\/\/weltlaeden.de\/babenhausen\/author\/helgawiegel\/"}]}},"_links":{"self":[{"href":"https:\/\/weltlaeden.de\/babenhausen\/wp-json\/wp\/v2\/posts\/1246","targetHints":{"allow":["GET"]}}],"collection":[{"href":"https:\/\/weltlaeden.de\/babenhausen\/wp-json\/wp\/v2\/posts"}],"about":[{"href":"https:\/\/weltlaeden.de\/babenhausen\/wp-json\/wp\/v2\/types\/post"}],"author":[{"embeddable":true,"href":"https:\/\/weltlaeden.de\/babenhausen\/wp-json\/wp\/v2\/users\/168"}],"replies":[{"embeddable":true,"href":"https:\/\/weltlaeden.de\/babenhausen\/wp-json\/wp\/v2\/comments?post=1246"}],"version-history":[{"count":13,"href":"https:\/\/weltlaeden.de\/babenhausen\/wp-json\/wp\/v2\/posts\/1246\/revisions"}],"predecessor-version":[{"id":1268,"href":"https:\/\/weltlaeden.de\/babenhausen\/wp-json\/wp\/v2\/posts\/1246\/revisions\/1268"}],"wp:featuredmedia":[{"embeddable":true,"href":"https:\/\/weltlaeden.de\/babenhausen\/wp-json\/wp\/v2\/media\/1245"}],"wp:attachment":[{"href":"https:\/\/weltlaeden.de\/babenhausen\/wp-json\/wp\/v2\/media?parent=1246"}],"wp:term":[{"taxonomy":"category","embeddable":true,"href":"https:\/\/weltlaeden.de\/babenhausen\/wp-json\/wp\/v2\/categories?post=1246"},{"taxonomy":"post_tag","embeddable":true,"href":"https:\/\/weltlaeden.de\/babenhausen\/wp-json\/wp\/v2\/tags?post=1246"}],"curies":[{"name":"wp","href":"https:\/\/api.w.org\/{rel}","templated":true}]}}