{"id":1225,"date":"2022-08-01T13:12:04","date_gmt":"2022-08-01T11:12:04","guid":{"rendered":"https:\/\/weltlaeden.de\/babenhausen\/?p=1225"},"modified":"2022-08-02T09:29:10","modified_gmt":"2022-08-02T07:29:10","slug":"30-jahre-weltladen-babenhausen-wir-feiern","status":"publish","type":"post","link":"https:\/\/weltlaeden.de\/babenhausen\/30-jahre-weltladen-babenhausen-wir-feiern\/","title":{"rendered":"30 Jahre Weltladen Babenhausen &#8211; Wir feiern!"},"content":{"rendered":"<p>30 Jahre Weltladen Babenhausen. Das sind 30 Jahre Einsatz f\u00fcr mehr Gerechtigkeit, faire Entlohnung und bessere Arbeitsbedingungen in den benachteiligten Regionen der Welt. Mit einem heutigen Team von 40 aktiven Mitgliedern stellt man sich im Weltladen Babenhausen trotz vieler Erschwernisse dieser Mammutaufgabe und braucht daf\u00fcr Zuversicht, Ausdauer und oft auch ein dickes Fell. Denn schaut man Richtung S\u00fcden und \u00fcber europ\u00e4ische Grenzen hinweg, scheint das Engagement dort noch nicht angekommen zu sein. Erst auf den zweiten Blick erkennt man, dass der faire Handel doch etwas bewirkt hat und bewirkt: Im Weltladen findet man die Produkte kleiner l\u00e4ndlicher Kooperativen, deren Mitglieder auf verschiedene Weise davon profitieren. Sie werden fair bezahlt, erhalten soziale Zuwendungen und k\u00f6nnen im Bestfall ihr Leben selbst bestreiten und Gesundheitsvorsorge und Schulbildung f\u00fcr die Familie sichern. Das ist ein Fortschritt.<\/p>\n<p>Ins Leben gerufen wurden der Weltladen und sein Tr\u00e4gerverein im Jahr 1992. Damals noch als Untermieter des Naturkostladens von Frank-Ludwig Diehl begann das kleine Initiatorenteam die Reise in die ferne Welt der Kakao- und Obstplantagen, Teeg\u00e4rten, Textilfabriken und Handwerkskunst und in die der sozialen Ungerechtigkeiten und Missst\u00e4nde. Heute hat sich der Weltladen als fester Bestandteil der Babenh\u00e4user Gesch\u00e4ftswelt in der Schlossgasse 2 etabliert, mit Schaufenster direkt zur Bummelgasse und nicht mehr wegzudenken mit seinem vielf\u00e4ltigen Angebot aus fairem Handel.<\/p>\n<p>Der Verkauf dieser Produkte nimmt einen gro\u00dfen Teil der t\u00e4glichen Arbeit in unserem Weltladen ein. Alle Mitarbeiter:innen des Weltladens Babenhausen sind ehrenamtlich t\u00e4tig, unabh\u00e4ngig davon, in welchem Bereich sie sich engagieren. Jeder bringt sich mit seinen F\u00e4higkeiten und Interessen ein \u2013 ob Ladendienst, Buchhaltung und Finanzen, Einkauf, Verwaltung, \u00d6ffentlichkeits- und Projektarbeit. Hinzu kommt die Organisation der verschiedenen \u00f6ffentlichen und internen Veranstaltungen, die der Verein \u00fcber das Jahr verteilt durchf\u00fchrt. Eine Herzensangelegenheit ist f\u00fcr uns die Unterst\u00fctzung des CSRA (Consejo de Salud Rural Andino) in Bolivien, einer gemeinn\u00fctzigen Organisation, die sich um die arme indigene Bev\u00f6lkerung k\u00fcmmert. Der Kontakt besteht seit der Vereinsgr\u00fcndung, auch auf pers\u00f6nlicher Ebene. Bereits zweimal reisten Delegierte des Weltladens Babenhausen nach Bolivien, um die Arbeit vor Ort kennenzulernen und zu begleiten. Neben vielen sozialen Unterst\u00fctzungsprojekten unterh\u00e4lt der CSRA in La Paz und Montero zwei Hospit\u00e4ler f\u00fcr Gesundheitsvorsorge und medizinische Versorgung. Der CSRA wird auch in finanzieller Hinsicht unterst\u00fctzt. Zum einen durch eine feste j\u00e4hrliche Spende seitens des Vereins, zum anderen \u00fcber ein eigens eingerichtetes Spendenkonto Bolivienhilfe.<\/p>\n<p>Zur Tradition geworden in Babenhausen ist das beliebte \u201eFr\u00fchst\u00fcck uff de Gass\u201c mit Kostproben von \u201efairen\u201c Gerichten aus aller Welt. Es wird vom Weltladen begleitend zur bundesweiten \u201eFairen Woche\u201c organisiert, die sich trotz ihres irritierenden Singulars \u00fcber zwei Wochen erstreckt, in diesem Jahr vom 16. bis zum 30. September. Anl\u00e4sslich des runden Geburtstags werden wir zur Fairen Woche 2022 gleich drei Angebote machen:<\/p>\n<p>&#8211; Am 17. September von 10 bis 12 Uhr sind alle Babenh\u00e4user:innen zum Fr\u00fchst\u00fcck uff de Gass eingeladen, wie gewohnt in der Bummelgasse direkt vor dem Weltladen. Dort wartet in diesem Jahr nicht nur das Fr\u00fchst\u00fcck auf die Besucherinnen und Besucher. Aus direkter Nachbarschaft rollt eine Theke an mit Eis aus fairen Zutaten, extra f\u00fcr uns hergestellt vom Eiscaf\u00e9 Galileo.<\/p>\n<p>&#8211; Thematisch zum diesj\u00e4hrigen Motto der Fairen Woche \u201eFair steht dir\u201c passend, laden wir am 22.9.22 um 19 Uhr dann zu einer \u00f6ffentlichen Filmvorf\u00fchrung mit Snacks und Getr\u00e4nken in die Stadtm\u00fchle ein. \u201eThe True Cost \u2013 Der Preis der Mode\u201c zeigt eindr\u00fccklich die Arbeitssituation in den Textilfabriken des globalen S\u00fcdens und beleuchtet mit Blick auf die kontrastierende glamour\u00f6se Modewelt Zusammenh\u00e4nge und Abh\u00e4ngigkeiten. Ein besonderer Film, an dem unter anderem die Designerin Stella McCartney mitgewirkt hat und der sicher zu Gedanken und auch Gespr\u00e4chen anregen wird. Auch f\u00fcr diese soll der Abend Zeit bieten.<\/p>\n<p>&#8211; Raum f\u00fcr Nostalgie bietet die Geburtstagsaktion \u201eMein Lieblingsst\u00fcck aus 30 Jahren Weltladen\u201c. Ab dem 7. September werden in unserem Schaufenster liebgewordene Dinge aus drei Jahrzehnten zu sehen sein, die unsere Kund:innen und Mitarbeiter:innen f\u00fcr diesen Zweck zur Verf\u00fcgung gestellt haben. Wir hoffen auf rege Teilnahme. Vom 1. August bis zum 2. September k\u00f6nnen hierzu \u00a0die Lieblingsst\u00fccke im Weltladen abgegeben werden. Dort liegt auch ein Formular bereit, in das alle Details eingetragen werden k\u00f6nnen. Es bietet sogar Platz f\u00fcr eine kleine Geschichte zum Produkt, die wir dann zusammen mit dem Lieblingsst\u00fcck im Schaufenster pr\u00e4sentieren w\u00fcrden. Wir freuen uns schon heute auf eine bunte Schaufensterschau durch 30 Jahre Weltladen.<\/p>\n<p>Ein kleines Dankesch\u00f6n f\u00fcr die Treue und Unterst\u00fctzung in drei Jahrzehnten, das vielleicht zu einem weiteren Lieblingsst\u00fcck werden kann, gibt es f\u00fcr alle Kunden und Kundinnen im Jubil\u00e4umsmonat November. Und wer mit Punsch mit uns auf das Ereignis ansto\u00dfen m\u00f6chte, ist am 03.11. zur Nacht der Lichter herzlich eingeladen.<\/p>\n<p>Eine \u00dcbersicht \u00fcber unsere Jubil\u00e4umsveranstaltungen haben wir am Ende dieses Beitrags noch einmal zusammengefasst. Hierzu laden wir herzlich ein. Auch freuen wir uns jederzeit \u00fcber weitere Mitstreiter und Mitstreiterinnen f\u00fcr den gerechten Handel. Diesem ist \u00fcbrigens noch etwas Wichtiges zu verdanken: Er hat in der breiten Bev\u00f6lkerung ein Bewusstsein geschaffen f\u00fcr die sozialen Schieflagen und aufgezeigt, dass jeder Einzelne einen kleinen Teil beitragen kann, wo Politik und der konventionelle Welthandel noch immer versagen.<\/p>\n<p><strong>Veranstaltungskalender \u201e30 Jahre Weltladen Babenhausen\u201c:<\/strong><\/p>\n<p><em><strong>17.09.2022 \u2013 10 bis 12 Uhr<\/strong><\/em><br \/>\nFr\u00fchst\u00fcck uff de Gass \u2013 direkt vor dem Weltladen, Schlossgasse 2\/Ecke Fahrstra\u00dfe<br \/>\n<em><strong>22.09.2022 \u2013 19 Uhr<\/strong><\/em><br \/>\nFilmvorf\u00fchrung \u201eThe True Cost \u2013 Der Preis der Mode\u201c mit Snacks und Getr\u00e4nken \u2013 Stadtm\u00fchle Babenhausen<br \/>\n<em><strong>01.08. \u2013 02.09.22<\/strong><\/em><br \/>\nEntgegennahme der \u201eLieblingsst\u00fccke\u201c im Weltladen, Schlossgasse 2\/Ecke Fahrstra\u00dfe<br \/>\n<em><strong>Ab 07.09.2022<\/strong><\/em><br \/>\nAusstellung \u201eMein Lieblingsprodukt aus 30 Jahren Weltladen\u201c \u2013 Schaufenster Weltladen, Schlossgasse 2\/Ecke Fahrstra\u00dfe<br \/>\n<em><strong>03.11.2022 \u2013 18 bis 22 Uhr\u00a0<\/strong><\/em><br \/>\nNacht der Lichter \u2013 direkt vor dem Weltladen, Schlossgasse 2\/Ecke Fahrstra\u00dfe<\/p>\n<p>&nbsp;<\/p>\n<p>&nbsp;<\/p>\n<p><img loading=\"lazy\" decoding=\"async\" class=\"size-full wp-image-1236 aligncenter\" src=\"https:\/\/weltlaeden.de\/babenhausen\/wp-content\/uploads\/sites\/107\/2022\/08\/WL-Logo-sw4-72.jpg\" alt=\"\" width=\"237\" height=\"228\" \/><\/p>\n<p style=\"text-align: center\">Nostalgisch: Unser erstes Logo aus 1992,<br \/>\nentworfen von den Jugendlichen des Gr\u00fcnderteams.<\/p>\n<p style=\"text-align: center\">Unser Titelbild oben zeigt links unser Domizil in der Fahrstra\u00dfe 28,<br \/>\nin das wir 1998 umgezogen sind. Rechts daneben der heutige Sitz unseres<br \/>\nWeltladens in der Schlossgasse 2.<\/p>\n<p>&nbsp;<\/p>\n<p>&nbsp;<\/p>\n","protected":false},"excerpt":{"rendered":"<p>30 Jahre Weltladen Babenhausen. Das sind 30 Jahre Einsatz f\u00fcr mehr Gerechtigkeit, faire Entlohnung und bessere Arbeitsbedingungen in den benachteiligten Regionen der Welt. Mit einem heutigen Team von 40 aktiven Mitgliedern stellt man sich im Weltladen Babenhausen trotz vieler Erschwernisse dieser Mammutaufgabe und braucht daf\u00fcr Zuversicht, Ausdauer und oft auch ein dickes Fell. Denn schaut&hellip;<\/p>\n","protected":false},"author":168,"featured_media":1234,"comment_status":"closed","ping_status":"closed","sticky":false,"template":"","format":"standard","meta":{"footnotes":""},"categories":[8,12],"tags":[],"class_list":["post-1225","post","type-post","status-publish","format-standard","has-post-thumbnail","hentry","category-neues","category-verein","category-8","category-12","description-off"],"yoast_head":"<!-- This site is optimized with the Yoast SEO plugin v26.8 - https:\/\/yoast.com\/product\/yoast-seo-wordpress\/ -->\n<title>30 Jahre Weltladen Babenhausen - Wir feiern! - Weltladen Babenhausen<\/title>\n<meta name=\"robots\" content=\"index, follow, max-snippet:-1, max-image-preview:large, max-video-preview:-1\" \/>\n<link rel=\"canonical\" href=\"https:\/\/weltlaeden.de\/babenhausen\/30-jahre-weltladen-babenhausen-wir-feiern\/\" \/>\n<meta property=\"og:locale\" content=\"de_DE\" \/>\n<meta property=\"og:type\" content=\"article\" \/>\n<meta property=\"og:title\" content=\"30 Jahre Weltladen Babenhausen - Wir feiern! - Weltladen Babenhausen\" \/>\n<meta property=\"og:description\" content=\"30 Jahre Weltladen Babenhausen. Das sind 30 Jahre Einsatz f\u00fcr mehr Gerechtigkeit, faire Entlohnung und bessere Arbeitsbedingungen in den benachteiligten Regionen der Welt. Mit einem heutigen Team von 40 aktiven Mitgliedern stellt man sich im Weltladen Babenhausen trotz vieler Erschwernisse dieser Mammutaufgabe und braucht daf\u00fcr Zuversicht, Ausdauer und oft auch ein dickes Fell. Denn schaut&hellip;\" \/>\n<meta property=\"og:url\" content=\"https:\/\/weltlaeden.de\/babenhausen\/30-jahre-weltladen-babenhausen-wir-feiern\/\" \/>\n<meta property=\"og:site_name\" content=\"Weltladen Babenhausen\" \/>\n<meta property=\"article:published_time\" content=\"2022-08-01T11:12:04+00:00\" \/>\n<meta property=\"article:modified_time\" content=\"2022-08-02T07:29:10+00:00\" \/>\n<meta property=\"og:image\" content=\"https:\/\/weltlaeden.de\/babenhausen\/wp-content\/uploads\/sites\/107\/2022\/08\/Weltladen-Newsmotiv-30-Jahre_2neu.jpg\" \/>\n\t<meta property=\"og:image:width\" content=\"787\" \/>\n\t<meta property=\"og:image:height\" content=\"400\" \/>\n\t<meta property=\"og:image:type\" content=\"image\/jpeg\" \/>\n<meta name=\"author\" content=\"helgawiegel\" \/>\n<meta name=\"twitter:card\" content=\"summary_large_image\" \/>\n<meta name=\"twitter:label1\" content=\"Verfasst von\" \/>\n\t<meta name=\"twitter:data1\" content=\"helgawiegel\" \/>\n\t<meta name=\"twitter:label2\" content=\"Gesch\u00e4tzte Lesezeit\" \/>\n\t<meta name=\"twitter:data2\" content=\"5\u00a0Minuten\" \/>\n<script type=\"application\/ld+json\" class=\"yoast-schema-graph\">{\"@context\":\"https:\/\/schema.org\",\"@graph\":[{\"@type\":\"Article\",\"@id\":\"https:\/\/weltlaeden.de\/babenhausen\/30-jahre-weltladen-babenhausen-wir-feiern\/#article\",\"isPartOf\":{\"@id\":\"https:\/\/weltlaeden.de\/babenhausen\/30-jahre-weltladen-babenhausen-wir-feiern\/\"},\"author\":{\"name\":\"helgawiegel\",\"@id\":\"https:\/\/weltlaeden.de\/babenhausen\/#\/schema\/person\/7dd8f996d047c281a7f1c349ebfe8b4f\"},\"headline\":\"30 Jahre Weltladen Babenhausen &#8211; Wir feiern!\",\"datePublished\":\"2022-08-01T11:12:04+00:00\",\"dateModified\":\"2022-08-02T07:29:10+00:00\",\"mainEntityOfPage\":{\"@id\":\"https:\/\/weltlaeden.de\/babenhausen\/30-jahre-weltladen-babenhausen-wir-feiern\/\"},\"wordCount\":1006,\"image\":{\"@id\":\"https:\/\/weltlaeden.de\/babenhausen\/30-jahre-weltladen-babenhausen-wir-feiern\/#primaryimage\"},\"thumbnailUrl\":\"https:\/\/weltlaeden.de\/babenhausen\/wp-content\/uploads\/sites\/107\/2022\/08\/Weltladen-Newsmotiv-30-Jahre_2neu.jpg\",\"articleSection\":[\"Neuigkeiten\",\"Verein\"],\"inLanguage\":\"de\"},{\"@type\":\"WebPage\",\"@id\":\"https:\/\/weltlaeden.de\/babenhausen\/30-jahre-weltladen-babenhausen-wir-feiern\/\",\"url\":\"https:\/\/weltlaeden.de\/babenhausen\/30-jahre-weltladen-babenhausen-wir-feiern\/\",\"name\":\"30 Jahre Weltladen Babenhausen - Wir feiern! - Weltladen Babenhausen\",\"isPartOf\":{\"@id\":\"https:\/\/weltlaeden.de\/babenhausen\/#website\"},\"primaryImageOfPage\":{\"@id\":\"https:\/\/weltlaeden.de\/babenhausen\/30-jahre-weltladen-babenhausen-wir-feiern\/#primaryimage\"},\"image\":{\"@id\":\"https:\/\/weltlaeden.de\/babenhausen\/30-jahre-weltladen-babenhausen-wir-feiern\/#primaryimage\"},\"thumbnailUrl\":\"https:\/\/weltlaeden.de\/babenhausen\/wp-content\/uploads\/sites\/107\/2022\/08\/Weltladen-Newsmotiv-30-Jahre_2neu.jpg\",\"datePublished\":\"2022-08-01T11:12:04+00:00\",\"dateModified\":\"2022-08-02T07:29:10+00:00\",\"author\":{\"@id\":\"https:\/\/weltlaeden.de\/babenhausen\/#\/schema\/person\/7dd8f996d047c281a7f1c349ebfe8b4f\"},\"breadcrumb\":{\"@id\":\"https:\/\/weltlaeden.de\/babenhausen\/30-jahre-weltladen-babenhausen-wir-feiern\/#breadcrumb\"},\"inLanguage\":\"de\",\"potentialAction\":[{\"@type\":\"ReadAction\",\"target\":[\"https:\/\/weltlaeden.de\/babenhausen\/30-jahre-weltladen-babenhausen-wir-feiern\/\"]}]},{\"@type\":\"ImageObject\",\"inLanguage\":\"de\",\"@id\":\"https:\/\/weltlaeden.de\/babenhausen\/30-jahre-weltladen-babenhausen-wir-feiern\/#primaryimage\",\"url\":\"https:\/\/weltlaeden.de\/babenhausen\/wp-content\/uploads\/sites\/107\/2022\/08\/Weltladen-Newsmotiv-30-Jahre_2neu.jpg\",\"contentUrl\":\"https:\/\/weltlaeden.de\/babenhausen\/wp-content\/uploads\/sites\/107\/2022\/08\/Weltladen-Newsmotiv-30-Jahre_2neu.jpg\",\"width\":787,\"height\":400},{\"@type\":\"BreadcrumbList\",\"@id\":\"https:\/\/weltlaeden.de\/babenhausen\/30-jahre-weltladen-babenhausen-wir-feiern\/#breadcrumb\",\"itemListElement\":[{\"@type\":\"ListItem\",\"position\":1,\"name\":\"Startseite\",\"item\":\"https:\/\/weltlaeden.de\/babenhausen\/\"},{\"@type\":\"ListItem\",\"position\":2,\"name\":\"30 Jahre Weltladen Babenhausen &#8211; Wir feiern!\"}]},{\"@type\":\"WebSite\",\"@id\":\"https:\/\/weltlaeden.de\/babenhausen\/#website\",\"url\":\"https:\/\/weltlaeden.de\/babenhausen\/\",\"name\":\"Weltladen Babenhausen\",\"description\":\"Faire Produkte seit 1990\",\"potentialAction\":[{\"@type\":\"SearchAction\",\"target\":{\"@type\":\"EntryPoint\",\"urlTemplate\":\"https:\/\/weltlaeden.de\/babenhausen\/?s={search_term_string}\"},\"query-input\":{\"@type\":\"PropertyValueSpecification\",\"valueRequired\":true,\"valueName\":\"search_term_string\"}}],\"inLanguage\":\"de\"},{\"@type\":\"Person\",\"@id\":\"https:\/\/weltlaeden.de\/babenhausen\/#\/schema\/person\/7dd8f996d047c281a7f1c349ebfe8b4f\",\"name\":\"helgawiegel\",\"image\":{\"@type\":\"ImageObject\",\"inLanguage\":\"de\",\"@id\":\"https:\/\/weltlaeden.de\/babenhausen\/#\/schema\/person\/image\/\",\"url\":\"https:\/\/secure.gravatar.com\/avatar\/1abec512ec0fb596215cb7a7e7596667?s=96&d=mm&r=g\",\"contentUrl\":\"https:\/\/secure.gravatar.com\/avatar\/1abec512ec0fb596215cb7a7e7596667?s=96&d=mm&r=g\",\"caption\":\"helgawiegel\"},\"url\":\"https:\/\/weltlaeden.de\/babenhausen\/author\/helgawiegel\/\"}]}<\/script>\n<!-- \/ Yoast SEO plugin. -->","yoast_head_json":{"title":"30 Jahre Weltladen Babenhausen - Wir feiern! - Weltladen Babenhausen","robots":{"index":"index","follow":"follow","max-snippet":"max-snippet:-1","max-image-preview":"max-image-preview:large","max-video-preview":"max-video-preview:-1"},"canonical":"https:\/\/weltlaeden.de\/babenhausen\/30-jahre-weltladen-babenhausen-wir-feiern\/","og_locale":"de_DE","og_type":"article","og_title":"30 Jahre Weltladen Babenhausen - Wir feiern! - Weltladen Babenhausen","og_description":"30 Jahre Weltladen Babenhausen. Das sind 30 Jahre Einsatz f\u00fcr mehr Gerechtigkeit, faire Entlohnung und bessere Arbeitsbedingungen in den benachteiligten Regionen der Welt. Mit einem heutigen Team von 40 aktiven Mitgliedern stellt man sich im Weltladen Babenhausen trotz vieler Erschwernisse dieser Mammutaufgabe und braucht daf\u00fcr Zuversicht, Ausdauer und oft auch ein dickes Fell. Denn schaut&hellip;","og_url":"https:\/\/weltlaeden.de\/babenhausen\/30-jahre-weltladen-babenhausen-wir-feiern\/","og_site_name":"Weltladen Babenhausen","article_published_time":"2022-08-01T11:12:04+00:00","article_modified_time":"2022-08-02T07:29:10+00:00","og_image":[{"width":787,"height":400,"url":"https:\/\/weltlaeden.de\/babenhausen\/wp-content\/uploads\/sites\/107\/2022\/08\/Weltladen-Newsmotiv-30-Jahre_2neu.jpg","type":"image\/jpeg"}],"author":"helgawiegel","twitter_card":"summary_large_image","twitter_misc":{"Verfasst von":"helgawiegel","Gesch\u00e4tzte Lesezeit":"5\u00a0Minuten"},"schema":{"@context":"https:\/\/schema.org","@graph":[{"@type":"Article","@id":"https:\/\/weltlaeden.de\/babenhausen\/30-jahre-weltladen-babenhausen-wir-feiern\/#article","isPartOf":{"@id":"https:\/\/weltlaeden.de\/babenhausen\/30-jahre-weltladen-babenhausen-wir-feiern\/"},"author":{"name":"helgawiegel","@id":"https:\/\/weltlaeden.de\/babenhausen\/#\/schema\/person\/7dd8f996d047c281a7f1c349ebfe8b4f"},"headline":"30 Jahre Weltladen Babenhausen &#8211; Wir feiern!","datePublished":"2022-08-01T11:12:04+00:00","dateModified":"2022-08-02T07:29:10+00:00","mainEntityOfPage":{"@id":"https:\/\/weltlaeden.de\/babenhausen\/30-jahre-weltladen-babenhausen-wir-feiern\/"},"wordCount":1006,"image":{"@id":"https:\/\/weltlaeden.de\/babenhausen\/30-jahre-weltladen-babenhausen-wir-feiern\/#primaryimage"},"thumbnailUrl":"https:\/\/weltlaeden.de\/babenhausen\/wp-content\/uploads\/sites\/107\/2022\/08\/Weltladen-Newsmotiv-30-Jahre_2neu.jpg","articleSection":["Neuigkeiten","Verein"],"inLanguage":"de"},{"@type":"WebPage","@id":"https:\/\/weltlaeden.de\/babenhausen\/30-jahre-weltladen-babenhausen-wir-feiern\/","url":"https:\/\/weltlaeden.de\/babenhausen\/30-jahre-weltladen-babenhausen-wir-feiern\/","name":"30 Jahre Weltladen Babenhausen - Wir feiern! - Weltladen Babenhausen","isPartOf":{"@id":"https:\/\/weltlaeden.de\/babenhausen\/#website"},"primaryImageOfPage":{"@id":"https:\/\/weltlaeden.de\/babenhausen\/30-jahre-weltladen-babenhausen-wir-feiern\/#primaryimage"},"image":{"@id":"https:\/\/weltlaeden.de\/babenhausen\/30-jahre-weltladen-babenhausen-wir-feiern\/#primaryimage"},"thumbnailUrl":"https:\/\/weltlaeden.de\/babenhausen\/wp-content\/uploads\/sites\/107\/2022\/08\/Weltladen-Newsmotiv-30-Jahre_2neu.jpg","datePublished":"2022-08-01T11:12:04+00:00","dateModified":"2022-08-02T07:29:10+00:00","author":{"@id":"https:\/\/weltlaeden.de\/babenhausen\/#\/schema\/person\/7dd8f996d047c281a7f1c349ebfe8b4f"},"breadcrumb":{"@id":"https:\/\/weltlaeden.de\/babenhausen\/30-jahre-weltladen-babenhausen-wir-feiern\/#breadcrumb"},"inLanguage":"de","potentialAction":[{"@type":"ReadAction","target":["https:\/\/weltlaeden.de\/babenhausen\/30-jahre-weltladen-babenhausen-wir-feiern\/"]}]},{"@type":"ImageObject","inLanguage":"de","@id":"https:\/\/weltlaeden.de\/babenhausen\/30-jahre-weltladen-babenhausen-wir-feiern\/#primaryimage","url":"https:\/\/weltlaeden.de\/babenhausen\/wp-content\/uploads\/sites\/107\/2022\/08\/Weltladen-Newsmotiv-30-Jahre_2neu.jpg","contentUrl":"https:\/\/weltlaeden.de\/babenhausen\/wp-content\/uploads\/sites\/107\/2022\/08\/Weltladen-Newsmotiv-30-Jahre_2neu.jpg","width":787,"height":400},{"@type":"BreadcrumbList","@id":"https:\/\/weltlaeden.de\/babenhausen\/30-jahre-weltladen-babenhausen-wir-feiern\/#breadcrumb","itemListElement":[{"@type":"ListItem","position":1,"name":"Startseite","item":"https:\/\/weltlaeden.de\/babenhausen\/"},{"@type":"ListItem","position":2,"name":"30 Jahre Weltladen Babenhausen &#8211; Wir feiern!"}]},{"@type":"WebSite","@id":"https:\/\/weltlaeden.de\/babenhausen\/#website","url":"https:\/\/weltlaeden.de\/babenhausen\/","name":"Weltladen Babenhausen","description":"Faire Produkte seit 1990","potentialAction":[{"@type":"SearchAction","target":{"@type":"EntryPoint","urlTemplate":"https:\/\/weltlaeden.de\/babenhausen\/?s={search_term_string}"},"query-input":{"@type":"PropertyValueSpecification","valueRequired":true,"valueName":"search_term_string"}}],"inLanguage":"de"},{"@type":"Person","@id":"https:\/\/weltlaeden.de\/babenhausen\/#\/schema\/person\/7dd8f996d047c281a7f1c349ebfe8b4f","name":"helgawiegel","image":{"@type":"ImageObject","inLanguage":"de","@id":"https:\/\/weltlaeden.de\/babenhausen\/#\/schema\/person\/image\/","url":"https:\/\/secure.gravatar.com\/avatar\/1abec512ec0fb596215cb7a7e7596667?s=96&d=mm&r=g","contentUrl":"https:\/\/secure.gravatar.com\/avatar\/1abec512ec0fb596215cb7a7e7596667?s=96&d=mm&r=g","caption":"helgawiegel"},"url":"https:\/\/weltlaeden.de\/babenhausen\/author\/helgawiegel\/"}]}},"_links":{"self":[{"href":"https:\/\/weltlaeden.de\/babenhausen\/wp-json\/wp\/v2\/posts\/1225","targetHints":{"allow":["GET"]}}],"collection":[{"href":"https:\/\/weltlaeden.de\/babenhausen\/wp-json\/wp\/v2\/posts"}],"about":[{"href":"https:\/\/weltlaeden.de\/babenhausen\/wp-json\/wp\/v2\/types\/post"}],"author":[{"embeddable":true,"href":"https:\/\/weltlaeden.de\/babenhausen\/wp-json\/wp\/v2\/users\/168"}],"replies":[{"embeddable":true,"href":"https:\/\/weltlaeden.de\/babenhausen\/wp-json\/wp\/v2\/comments?post=1225"}],"version-history":[{"count":12,"href":"https:\/\/weltlaeden.de\/babenhausen\/wp-json\/wp\/v2\/posts\/1225\/revisions"}],"predecessor-version":[{"id":1243,"href":"https:\/\/weltlaeden.de\/babenhausen\/wp-json\/wp\/v2\/posts\/1225\/revisions\/1243"}],"wp:featuredmedia":[{"embeddable":true,"href":"https:\/\/weltlaeden.de\/babenhausen\/wp-json\/wp\/v2\/media\/1234"}],"wp:attachment":[{"href":"https:\/\/weltlaeden.de\/babenhausen\/wp-json\/wp\/v2\/media?parent=1225"}],"wp:term":[{"taxonomy":"category","embeddable":true,"href":"https:\/\/weltlaeden.de\/babenhausen\/wp-json\/wp\/v2\/categories?post=1225"},{"taxonomy":"post_tag","embeddable":true,"href":"https:\/\/weltlaeden.de\/babenhausen\/wp-json\/wp\/v2\/tags?post=1225"}],"curies":[{"name":"wp","href":"https:\/\/api.w.org\/{rel}","templated":true}]}}