{"id":1204,"date":"2022-05-03T09:41:14","date_gmt":"2022-05-03T07:41:14","guid":{"rendered":"https:\/\/weltlaeden.de\/babenhausen\/?p=1204"},"modified":"2022-05-03T09:42:22","modified_gmt":"2022-05-03T07:42:22","slug":"jahreshauptversammlung-vorstand-erweitert-name-gekuerzt","status":"publish","type":"post","link":"https:\/\/weltlaeden.de\/babenhausen\/jahreshauptversammlung-vorstand-erweitert-name-gekuerzt\/","title":{"rendered":"Jahreshauptversammlung: Vorstand erweitert &#8211; Name gek\u00fcrzt."},"content":{"rendered":"<p>\u201eEine Welt Verein Babenhausen e.V.\u201c \u2013 so soll der Tr\u00e4gerverein des Weltladens Babenhausen laut Beschluss der Mitgliederversammlung in Zukunft hei\u00dfen und den bislang etwas sperrigen Vereinsnamen \u201eVerein zur F\u00f6rderung des Verst\u00e4ndnisses der Einen Welt e. V.\u201c ersetzen. Anlass zu dieser Umbenennung bot die auf unserer Jahreshauptversammlung am 27.4.22 einstimmig beschlossene Satzungs\u00e4nderung, die wegen der gew\u00fcnschten Vorstandserweiterung erforderlich geworden war. Die neue Satzung sieht nunmehr zwei bis f\u00fcnf Vorstandsmitglieder plus Beisitzer:innen vor und macht es damit m\u00f6glich, die vielschichtigen, aufw\u00e4ndigen Vorstandsarbeiten auf mehrere Schultern zu verteilen.<\/p>\n<p>Nach Entlastung des alten Vorstands und einem besonderen Dank an unsere scheidende Vorsitzende Ruth Selzer-Breuninger wurden am 27.4.22 zu neuen Vorstandsmitgliedern gew\u00e4hlt: Marga Jonas (Vorstand), Alice Sauer(Beisitzerin), Kornelia Kerber-Hock (Vorstand), Ulrike Blees (Vorstand), Gaby Reckenbeil (Vorstand) und Beate Klotz-Reichel (Beisitzerin). Als Kassenpr\u00fcferinnen fungieren Hanne Marschall und Rosi Stadtm\u00fcller. Die Zusammensetzung des neuen Vorstands aus Mitgliedern mit langj\u00e4hriger Vorstandserfahrung und neu hinzugekommenen Mitstreiterinnen unterst\u00fctzt aus Sicht des Vereins die lebendige Vereinskultur und eine vielseitige, effektive Projektarbeit.<\/p>\n<p>Ein wichtiges Projekt in eigener Sache stand dann auch bereits auf der Tagesordnung der Jahreshauptversammlung: Der drei\u00dfigste Geburtstag, den der Verein und mit ihm unser Weltladen Babenhausen in diesem Jahr feiern. Ein Rahmenplan mit einem abwechslungsreichen Veranstaltungsprogramm ist bereits fertig. Dieser wird nun in den kommenden Wochen konkretisiert und ausgearbeitet, darunter eine \u00f6ffentliche Ausstellung zu den Werten des fairen Handels. Hierzu wird der Weltladen zu gegebener Zeit einladen.<\/p>\n<p>Bild oben v.l.n.r.: Marga Jonas (Vorstand), Alice Sauer (Beisitzerin), Kornelia Kerber-Hock (Vorstand),<br \/>\nUlrike Blees (Vorstand), Ruth Selzer Breuninger (scheidende Vorsitzende), Gaby Reckenbeil (Vorstand),<br \/>\nBeate Klotz-Reichel (Beisitzerin)<\/p>\n","protected":false},"excerpt":{"rendered":"<p>\u201eEine Welt Verein Babenhausen e.V.\u201c \u2013 so soll der Tr\u00e4gerverein des Weltladens Babenhausen laut Beschluss der Mitgliederversammlung in Zukunft hei\u00dfen und den bislang etwas sperrigen Vereinsnamen \u201eVerein zur F\u00f6rderung des Verst\u00e4ndnisses der Einen Welt e. V.\u201c ersetzen. Anlass zu dieser Umbenennung bot die auf unserer Jahreshauptversammlung am 27.4.22 einstimmig beschlossene Satzungs\u00e4nderung, die wegen der gew\u00fcnschten&hellip;<\/p>\n","protected":false},"author":168,"featured_media":1205,"comment_status":"closed","ping_status":"closed","sticky":false,"template":"","format":"standard","meta":{"footnotes":""},"categories":[8,12],"tags":[],"class_list":["post-1204","post","type-post","status-publish","format-standard","has-post-thumbnail","hentry","category-neues","category-verein","category-8","category-12","description-off"],"yoast_head":"<!-- This site is optimized with the Yoast SEO plugin v26.8 - https:\/\/yoast.com\/product\/yoast-seo-wordpress\/ -->\n<title>Jahreshauptversammlung: Vorstand erweitert - Name gek\u00fcrzt. - Weltladen Babenhausen<\/title>\n<meta name=\"robots\" content=\"index, follow, max-snippet:-1, max-image-preview:large, max-video-preview:-1\" \/>\n<link rel=\"canonical\" href=\"https:\/\/weltlaeden.de\/babenhausen\/jahreshauptversammlung-vorstand-erweitert-name-gekuerzt\/\" \/>\n<meta property=\"og:locale\" content=\"de_DE\" \/>\n<meta property=\"og:type\" content=\"article\" \/>\n<meta property=\"og:title\" content=\"Jahreshauptversammlung: Vorstand erweitert - Name gek\u00fcrzt. - Weltladen Babenhausen\" \/>\n<meta property=\"og:description\" content=\"\u201eEine Welt Verein Babenhausen e.V.\u201c \u2013 so soll der Tr\u00e4gerverein des Weltladens Babenhausen laut Beschluss der Mitgliederversammlung in Zukunft hei\u00dfen und den bislang etwas sperrigen Vereinsnamen \u201eVerein zur F\u00f6rderung des Verst\u00e4ndnisses der Einen Welt e. V.\u201c ersetzen. Anlass zu dieser Umbenennung bot die auf unserer Jahreshauptversammlung am 27.4.22 einstimmig beschlossene Satzungs\u00e4nderung, die wegen der gew\u00fcnschten&hellip;\" \/>\n<meta property=\"og:url\" content=\"https:\/\/weltlaeden.de\/babenhausen\/jahreshauptversammlung-vorstand-erweitert-name-gekuerzt\/\" \/>\n<meta property=\"og:site_name\" content=\"Weltladen Babenhausen\" \/>\n<meta property=\"article:published_time\" content=\"2022-05-03T07:41:14+00:00\" \/>\n<meta property=\"article:modified_time\" content=\"2022-05-03T07:42:22+00:00\" \/>\n<meta property=\"og:image\" content=\"https:\/\/weltlaeden.de\/babenhausen\/wp-content\/uploads\/sites\/107\/2022\/05\/Weltladen-Vorstand-neu-2022_787_400.jpg\" \/>\n\t<meta property=\"og:image:width\" content=\"787\" \/>\n\t<meta property=\"og:image:height\" content=\"400\" \/>\n\t<meta property=\"og:image:type\" content=\"image\/jpeg\" \/>\n<meta name=\"author\" content=\"helgawiegel\" \/>\n<meta name=\"twitter:card\" content=\"summary_large_image\" \/>\n<meta name=\"twitter:label1\" content=\"Verfasst von\" \/>\n\t<meta name=\"twitter:data1\" content=\"helgawiegel\" \/>\n\t<meta name=\"twitter:label2\" content=\"Gesch\u00e4tzte Lesezeit\" \/>\n\t<meta name=\"twitter:data2\" content=\"1\u00a0Minute\" \/>\n<script type=\"application\/ld+json\" class=\"yoast-schema-graph\">{\"@context\":\"https:\/\/schema.org\",\"@graph\":[{\"@type\":\"Article\",\"@id\":\"https:\/\/weltlaeden.de\/babenhausen\/jahreshauptversammlung-vorstand-erweitert-name-gekuerzt\/#article\",\"isPartOf\":{\"@id\":\"https:\/\/weltlaeden.de\/babenhausen\/jahreshauptversammlung-vorstand-erweitert-name-gekuerzt\/\"},\"author\":{\"name\":\"helgawiegel\",\"@id\":\"https:\/\/weltlaeden.de\/babenhausen\/#\/schema\/person\/7dd8f996d047c281a7f1c349ebfe8b4f\"},\"headline\":\"Jahreshauptversammlung: Vorstand erweitert &#8211; Name gek\u00fcrzt.\",\"datePublished\":\"2022-05-03T07:41:14+00:00\",\"dateModified\":\"2022-05-03T07:42:22+00:00\",\"mainEntityOfPage\":{\"@id\":\"https:\/\/weltlaeden.de\/babenhausen\/jahreshauptversammlung-vorstand-erweitert-name-gekuerzt\/\"},\"wordCount\":279,\"image\":{\"@id\":\"https:\/\/weltlaeden.de\/babenhausen\/jahreshauptversammlung-vorstand-erweitert-name-gekuerzt\/#primaryimage\"},\"thumbnailUrl\":\"https:\/\/weltlaeden.de\/babenhausen\/wp-content\/uploads\/sites\/107\/2022\/05\/Weltladen-Vorstand-neu-2022_787_400.jpg\",\"articleSection\":[\"Neuigkeiten\",\"Verein\"],\"inLanguage\":\"de\"},{\"@type\":\"WebPage\",\"@id\":\"https:\/\/weltlaeden.de\/babenhausen\/jahreshauptversammlung-vorstand-erweitert-name-gekuerzt\/\",\"url\":\"https:\/\/weltlaeden.de\/babenhausen\/jahreshauptversammlung-vorstand-erweitert-name-gekuerzt\/\",\"name\":\"Jahreshauptversammlung: Vorstand erweitert - Name gek\u00fcrzt. - Weltladen Babenhausen\",\"isPartOf\":{\"@id\":\"https:\/\/weltlaeden.de\/babenhausen\/#website\"},\"primaryImageOfPage\":{\"@id\":\"https:\/\/weltlaeden.de\/babenhausen\/jahreshauptversammlung-vorstand-erweitert-name-gekuerzt\/#primaryimage\"},\"image\":{\"@id\":\"https:\/\/weltlaeden.de\/babenhausen\/jahreshauptversammlung-vorstand-erweitert-name-gekuerzt\/#primaryimage\"},\"thumbnailUrl\":\"https:\/\/weltlaeden.de\/babenhausen\/wp-content\/uploads\/sites\/107\/2022\/05\/Weltladen-Vorstand-neu-2022_787_400.jpg\",\"datePublished\":\"2022-05-03T07:41:14+00:00\",\"dateModified\":\"2022-05-03T07:42:22+00:00\",\"author\":{\"@id\":\"https:\/\/weltlaeden.de\/babenhausen\/#\/schema\/person\/7dd8f996d047c281a7f1c349ebfe8b4f\"},\"breadcrumb\":{\"@id\":\"https:\/\/weltlaeden.de\/babenhausen\/jahreshauptversammlung-vorstand-erweitert-name-gekuerzt\/#breadcrumb\"},\"inLanguage\":\"de\",\"potentialAction\":[{\"@type\":\"ReadAction\",\"target\":[\"https:\/\/weltlaeden.de\/babenhausen\/jahreshauptversammlung-vorstand-erweitert-name-gekuerzt\/\"]}]},{\"@type\":\"ImageObject\",\"inLanguage\":\"de\",\"@id\":\"https:\/\/weltlaeden.de\/babenhausen\/jahreshauptversammlung-vorstand-erweitert-name-gekuerzt\/#primaryimage\",\"url\":\"https:\/\/weltlaeden.de\/babenhausen\/wp-content\/uploads\/sites\/107\/2022\/05\/Weltladen-Vorstand-neu-2022_787_400.jpg\",\"contentUrl\":\"https:\/\/weltlaeden.de\/babenhausen\/wp-content\/uploads\/sites\/107\/2022\/05\/Weltladen-Vorstand-neu-2022_787_400.jpg\",\"width\":787,\"height\":400},{\"@type\":\"BreadcrumbList\",\"@id\":\"https:\/\/weltlaeden.de\/babenhausen\/jahreshauptversammlung-vorstand-erweitert-name-gekuerzt\/#breadcrumb\",\"itemListElement\":[{\"@type\":\"ListItem\",\"position\":1,\"name\":\"Startseite\",\"item\":\"https:\/\/weltlaeden.de\/babenhausen\/\"},{\"@type\":\"ListItem\",\"position\":2,\"name\":\"Jahreshauptversammlung: Vorstand erweitert &#8211; Name gek\u00fcrzt.\"}]},{\"@type\":\"WebSite\",\"@id\":\"https:\/\/weltlaeden.de\/babenhausen\/#website\",\"url\":\"https:\/\/weltlaeden.de\/babenhausen\/\",\"name\":\"Weltladen Babenhausen\",\"description\":\"Faire Produkte seit 1990\",\"potentialAction\":[{\"@type\":\"SearchAction\",\"target\":{\"@type\":\"EntryPoint\",\"urlTemplate\":\"https:\/\/weltlaeden.de\/babenhausen\/?s={search_term_string}\"},\"query-input\":{\"@type\":\"PropertyValueSpecification\",\"valueRequired\":true,\"valueName\":\"search_term_string\"}}],\"inLanguage\":\"de\"},{\"@type\":\"Person\",\"@id\":\"https:\/\/weltlaeden.de\/babenhausen\/#\/schema\/person\/7dd8f996d047c281a7f1c349ebfe8b4f\",\"name\":\"helgawiegel\",\"image\":{\"@type\":\"ImageObject\",\"inLanguage\":\"de\",\"@id\":\"https:\/\/weltlaeden.de\/babenhausen\/#\/schema\/person\/image\/\",\"url\":\"https:\/\/secure.gravatar.com\/avatar\/1abec512ec0fb596215cb7a7e7596667?s=96&d=mm&r=g\",\"contentUrl\":\"https:\/\/secure.gravatar.com\/avatar\/1abec512ec0fb596215cb7a7e7596667?s=96&d=mm&r=g\",\"caption\":\"helgawiegel\"},\"url\":\"https:\/\/weltlaeden.de\/babenhausen\/author\/helgawiegel\/\"}]}<\/script>\n<!-- \/ Yoast SEO plugin. -->","yoast_head_json":{"title":"Jahreshauptversammlung: Vorstand erweitert - Name gek\u00fcrzt. - Weltladen Babenhausen","robots":{"index":"index","follow":"follow","max-snippet":"max-snippet:-1","max-image-preview":"max-image-preview:large","max-video-preview":"max-video-preview:-1"},"canonical":"https:\/\/weltlaeden.de\/babenhausen\/jahreshauptversammlung-vorstand-erweitert-name-gekuerzt\/","og_locale":"de_DE","og_type":"article","og_title":"Jahreshauptversammlung: Vorstand erweitert - Name gek\u00fcrzt. - Weltladen Babenhausen","og_description":"\u201eEine Welt Verein Babenhausen e.V.\u201c \u2013 so soll der Tr\u00e4gerverein des Weltladens Babenhausen laut Beschluss der Mitgliederversammlung in Zukunft hei\u00dfen und den bislang etwas sperrigen Vereinsnamen \u201eVerein zur F\u00f6rderung des Verst\u00e4ndnisses der Einen Welt e. V.\u201c ersetzen. Anlass zu dieser Umbenennung bot die auf unserer Jahreshauptversammlung am 27.4.22 einstimmig beschlossene Satzungs\u00e4nderung, die wegen der gew\u00fcnschten&hellip;","og_url":"https:\/\/weltlaeden.de\/babenhausen\/jahreshauptversammlung-vorstand-erweitert-name-gekuerzt\/","og_site_name":"Weltladen Babenhausen","article_published_time":"2022-05-03T07:41:14+00:00","article_modified_time":"2022-05-03T07:42:22+00:00","og_image":[{"width":787,"height":400,"url":"https:\/\/weltlaeden.de\/babenhausen\/wp-content\/uploads\/sites\/107\/2022\/05\/Weltladen-Vorstand-neu-2022_787_400.jpg","type":"image\/jpeg"}],"author":"helgawiegel","twitter_card":"summary_large_image","twitter_misc":{"Verfasst von":"helgawiegel","Gesch\u00e4tzte Lesezeit":"1\u00a0Minute"},"schema":{"@context":"https:\/\/schema.org","@graph":[{"@type":"Article","@id":"https:\/\/weltlaeden.de\/babenhausen\/jahreshauptversammlung-vorstand-erweitert-name-gekuerzt\/#article","isPartOf":{"@id":"https:\/\/weltlaeden.de\/babenhausen\/jahreshauptversammlung-vorstand-erweitert-name-gekuerzt\/"},"author":{"name":"helgawiegel","@id":"https:\/\/weltlaeden.de\/babenhausen\/#\/schema\/person\/7dd8f996d047c281a7f1c349ebfe8b4f"},"headline":"Jahreshauptversammlung: Vorstand erweitert &#8211; Name gek\u00fcrzt.","datePublished":"2022-05-03T07:41:14+00:00","dateModified":"2022-05-03T07:42:22+00:00","mainEntityOfPage":{"@id":"https:\/\/weltlaeden.de\/babenhausen\/jahreshauptversammlung-vorstand-erweitert-name-gekuerzt\/"},"wordCount":279,"image":{"@id":"https:\/\/weltlaeden.de\/babenhausen\/jahreshauptversammlung-vorstand-erweitert-name-gekuerzt\/#primaryimage"},"thumbnailUrl":"https:\/\/weltlaeden.de\/babenhausen\/wp-content\/uploads\/sites\/107\/2022\/05\/Weltladen-Vorstand-neu-2022_787_400.jpg","articleSection":["Neuigkeiten","Verein"],"inLanguage":"de"},{"@type":"WebPage","@id":"https:\/\/weltlaeden.de\/babenhausen\/jahreshauptversammlung-vorstand-erweitert-name-gekuerzt\/","url":"https:\/\/weltlaeden.de\/babenhausen\/jahreshauptversammlung-vorstand-erweitert-name-gekuerzt\/","name":"Jahreshauptversammlung: Vorstand erweitert - Name gek\u00fcrzt. - Weltladen Babenhausen","isPartOf":{"@id":"https:\/\/weltlaeden.de\/babenhausen\/#website"},"primaryImageOfPage":{"@id":"https:\/\/weltlaeden.de\/babenhausen\/jahreshauptversammlung-vorstand-erweitert-name-gekuerzt\/#primaryimage"},"image":{"@id":"https:\/\/weltlaeden.de\/babenhausen\/jahreshauptversammlung-vorstand-erweitert-name-gekuerzt\/#primaryimage"},"thumbnailUrl":"https:\/\/weltlaeden.de\/babenhausen\/wp-content\/uploads\/sites\/107\/2022\/05\/Weltladen-Vorstand-neu-2022_787_400.jpg","datePublished":"2022-05-03T07:41:14+00:00","dateModified":"2022-05-03T07:42:22+00:00","author":{"@id":"https:\/\/weltlaeden.de\/babenhausen\/#\/schema\/person\/7dd8f996d047c281a7f1c349ebfe8b4f"},"breadcrumb":{"@id":"https:\/\/weltlaeden.de\/babenhausen\/jahreshauptversammlung-vorstand-erweitert-name-gekuerzt\/#breadcrumb"},"inLanguage":"de","potentialAction":[{"@type":"ReadAction","target":["https:\/\/weltlaeden.de\/babenhausen\/jahreshauptversammlung-vorstand-erweitert-name-gekuerzt\/"]}]},{"@type":"ImageObject","inLanguage":"de","@id":"https:\/\/weltlaeden.de\/babenhausen\/jahreshauptversammlung-vorstand-erweitert-name-gekuerzt\/#primaryimage","url":"https:\/\/weltlaeden.de\/babenhausen\/wp-content\/uploads\/sites\/107\/2022\/05\/Weltladen-Vorstand-neu-2022_787_400.jpg","contentUrl":"https:\/\/weltlaeden.de\/babenhausen\/wp-content\/uploads\/sites\/107\/2022\/05\/Weltladen-Vorstand-neu-2022_787_400.jpg","width":787,"height":400},{"@type":"BreadcrumbList","@id":"https:\/\/weltlaeden.de\/babenhausen\/jahreshauptversammlung-vorstand-erweitert-name-gekuerzt\/#breadcrumb","itemListElement":[{"@type":"ListItem","position":1,"name":"Startseite","item":"https:\/\/weltlaeden.de\/babenhausen\/"},{"@type":"ListItem","position":2,"name":"Jahreshauptversammlung: Vorstand erweitert &#8211; Name gek\u00fcrzt."}]},{"@type":"WebSite","@id":"https:\/\/weltlaeden.de\/babenhausen\/#website","url":"https:\/\/weltlaeden.de\/babenhausen\/","name":"Weltladen Babenhausen","description":"Faire Produkte seit 1990","potentialAction":[{"@type":"SearchAction","target":{"@type":"EntryPoint","urlTemplate":"https:\/\/weltlaeden.de\/babenhausen\/?s={search_term_string}"},"query-input":{"@type":"PropertyValueSpecification","valueRequired":true,"valueName":"search_term_string"}}],"inLanguage":"de"},{"@type":"Person","@id":"https:\/\/weltlaeden.de\/babenhausen\/#\/schema\/person\/7dd8f996d047c281a7f1c349ebfe8b4f","name":"helgawiegel","image":{"@type":"ImageObject","inLanguage":"de","@id":"https:\/\/weltlaeden.de\/babenhausen\/#\/schema\/person\/image\/","url":"https:\/\/secure.gravatar.com\/avatar\/1abec512ec0fb596215cb7a7e7596667?s=96&d=mm&r=g","contentUrl":"https:\/\/secure.gravatar.com\/avatar\/1abec512ec0fb596215cb7a7e7596667?s=96&d=mm&r=g","caption":"helgawiegel"},"url":"https:\/\/weltlaeden.de\/babenhausen\/author\/helgawiegel\/"}]}},"_links":{"self":[{"href":"https:\/\/weltlaeden.de\/babenhausen\/wp-json\/wp\/v2\/posts\/1204","targetHints":{"allow":["GET"]}}],"collection":[{"href":"https:\/\/weltlaeden.de\/babenhausen\/wp-json\/wp\/v2\/posts"}],"about":[{"href":"https:\/\/weltlaeden.de\/babenhausen\/wp-json\/wp\/v2\/types\/post"}],"author":[{"embeddable":true,"href":"https:\/\/weltlaeden.de\/babenhausen\/wp-json\/wp\/v2\/users\/168"}],"replies":[{"embeddable":true,"href":"https:\/\/weltlaeden.de\/babenhausen\/wp-json\/wp\/v2\/comments?post=1204"}],"version-history":[{"count":3,"href":"https:\/\/weltlaeden.de\/babenhausen\/wp-json\/wp\/v2\/posts\/1204\/revisions"}],"predecessor-version":[{"id":1209,"href":"https:\/\/weltlaeden.de\/babenhausen\/wp-json\/wp\/v2\/posts\/1204\/revisions\/1209"}],"wp:featuredmedia":[{"embeddable":true,"href":"https:\/\/weltlaeden.de\/babenhausen\/wp-json\/wp\/v2\/media\/1205"}],"wp:attachment":[{"href":"https:\/\/weltlaeden.de\/babenhausen\/wp-json\/wp\/v2\/media?parent=1204"}],"wp:term":[{"taxonomy":"category","embeddable":true,"href":"https:\/\/weltlaeden.de\/babenhausen\/wp-json\/wp\/v2\/categories?post=1204"},{"taxonomy":"post_tag","embeddable":true,"href":"https:\/\/weltlaeden.de\/babenhausen\/wp-json\/wp\/v2\/tags?post=1204"}],"curies":[{"name":"wp","href":"https:\/\/api.w.org\/{rel}","templated":true}]}}