{"id":1200,"date":"2022-03-30T14:31:18","date_gmt":"2022-03-30T12:31:18","guid":{"rendered":"https:\/\/weltlaeden.de\/babenhausen\/?p=1200"},"modified":"2022-03-30T14:31:18","modified_gmt":"2022-03-30T12:31:18","slug":"einladung-jahreshauptversammlung-fuer-mitglieder","status":"publish","type":"post","link":"https:\/\/weltlaeden.de\/babenhausen\/einladung-jahreshauptversammlung-fuer-mitglieder\/","title":{"rendered":"Einladung Jahreshauptversammlung (f\u00fcr Mitglieder)"},"content":{"rendered":"<p><strong>Der Weltladen Babenhausen l\u00e4dt seine Mitglieder herzlich ein zur Jahreshauptversammlung am 27. April 2022 um 16 Uhr im Saal der Stadthalle Babenhausen.<\/strong><\/p>\n<p>Auf der Tagesordnung steht neben den turnusm\u00e4\u00dfigen Berichten und der Entlastung des Vorstands in diesem Jahr auch die Neufassung der Vereinssatzung. Diese wird durch die geplante Umstrukturierung der Arbeitsverteilung im Vorstand erforderlich. Aufgrund der vielf\u00e4ltigen Aufgaben und des damit einhergehenden Zeitaufwands m\u00f6chte der Weltladen die Verantwortung f\u00fcr die verschiedenen Ressorts zuk\u00fcnftig auf mehr Vorstandsmitglieder verteilen. Dies macht formal eine \u00c4nderung der Satzung erforderlich. Der Weltladen wird\u00a0 hierzu ausf\u00fchrlich informieren und freut sich \u00fcber einen angeregten Austausch zum Thema. Im Anschluss findet dann die Wahl des neuen Vorstands, der Beisitzer:innen und der Kassenpr\u00fcfer:innen statt.<\/p>\n<p>Ein weiteres wichtiges Thema der Jahreshauptversammlung sind die Planungen zum diesj\u00e4hrigen 30-j\u00e4hrigen Geburtstag. Hierzu berichtet der Jubil\u00e4umsausschuss und nimmt gern weitere Vorschl\u00e4ge zur Ausgestaltung entgegen. Auch eine aktive Beteiligung bei der Vorbereitung und der Ausf\u00fchrung der einzelnen Veranstaltungen ist herzlich willkommen.<\/p>\n<p><strong>Die Tagesordnung im Einzelnen:<\/strong><\/p>\n<ol>\n<li>Er\u00f6ffnung und Feststellung der Tagesordnung<\/li>\n<li>T\u00e4tigkeitsbericht<\/li>\n<li>Kassenberichte<\/li>\n<li>Bericht der Kassenpr\u00fcfung<\/li>\n<li>Entlastung der Rechnerinnen (Beschluss)<\/li>\n<li>Entlastung des Vorstandes (Beschluss)<\/li>\n<li>Neufassung der Satzung (Beschluss)<\/li>\n<li>Wahl des Vorstandes in Einzelabstimmung (Beschluss)<br \/>\nWahl der Beisitzer:innen (Beschluss)<\/li>\n<li>Wahl der neuen Kassenpr\u00fcfer:innen (Beschluss)<\/li>\n<li>Verschiedenes<br \/>\nVorhaben und Planungen<br \/>\nBericht der Einkaufsgruppe und des Jubil\u00e4umsausschusses<br \/>\nW\u00fcnsche an den Vorstand<\/li>\n<\/ol>\n<p>Der Weltladen freut sich auf ein reges Interesse seiner Mitglieder und auf eine angeregte Diskussion und Austausch.*<\/p>\n<p>*Damit gen\u00fcgend Sitzpl\u00e4tze vorbereitet werden k\u00f6nnen, bitte wenn m\u00f6glich die Teilnahme per Mail an <a href=\"mailto:weltladen-babenhausen@t-online.de\">weltladen-babenhausen@t-online.de<\/a> best\u00e4tigen.<\/p>\n","protected":false},"excerpt":{"rendered":"<p>Der Weltladen Babenhausen l\u00e4dt seine Mitglieder herzlich ein zur Jahreshauptversammlung am 27. April 2022 um 16 Uhr im Saal der Stadthalle Babenhausen. Auf der Tagesordnung steht neben den turnusm\u00e4\u00dfigen Berichten und der Entlastung des Vorstands in diesem Jahr auch die Neufassung der Vereinssatzung. Diese wird durch die geplante Umstrukturierung der Arbeitsverteilung im Vorstand erforderlich. Aufgrund&hellip;<\/p>\n","protected":false},"author":168,"featured_media":1201,"comment_status":"closed","ping_status":"closed","sticky":false,"template":"","format":"standard","meta":{"footnotes":""},"categories":[3,12],"tags":[],"class_list":["post-1200","post","type-post","status-publish","format-standard","has-post-thumbnail","hentry","category-termine","category-verein","category-3","category-12","description-off"],"yoast_head":"<!-- This site is optimized with the Yoast SEO plugin v26.8 - https:\/\/yoast.com\/product\/yoast-seo-wordpress\/ -->\n<title>Einladung Jahreshauptversammlung (f\u00fcr Mitglieder) - Weltladen Babenhausen<\/title>\n<meta name=\"robots\" content=\"index, follow, max-snippet:-1, max-image-preview:large, max-video-preview:-1\" \/>\n<link rel=\"canonical\" href=\"https:\/\/weltlaeden.de\/babenhausen\/einladung-jahreshauptversammlung-fuer-mitglieder\/\" \/>\n<meta property=\"og:locale\" content=\"de_DE\" \/>\n<meta property=\"og:type\" content=\"article\" \/>\n<meta property=\"og:title\" content=\"Einladung Jahreshauptversammlung (f\u00fcr Mitglieder) - Weltladen Babenhausen\" \/>\n<meta property=\"og:description\" content=\"Der Weltladen Babenhausen l\u00e4dt seine Mitglieder herzlich ein zur Jahreshauptversammlung am 27. April 2022 um 16 Uhr im Saal der Stadthalle Babenhausen. Auf der Tagesordnung steht neben den turnusm\u00e4\u00dfigen Berichten und der Entlastung des Vorstands in diesem Jahr auch die Neufassung der Vereinssatzung. Diese wird durch die geplante Umstrukturierung der Arbeitsverteilung im Vorstand erforderlich. Aufgrund&hellip;\" \/>\n<meta property=\"og:url\" content=\"https:\/\/weltlaeden.de\/babenhausen\/einladung-jahreshauptversammlung-fuer-mitglieder\/\" \/>\n<meta property=\"og:site_name\" content=\"Weltladen Babenhausen\" \/>\n<meta property=\"article:published_time\" content=\"2022-03-30T12:31:18+00:00\" \/>\n<meta property=\"og:image\" content=\"https:\/\/weltlaeden.de\/babenhausen\/wp-content\/uploads\/sites\/107\/2022\/03\/Bild-fuer-News-Jahreshauptversammlung-2022.jpg\" \/>\n\t<meta property=\"og:image:width\" content=\"787\" \/>\n\t<meta property=\"og:image:height\" content=\"400\" \/>\n\t<meta property=\"og:image:type\" content=\"image\/jpeg\" \/>\n<meta name=\"author\" content=\"helgawiegel\" \/>\n<meta name=\"twitter:card\" content=\"summary_large_image\" \/>\n<meta name=\"twitter:label1\" content=\"Verfasst von\" \/>\n\t<meta name=\"twitter:data1\" content=\"helgawiegel\" \/>\n\t<meta name=\"twitter:label2\" content=\"Gesch\u00e4tzte Lesezeit\" \/>\n\t<meta name=\"twitter:data2\" content=\"1\u00a0Minute\" \/>\n<script type=\"application\/ld+json\" class=\"yoast-schema-graph\">{\"@context\":\"https:\/\/schema.org\",\"@graph\":[{\"@type\":\"Article\",\"@id\":\"https:\/\/weltlaeden.de\/babenhausen\/einladung-jahreshauptversammlung-fuer-mitglieder\/#article\",\"isPartOf\":{\"@id\":\"https:\/\/weltlaeden.de\/babenhausen\/einladung-jahreshauptversammlung-fuer-mitglieder\/\"},\"author\":{\"name\":\"helgawiegel\",\"@id\":\"https:\/\/weltlaeden.de\/babenhausen\/#\/schema\/person\/7dd8f996d047c281a7f1c349ebfe8b4f\"},\"headline\":\"Einladung Jahreshauptversammlung (f\u00fcr Mitglieder)\",\"datePublished\":\"2022-03-30T12:31:18+00:00\",\"mainEntityOfPage\":{\"@id\":\"https:\/\/weltlaeden.de\/babenhausen\/einladung-jahreshauptversammlung-fuer-mitglieder\/\"},\"wordCount\":276,\"image\":{\"@id\":\"https:\/\/weltlaeden.de\/babenhausen\/einladung-jahreshauptversammlung-fuer-mitglieder\/#primaryimage\"},\"thumbnailUrl\":\"https:\/\/weltlaeden.de\/babenhausen\/wp-content\/uploads\/sites\/107\/2022\/03\/Bild-fuer-News-Jahreshauptversammlung-2022.jpg\",\"articleSection\":[\"Termine\",\"Verein\"],\"inLanguage\":\"de\"},{\"@type\":\"WebPage\",\"@id\":\"https:\/\/weltlaeden.de\/babenhausen\/einladung-jahreshauptversammlung-fuer-mitglieder\/\",\"url\":\"https:\/\/weltlaeden.de\/babenhausen\/einladung-jahreshauptversammlung-fuer-mitglieder\/\",\"name\":\"Einladung Jahreshauptversammlung (f\u00fcr Mitglieder) - Weltladen Babenhausen\",\"isPartOf\":{\"@id\":\"https:\/\/weltlaeden.de\/babenhausen\/#website\"},\"primaryImageOfPage\":{\"@id\":\"https:\/\/weltlaeden.de\/babenhausen\/einladung-jahreshauptversammlung-fuer-mitglieder\/#primaryimage\"},\"image\":{\"@id\":\"https:\/\/weltlaeden.de\/babenhausen\/einladung-jahreshauptversammlung-fuer-mitglieder\/#primaryimage\"},\"thumbnailUrl\":\"https:\/\/weltlaeden.de\/babenhausen\/wp-content\/uploads\/sites\/107\/2022\/03\/Bild-fuer-News-Jahreshauptversammlung-2022.jpg\",\"datePublished\":\"2022-03-30T12:31:18+00:00\",\"author\":{\"@id\":\"https:\/\/weltlaeden.de\/babenhausen\/#\/schema\/person\/7dd8f996d047c281a7f1c349ebfe8b4f\"},\"breadcrumb\":{\"@id\":\"https:\/\/weltlaeden.de\/babenhausen\/einladung-jahreshauptversammlung-fuer-mitglieder\/#breadcrumb\"},\"inLanguage\":\"de\",\"potentialAction\":[{\"@type\":\"ReadAction\",\"target\":[\"https:\/\/weltlaeden.de\/babenhausen\/einladung-jahreshauptversammlung-fuer-mitglieder\/\"]}]},{\"@type\":\"ImageObject\",\"inLanguage\":\"de\",\"@id\":\"https:\/\/weltlaeden.de\/babenhausen\/einladung-jahreshauptversammlung-fuer-mitglieder\/#primaryimage\",\"url\":\"https:\/\/weltlaeden.de\/babenhausen\/wp-content\/uploads\/sites\/107\/2022\/03\/Bild-fuer-News-Jahreshauptversammlung-2022.jpg\",\"contentUrl\":\"https:\/\/weltlaeden.de\/babenhausen\/wp-content\/uploads\/sites\/107\/2022\/03\/Bild-fuer-News-Jahreshauptversammlung-2022.jpg\",\"width\":787,\"height\":400},{\"@type\":\"BreadcrumbList\",\"@id\":\"https:\/\/weltlaeden.de\/babenhausen\/einladung-jahreshauptversammlung-fuer-mitglieder\/#breadcrumb\",\"itemListElement\":[{\"@type\":\"ListItem\",\"position\":1,\"name\":\"Startseite\",\"item\":\"https:\/\/weltlaeden.de\/babenhausen\/\"},{\"@type\":\"ListItem\",\"position\":2,\"name\":\"Einladung Jahreshauptversammlung (f\u00fcr Mitglieder)\"}]},{\"@type\":\"WebSite\",\"@id\":\"https:\/\/weltlaeden.de\/babenhausen\/#website\",\"url\":\"https:\/\/weltlaeden.de\/babenhausen\/\",\"name\":\"Weltladen Babenhausen\",\"description\":\"Faire Produkte seit 1990\",\"potentialAction\":[{\"@type\":\"SearchAction\",\"target\":{\"@type\":\"EntryPoint\",\"urlTemplate\":\"https:\/\/weltlaeden.de\/babenhausen\/?s={search_term_string}\"},\"query-input\":{\"@type\":\"PropertyValueSpecification\",\"valueRequired\":true,\"valueName\":\"search_term_string\"}}],\"inLanguage\":\"de\"},{\"@type\":\"Person\",\"@id\":\"https:\/\/weltlaeden.de\/babenhausen\/#\/schema\/person\/7dd8f996d047c281a7f1c349ebfe8b4f\",\"name\":\"helgawiegel\",\"image\":{\"@type\":\"ImageObject\",\"inLanguage\":\"de\",\"@id\":\"https:\/\/weltlaeden.de\/babenhausen\/#\/schema\/person\/image\/\",\"url\":\"https:\/\/secure.gravatar.com\/avatar\/1abec512ec0fb596215cb7a7e7596667?s=96&d=mm&r=g\",\"contentUrl\":\"https:\/\/secure.gravatar.com\/avatar\/1abec512ec0fb596215cb7a7e7596667?s=96&d=mm&r=g\",\"caption\":\"helgawiegel\"},\"url\":\"https:\/\/weltlaeden.de\/babenhausen\/author\/helgawiegel\/\"}]}<\/script>\n<!-- \/ Yoast SEO plugin. -->","yoast_head_json":{"title":"Einladung Jahreshauptversammlung (f\u00fcr Mitglieder) - Weltladen Babenhausen","robots":{"index":"index","follow":"follow","max-snippet":"max-snippet:-1","max-image-preview":"max-image-preview:large","max-video-preview":"max-video-preview:-1"},"canonical":"https:\/\/weltlaeden.de\/babenhausen\/einladung-jahreshauptversammlung-fuer-mitglieder\/","og_locale":"de_DE","og_type":"article","og_title":"Einladung Jahreshauptversammlung (f\u00fcr Mitglieder) - Weltladen Babenhausen","og_description":"Der Weltladen Babenhausen l\u00e4dt seine Mitglieder herzlich ein zur Jahreshauptversammlung am 27. April 2022 um 16 Uhr im Saal der Stadthalle Babenhausen. Auf der Tagesordnung steht neben den turnusm\u00e4\u00dfigen Berichten und der Entlastung des Vorstands in diesem Jahr auch die Neufassung der Vereinssatzung. Diese wird durch die geplante Umstrukturierung der Arbeitsverteilung im Vorstand erforderlich. Aufgrund&hellip;","og_url":"https:\/\/weltlaeden.de\/babenhausen\/einladung-jahreshauptversammlung-fuer-mitglieder\/","og_site_name":"Weltladen Babenhausen","article_published_time":"2022-03-30T12:31:18+00:00","og_image":[{"width":787,"height":400,"url":"https:\/\/weltlaeden.de\/babenhausen\/wp-content\/uploads\/sites\/107\/2022\/03\/Bild-fuer-News-Jahreshauptversammlung-2022.jpg","type":"image\/jpeg"}],"author":"helgawiegel","twitter_card":"summary_large_image","twitter_misc":{"Verfasst von":"helgawiegel","Gesch\u00e4tzte Lesezeit":"1\u00a0Minute"},"schema":{"@context":"https:\/\/schema.org","@graph":[{"@type":"Article","@id":"https:\/\/weltlaeden.de\/babenhausen\/einladung-jahreshauptversammlung-fuer-mitglieder\/#article","isPartOf":{"@id":"https:\/\/weltlaeden.de\/babenhausen\/einladung-jahreshauptversammlung-fuer-mitglieder\/"},"author":{"name":"helgawiegel","@id":"https:\/\/weltlaeden.de\/babenhausen\/#\/schema\/person\/7dd8f996d047c281a7f1c349ebfe8b4f"},"headline":"Einladung Jahreshauptversammlung (f\u00fcr Mitglieder)","datePublished":"2022-03-30T12:31:18+00:00","mainEntityOfPage":{"@id":"https:\/\/weltlaeden.de\/babenhausen\/einladung-jahreshauptversammlung-fuer-mitglieder\/"},"wordCount":276,"image":{"@id":"https:\/\/weltlaeden.de\/babenhausen\/einladung-jahreshauptversammlung-fuer-mitglieder\/#primaryimage"},"thumbnailUrl":"https:\/\/weltlaeden.de\/babenhausen\/wp-content\/uploads\/sites\/107\/2022\/03\/Bild-fuer-News-Jahreshauptversammlung-2022.jpg","articleSection":["Termine","Verein"],"inLanguage":"de"},{"@type":"WebPage","@id":"https:\/\/weltlaeden.de\/babenhausen\/einladung-jahreshauptversammlung-fuer-mitglieder\/","url":"https:\/\/weltlaeden.de\/babenhausen\/einladung-jahreshauptversammlung-fuer-mitglieder\/","name":"Einladung Jahreshauptversammlung (f\u00fcr Mitglieder) - Weltladen Babenhausen","isPartOf":{"@id":"https:\/\/weltlaeden.de\/babenhausen\/#website"},"primaryImageOfPage":{"@id":"https:\/\/weltlaeden.de\/babenhausen\/einladung-jahreshauptversammlung-fuer-mitglieder\/#primaryimage"},"image":{"@id":"https:\/\/weltlaeden.de\/babenhausen\/einladung-jahreshauptversammlung-fuer-mitglieder\/#primaryimage"},"thumbnailUrl":"https:\/\/weltlaeden.de\/babenhausen\/wp-content\/uploads\/sites\/107\/2022\/03\/Bild-fuer-News-Jahreshauptversammlung-2022.jpg","datePublished":"2022-03-30T12:31:18+00:00","author":{"@id":"https:\/\/weltlaeden.de\/babenhausen\/#\/schema\/person\/7dd8f996d047c281a7f1c349ebfe8b4f"},"breadcrumb":{"@id":"https:\/\/weltlaeden.de\/babenhausen\/einladung-jahreshauptversammlung-fuer-mitglieder\/#breadcrumb"},"inLanguage":"de","potentialAction":[{"@type":"ReadAction","target":["https:\/\/weltlaeden.de\/babenhausen\/einladung-jahreshauptversammlung-fuer-mitglieder\/"]}]},{"@type":"ImageObject","inLanguage":"de","@id":"https:\/\/weltlaeden.de\/babenhausen\/einladung-jahreshauptversammlung-fuer-mitglieder\/#primaryimage","url":"https:\/\/weltlaeden.de\/babenhausen\/wp-content\/uploads\/sites\/107\/2022\/03\/Bild-fuer-News-Jahreshauptversammlung-2022.jpg","contentUrl":"https:\/\/weltlaeden.de\/babenhausen\/wp-content\/uploads\/sites\/107\/2022\/03\/Bild-fuer-News-Jahreshauptversammlung-2022.jpg","width":787,"height":400},{"@type":"BreadcrumbList","@id":"https:\/\/weltlaeden.de\/babenhausen\/einladung-jahreshauptversammlung-fuer-mitglieder\/#breadcrumb","itemListElement":[{"@type":"ListItem","position":1,"name":"Startseite","item":"https:\/\/weltlaeden.de\/babenhausen\/"},{"@type":"ListItem","position":2,"name":"Einladung Jahreshauptversammlung (f\u00fcr Mitglieder)"}]},{"@type":"WebSite","@id":"https:\/\/weltlaeden.de\/babenhausen\/#website","url":"https:\/\/weltlaeden.de\/babenhausen\/","name":"Weltladen Babenhausen","description":"Faire Produkte seit 1990","potentialAction":[{"@type":"SearchAction","target":{"@type":"EntryPoint","urlTemplate":"https:\/\/weltlaeden.de\/babenhausen\/?s={search_term_string}"},"query-input":{"@type":"PropertyValueSpecification","valueRequired":true,"valueName":"search_term_string"}}],"inLanguage":"de"},{"@type":"Person","@id":"https:\/\/weltlaeden.de\/babenhausen\/#\/schema\/person\/7dd8f996d047c281a7f1c349ebfe8b4f","name":"helgawiegel","image":{"@type":"ImageObject","inLanguage":"de","@id":"https:\/\/weltlaeden.de\/babenhausen\/#\/schema\/person\/image\/","url":"https:\/\/secure.gravatar.com\/avatar\/1abec512ec0fb596215cb7a7e7596667?s=96&d=mm&r=g","contentUrl":"https:\/\/secure.gravatar.com\/avatar\/1abec512ec0fb596215cb7a7e7596667?s=96&d=mm&r=g","caption":"helgawiegel"},"url":"https:\/\/weltlaeden.de\/babenhausen\/author\/helgawiegel\/"}]}},"_links":{"self":[{"href":"https:\/\/weltlaeden.de\/babenhausen\/wp-json\/wp\/v2\/posts\/1200","targetHints":{"allow":["GET"]}}],"collection":[{"href":"https:\/\/weltlaeden.de\/babenhausen\/wp-json\/wp\/v2\/posts"}],"about":[{"href":"https:\/\/weltlaeden.de\/babenhausen\/wp-json\/wp\/v2\/types\/post"}],"author":[{"embeddable":true,"href":"https:\/\/weltlaeden.de\/babenhausen\/wp-json\/wp\/v2\/users\/168"}],"replies":[{"embeddable":true,"href":"https:\/\/weltlaeden.de\/babenhausen\/wp-json\/wp\/v2\/comments?post=1200"}],"version-history":[{"count":1,"href":"https:\/\/weltlaeden.de\/babenhausen\/wp-json\/wp\/v2\/posts\/1200\/revisions"}],"predecessor-version":[{"id":1202,"href":"https:\/\/weltlaeden.de\/babenhausen\/wp-json\/wp\/v2\/posts\/1200\/revisions\/1202"}],"wp:featuredmedia":[{"embeddable":true,"href":"https:\/\/weltlaeden.de\/babenhausen\/wp-json\/wp\/v2\/media\/1201"}],"wp:attachment":[{"href":"https:\/\/weltlaeden.de\/babenhausen\/wp-json\/wp\/v2\/media?parent=1200"}],"wp:term":[{"taxonomy":"category","embeddable":true,"href":"https:\/\/weltlaeden.de\/babenhausen\/wp-json\/wp\/v2\/categories?post=1200"},{"taxonomy":"post_tag","embeddable":true,"href":"https:\/\/weltlaeden.de\/babenhausen\/wp-json\/wp\/v2\/tags?post=1200"}],"curies":[{"name":"wp","href":"https:\/\/api.w.org\/{rel}","templated":true}]}}