{"id":1298,"date":"2026-08-30T10:19:24","date_gmt":"2026-08-30T08:19:24","guid":{"rendered":"https:\/\/weltlaeden.de\/alzey\/?p=1298"},"modified":"2026-08-30T10:19:24","modified_gmt":"2026-08-30T08:19:24","slug":"regenwald-kaffee-kaffa-produkt-des-monats-september-10-rabatt","status":"publish","type":"post","link":"https:\/\/weltlaeden.de\/alzey\/regenwald-kaffee-kaffa-produkt-des-monats-september-10-rabatt\/","title":{"rendered":"Regenwald Kaffee &#8222;Kaffa&#8220; Produkt des Monats September -10% Rabatt"},"content":{"rendered":"<div style=\"width: 478px;\" class=\"wp-video\"><!--[if lt IE 9]><script>document.createElement('video');<\/script><![endif]-->\n<video class=\"wp-video-shortcode\" id=\"video-1298-1\" width=\"478\" height=\"850\" preload=\"metadata\" controls=\"controls\"><source type=\"video\/mp4\" src=\"https:\/\/weltlaeden.de\/alzey\/wp-content\/uploads\/sites\/39\/2026\/08\/WhatsApp-Video-2026-08-30-at-10.14.27.mp4?_=1\" \/><a href=\"https:\/\/weltlaeden.de\/alzey\/wp-content\/uploads\/sites\/39\/2026\/08\/WhatsApp-Video-2026-08-30-at-10.14.27.mp4\">https:\/\/weltlaeden.de\/alzey\/wp-content\/uploads\/sites\/39\/2026\/08\/WhatsApp-Video-2026-08-30-at-10.14.27.mp4<\/a><\/video><\/div>\n<p>\u2615\ud83c\udf3f PRODUKT DES MONATS: KAFFA Regenwald Kaffee<\/p>\n<p><strong>Im September gibt es 10 % Rabatt!<\/strong><\/p>\n<p>Was macht einen Kaffee wirklich besonders? Beim KAFFA von WeltPartner ist es nicht nur der Geschmack \u2013 sondern vor allem die Geschichte der Menschen, die ihn ernten.<\/p>\n<p>\ud83c\udf33 <strong>Kaffee aus dem Regenwald<\/strong><\/p>\n<p>KAFFA stammt aus der gleichnamigen Region im S\u00fcdwesten \u00c4thiopiens \u2013 der Urheimat des Arabica-Kaffees. Hier w\u00e4chst der Arabica noch heute wild im Bergregenwald. Der Kaffee wird nicht auf Plantagen angebaut: Kleinb\u00e4uerinnen und Kleinbauern sammeln die reifen Kaffeekirschen von Hand im Wald. Daf\u00fcr legen sie teilweise weite Strecken zur\u00fcck und beernten verschiedene Waldgebiete.<\/p>\n<p>\ud83e\udd1d <strong>Was bringt der Faire Handel den Produzenten?<\/strong><\/p>\n<p>Die Wildkaffee-Ernte ist f\u00fcr viele Menschen in der Region eine wichtige zus\u00e4tzliche Einkommensquelle. Durch den internationalen, fairen Handel bekommt der Wildkaffee einen h\u00f6heren wirtschaftlichen Wert. Das schafft Einkommensm\u00f6glichkeiten f\u00fcr die Menschen vor Ort und macht es wirtschaftlich attraktiv, den Kaffee nachhaltig zu ernten, anstatt den Wald f\u00fcr andere Nutzungen zu roden.<\/p>\n<p>Der Faire-Handel-Ansatz von Fair for Life geht dabei \u00fcber den reinen Einkaufspreis hinaus: Fair-Trade-Partnerschaften beinhalten faire Preise, Beitr\u00e4ge zu Entwicklungsfonds und langfristigere Handelsbeziehungen. Auch technische Unterst\u00fctzung kann Teil der Zusammenarbeit sein.<\/p>\n<p>\ud83c\udf31 <strong>Fairer Handel wird so zum Naturschutz<\/strong><\/p>\n<p>Das Besondere an KAFFA: Was gut f\u00fcr die Menschen ist, hilft gleichzeitig dem Regenwald. Je mehr Wert der wild wachsende Kaffee f\u00fcr die lokale Bev\u00f6lkerung hat, desto st\u00e4rker lohnt es sich, den Wald als Lebensgrundlage zu bewahren.<\/p>\n<p>Aus diesem Ansatz ist in der Region ein bedeutendes Naturschutz- und Entwicklungsprojekt entstanden. Der Schutz der Biodiversit\u00e4t und die wirtschaftliche Entwicklung der Menschen werden miteinander verbunden.<\/p>\n<p>\u2615 <strong>Und wie schmeckt er?<\/strong><\/p>\n<p>Der KAFFA Espresso Roast wird als kr\u00e4ftiger Espresso mit einem besonderen, gehaltvollen Charakter ger\u00f6stet, w\u00e4hrend die Medium-R\u00f6stung ein ausgewogenes Aromenspiel besitzt und dabei einen vollmundigen K\u00f6rper mit einer feinen fruchtigen Nuance, angenehmer S\u00fc\u00dfe und einer harmonischen S\u00e4ure verbindet. Die Bohnen werden traditionell im Trommelr\u00f6stverfahren in kleinen Chargen langsam und schonend ger\u00f6stet, damit sich die unterschiedlichen Aromen des Wildkaffees entfalten k\u00f6nnen.<\/p>\n<p>\ud83c\udf3f Bio<\/p>\n<p>\ud83e\udd1d Fair for Life<\/p>\n<p>\ud83c\udf33 Wild wachsender Arabica-Kaffee<\/p>\n<p>\ud83d\udc69\ud83c\udffe\u200d\ud83c\udf3e Handgeerntet von Kleinb\u00e4uerinnen und Kleinbauern<\/p>\n<p>\u2615 Schonend in kleinen Chargen ger\u00f6stet<\/p>\n<p>UNSER ANGEBOT IM SEPTEMBER:<\/p>\n<p>10 % Rabatt auf KAFFA Espresso Roast, 250 g<\/p>\n<p>Mit jeder Tasse genie\u00dft du also nicht einfach nur einen besonderen Kaffee \u2013 du unterst\u00fctzt eine Form des Kaffeehandels, die Menschen ein Einkommen erm\u00f6glicht und gleichzeitig zum Erhalt des \u00e4thiopischen Regenwaldes beitr\u00e4gt.<\/p>\n<p>\ud83d\udccd Weltladen Alzey<\/p>\n<p>\ud83d\uddd3\ufe0f Nur im September \u2013 10 % Rabatt!<\/p>\n<p>&nbsp;<\/p>\n<p>&nbsp;<\/p>\n","protected":false},"excerpt":{"rendered":"<p>\u2615\ud83c\udf3f PRODUKT DES MONATS: KAFFA Regenwald Kaffee Im September gibt es 10 % Rabatt! Was macht einen Kaffee wirklich besonders? Beim KAFFA von WeltPartner ist es nicht nur der Geschmack \u2013 sondern vor allem die Geschichte der Menschen, die ihn ernten. \ud83c\udf33 Kaffee aus dem Regenwald KAFFA stammt aus der gleichnamigen Region im S\u00fcdwesten \u00c4thiopiens&hellip;<\/p>\n","protected":false},"author":202,"featured_media":1300,"comment_status":"closed","ping_status":"closed","sticky":false,"template":"","format":"standard","meta":{"footnotes":""},"categories":[24],"tags":[61,58,60,57,62,27,13,63,23,59],"class_list":["post-1298","post","type-post","status-publish","format-standard","has-post-thumbnail","hentry","category-produkt-des-monats","tag-alzey-worms","tag-angebot","tag-fairtradetownalzey","tag-kaffa","tag-kaffeeauswahl","tag-pdm","tag-produkt-des-monats","tag-regenwald","tag-weltladen-alzey","tag-wl-alzey","category-24","description-off"],"yoast_head":"<!-- This site is optimized with the Yoast SEO plugin v26.8 - https:\/\/yoast.com\/product\/yoast-seo-wordpress\/ -->\n<title>Regenwald Kaffee &quot;Kaffa&quot; Produkt des Monats September -10% Rabatt - Weltladen Alzey e.V.<\/title>\n<meta name=\"robots\" content=\"index, follow, max-snippet:-1, max-image-preview:large, max-video-preview:-1\" \/>\n<link rel=\"canonical\" href=\"https:\/\/weltlaeden.de\/alzey\/regenwald-kaffee-kaffa-produkt-des-monats-september-10-rabatt\/\" \/>\n<meta property=\"og:locale\" content=\"de_DE\" \/>\n<meta property=\"og:type\" content=\"article\" \/>\n<meta property=\"og:title\" content=\"Regenwald Kaffee &quot;Kaffa&quot; Produkt des Monats September -10% Rabatt - Weltladen Alzey e.V.\" \/>\n<meta property=\"og:description\" content=\"\u2615\ud83c\udf3f PRODUKT DES MONATS: KAFFA Regenwald Kaffee Im September gibt es 10 % Rabatt! Was macht einen Kaffee wirklich besonders? Beim KAFFA von WeltPartner ist es nicht nur der Geschmack \u2013 sondern vor allem die Geschichte der Menschen, die ihn ernten. \ud83c\udf33 Kaffee aus dem Regenwald KAFFA stammt aus der gleichnamigen Region im S\u00fcdwesten \u00c4thiopiens&hellip;\" \/>\n<meta property=\"og:url\" content=\"https:\/\/weltlaeden.de\/alzey\/regenwald-kaffee-kaffa-produkt-des-monats-september-10-rabatt\/\" \/>\n<meta property=\"og:site_name\" content=\"Weltladen Alzey e.V.\" \/>\n<meta property=\"article:published_time\" content=\"2026-08-30T08:19:24+00:00\" \/>\n<meta property=\"og:image\" content=\"https:\/\/weltlaeden.de\/alzey\/wp-content\/uploads\/sites\/39\/2026\/08\/Produkt-des-Monats-13.jpg\" \/>\n\t<meta property=\"og:image:width\" content=\"1080\" \/>\n\t<meta property=\"og:image:height\" content=\"1350\" \/>\n\t<meta property=\"og:image:type\" content=\"image\/jpeg\" \/>\n<meta name=\"author\" content=\"morten\" \/>\n<meta name=\"twitter:card\" content=\"summary_large_image\" \/>\n<meta name=\"twitter:label1\" content=\"Verfasst von\" \/>\n\t<meta name=\"twitter:data1\" content=\"morten\" \/>\n\t<meta name=\"twitter:label2\" content=\"Gesch\u00e4tzte Lesezeit\" \/>\n\t<meta name=\"twitter:data2\" content=\"3\u00a0Minuten\" \/>\n<script type=\"application\/ld+json\" class=\"yoast-schema-graph\">{\"@context\":\"https:\/\/schema.org\",\"@graph\":[{\"@type\":\"Article\",\"@id\":\"https:\/\/weltlaeden.de\/alzey\/regenwald-kaffee-kaffa-produkt-des-monats-september-10-rabatt\/#article\",\"isPartOf\":{\"@id\":\"https:\/\/weltlaeden.de\/alzey\/regenwald-kaffee-kaffa-produkt-des-monats-september-10-rabatt\/\"},\"author\":{\"name\":\"morten\",\"@id\":\"https:\/\/weltlaeden.de\/alzey\/#\/schema\/person\/63e09e991671e4dce8a37ba026a0e840\"},\"headline\":\"Regenwald Kaffee &#8222;Kaffa&#8220; Produkt des Monats September -10% Rabatt\",\"datePublished\":\"2026-08-30T08:19:24+00:00\",\"mainEntityOfPage\":{\"@id\":\"https:\/\/weltlaeden.de\/alzey\/regenwald-kaffee-kaffa-produkt-des-monats-september-10-rabatt\/\"},\"wordCount\":440,\"image\":{\"@id\":\"https:\/\/weltlaeden.de\/alzey\/regenwald-kaffee-kaffa-produkt-des-monats-september-10-rabatt\/#primaryimage\"},\"thumbnailUrl\":\"https:\/\/weltlaeden.de\/alzey\/wp-content\/uploads\/sites\/39\/2026\/08\/Produkt-des-Monats-13.jpg\",\"keywords\":[\"Alzey-Worms\",\"Angebot\",\"Fairtradetownalzey\",\"Kaffa\",\"Kaffeeauswahl\",\"PdM\",\"Produkt des Monats\",\"Regenwald\",\"Weltladen Alzey\",\"WL Alzey\"],\"articleSection\":[\"Produkt des Monats\"],\"inLanguage\":\"de\"},{\"@type\":\"WebPage\",\"@id\":\"https:\/\/weltlaeden.de\/alzey\/regenwald-kaffee-kaffa-produkt-des-monats-september-10-rabatt\/\",\"url\":\"https:\/\/weltlaeden.de\/alzey\/regenwald-kaffee-kaffa-produkt-des-monats-september-10-rabatt\/\",\"name\":\"Regenwald Kaffee \\\"Kaffa\\\" Produkt des Monats September -10% Rabatt - Weltladen Alzey e.V.\",\"isPartOf\":{\"@id\":\"https:\/\/weltlaeden.de\/alzey\/#website\"},\"primaryImageOfPage\":{\"@id\":\"https:\/\/weltlaeden.de\/alzey\/regenwald-kaffee-kaffa-produkt-des-monats-september-10-rabatt\/#primaryimage\"},\"image\":{\"@id\":\"https:\/\/weltlaeden.de\/alzey\/regenwald-kaffee-kaffa-produkt-des-monats-september-10-rabatt\/#primaryimage\"},\"thumbnailUrl\":\"https:\/\/weltlaeden.de\/alzey\/wp-content\/uploads\/sites\/39\/2026\/08\/Produkt-des-Monats-13.jpg\",\"datePublished\":\"2026-08-30T08:19:24+00:00\",\"author\":{\"@id\":\"https:\/\/weltlaeden.de\/alzey\/#\/schema\/person\/63e09e991671e4dce8a37ba026a0e840\"},\"breadcrumb\":{\"@id\":\"https:\/\/weltlaeden.de\/alzey\/regenwald-kaffee-kaffa-produkt-des-monats-september-10-rabatt\/#breadcrumb\"},\"inLanguage\":\"de\",\"potentialAction\":[{\"@type\":\"ReadAction\",\"target\":[\"https:\/\/weltlaeden.de\/alzey\/regenwald-kaffee-kaffa-produkt-des-monats-september-10-rabatt\/\"]}]},{\"@type\":\"ImageObject\",\"inLanguage\":\"de\",\"@id\":\"https:\/\/weltlaeden.de\/alzey\/regenwald-kaffee-kaffa-produkt-des-monats-september-10-rabatt\/#primaryimage\",\"url\":\"https:\/\/weltlaeden.de\/alzey\/wp-content\/uploads\/sites\/39\/2026\/08\/Produkt-des-Monats-13.jpg\",\"contentUrl\":\"https:\/\/weltlaeden.de\/alzey\/wp-content\/uploads\/sites\/39\/2026\/08\/Produkt-des-Monats-13.jpg\",\"width\":1080,\"height\":1350},{\"@type\":\"BreadcrumbList\",\"@id\":\"https:\/\/weltlaeden.de\/alzey\/regenwald-kaffee-kaffa-produkt-des-monats-september-10-rabatt\/#breadcrumb\",\"itemListElement\":[{\"@type\":\"ListItem\",\"position\":1,\"name\":\"Startseite\",\"item\":\"https:\/\/weltlaeden.de\/alzey\/\"},{\"@type\":\"ListItem\",\"position\":2,\"name\":\"Regenwald Kaffee &#8222;Kaffa&#8220; Produkt des Monats September -10% Rabatt\"}]},{\"@type\":\"WebSite\",\"@id\":\"https:\/\/weltlaeden.de\/alzey\/#website\",\"url\":\"https:\/\/weltlaeden.de\/alzey\/\",\"name\":\"Vorlage\",\"description\":\"Faire Produkte seit 1983\",\"potentialAction\":[{\"@type\":\"SearchAction\",\"target\":{\"@type\":\"EntryPoint\",\"urlTemplate\":\"https:\/\/weltlaeden.de\/alzey\/?s={search_term_string}\"},\"query-input\":{\"@type\":\"PropertyValueSpecification\",\"valueRequired\":true,\"valueName\":\"search_term_string\"}}],\"inLanguage\":\"de\"},{\"@type\":\"Person\",\"@id\":\"https:\/\/weltlaeden.de\/alzey\/#\/schema\/person\/63e09e991671e4dce8a37ba026a0e840\",\"name\":\"morten\",\"image\":{\"@type\":\"ImageObject\",\"inLanguage\":\"de\",\"@id\":\"https:\/\/weltlaeden.de\/alzey\/#\/schema\/person\/image\/\",\"url\":\"https:\/\/secure.gravatar.com\/avatar\/377f1320449ae2782bc5b023f5392c40?s=96&d=mm&r=g\",\"contentUrl\":\"https:\/\/secure.gravatar.com\/avatar\/377f1320449ae2782bc5b023f5392c40?s=96&d=mm&r=g\",\"caption\":\"morten\"}}]}<\/script>\n<!-- \/ Yoast SEO plugin. -->","yoast_head_json":{"title":"Regenwald Kaffee \"Kaffa\" Produkt des Monats September -10% Rabatt - Weltladen Alzey e.V.","robots":{"index":"index","follow":"follow","max-snippet":"max-snippet:-1","max-image-preview":"max-image-preview:large","max-video-preview":"max-video-preview:-1"},"canonical":"https:\/\/weltlaeden.de\/alzey\/regenwald-kaffee-kaffa-produkt-des-monats-september-10-rabatt\/","og_locale":"de_DE","og_type":"article","og_title":"Regenwald Kaffee \"Kaffa\" Produkt des Monats September -10% Rabatt - Weltladen Alzey e.V.","og_description":"\u2615\ud83c\udf3f PRODUKT DES MONATS: KAFFA Regenwald Kaffee Im September gibt es 10 % Rabatt! Was macht einen Kaffee wirklich besonders? Beim KAFFA von WeltPartner ist es nicht nur der Geschmack \u2013 sondern vor allem die Geschichte der Menschen, die ihn ernten. \ud83c\udf33 Kaffee aus dem Regenwald KAFFA stammt aus der gleichnamigen Region im S\u00fcdwesten \u00c4thiopiens&hellip;","og_url":"https:\/\/weltlaeden.de\/alzey\/regenwald-kaffee-kaffa-produkt-des-monats-september-10-rabatt\/","og_site_name":"Weltladen Alzey e.V.","article_published_time":"2026-08-30T08:19:24+00:00","og_image":[{"width":1080,"height":1350,"url":"https:\/\/weltlaeden.de\/alzey\/wp-content\/uploads\/sites\/39\/2026\/08\/Produkt-des-Monats-13.jpg","type":"image\/jpeg"}],"author":"morten","twitter_card":"summary_large_image","twitter_misc":{"Verfasst von":"morten","Gesch\u00e4tzte Lesezeit":"3\u00a0Minuten"},"schema":{"@context":"https:\/\/schema.org","@graph":[{"@type":"Article","@id":"https:\/\/weltlaeden.de\/alzey\/regenwald-kaffee-kaffa-produkt-des-monats-september-10-rabatt\/#article","isPartOf":{"@id":"https:\/\/weltlaeden.de\/alzey\/regenwald-kaffee-kaffa-produkt-des-monats-september-10-rabatt\/"},"author":{"name":"morten","@id":"https:\/\/weltlaeden.de\/alzey\/#\/schema\/person\/63e09e991671e4dce8a37ba026a0e840"},"headline":"Regenwald Kaffee &#8222;Kaffa&#8220; Produkt des Monats September -10% Rabatt","datePublished":"2026-08-30T08:19:24+00:00","mainEntityOfPage":{"@id":"https:\/\/weltlaeden.de\/alzey\/regenwald-kaffee-kaffa-produkt-des-monats-september-10-rabatt\/"},"wordCount":440,"image":{"@id":"https:\/\/weltlaeden.de\/alzey\/regenwald-kaffee-kaffa-produkt-des-monats-september-10-rabatt\/#primaryimage"},"thumbnailUrl":"https:\/\/weltlaeden.de\/alzey\/wp-content\/uploads\/sites\/39\/2026\/08\/Produkt-des-Monats-13.jpg","keywords":["Alzey-Worms","Angebot","Fairtradetownalzey","Kaffa","Kaffeeauswahl","PdM","Produkt des Monats","Regenwald","Weltladen Alzey","WL Alzey"],"articleSection":["Produkt des Monats"],"inLanguage":"de"},{"@type":"WebPage","@id":"https:\/\/weltlaeden.de\/alzey\/regenwald-kaffee-kaffa-produkt-des-monats-september-10-rabatt\/","url":"https:\/\/weltlaeden.de\/alzey\/regenwald-kaffee-kaffa-produkt-des-monats-september-10-rabatt\/","name":"Regenwald Kaffee \"Kaffa\" Produkt des Monats September -10% Rabatt - Weltladen Alzey e.V.","isPartOf":{"@id":"https:\/\/weltlaeden.de\/alzey\/#website"},"primaryImageOfPage":{"@id":"https:\/\/weltlaeden.de\/alzey\/regenwald-kaffee-kaffa-produkt-des-monats-september-10-rabatt\/#primaryimage"},"image":{"@id":"https:\/\/weltlaeden.de\/alzey\/regenwald-kaffee-kaffa-produkt-des-monats-september-10-rabatt\/#primaryimage"},"thumbnailUrl":"https:\/\/weltlaeden.de\/alzey\/wp-content\/uploads\/sites\/39\/2026\/08\/Produkt-des-Monats-13.jpg","datePublished":"2026-08-30T08:19:24+00:00","author":{"@id":"https:\/\/weltlaeden.de\/alzey\/#\/schema\/person\/63e09e991671e4dce8a37ba026a0e840"},"breadcrumb":{"@id":"https:\/\/weltlaeden.de\/alzey\/regenwald-kaffee-kaffa-produkt-des-monats-september-10-rabatt\/#breadcrumb"},"inLanguage":"de","potentialAction":[{"@type":"ReadAction","target":["https:\/\/weltlaeden.de\/alzey\/regenwald-kaffee-kaffa-produkt-des-monats-september-10-rabatt\/"]}]},{"@type":"ImageObject","inLanguage":"de","@id":"https:\/\/weltlaeden.de\/alzey\/regenwald-kaffee-kaffa-produkt-des-monats-september-10-rabatt\/#primaryimage","url":"https:\/\/weltlaeden.de\/alzey\/wp-content\/uploads\/sites\/39\/2026\/08\/Produkt-des-Monats-13.jpg","contentUrl":"https:\/\/weltlaeden.de\/alzey\/wp-content\/uploads\/sites\/39\/2026\/08\/Produkt-des-Monats-13.jpg","width":1080,"height":1350},{"@type":"BreadcrumbList","@id":"https:\/\/weltlaeden.de\/alzey\/regenwald-kaffee-kaffa-produkt-des-monats-september-10-rabatt\/#breadcrumb","itemListElement":[{"@type":"ListItem","position":1,"name":"Startseite","item":"https:\/\/weltlaeden.de\/alzey\/"},{"@type":"ListItem","position":2,"name":"Regenwald Kaffee &#8222;Kaffa&#8220; Produkt des Monats September -10% Rabatt"}]},{"@type":"WebSite","@id":"https:\/\/weltlaeden.de\/alzey\/#website","url":"https:\/\/weltlaeden.de\/alzey\/","name":"Vorlage","description":"Faire Produkte seit 1983","potentialAction":[{"@type":"SearchAction","target":{"@type":"EntryPoint","urlTemplate":"https:\/\/weltlaeden.de\/alzey\/?s={search_term_string}"},"query-input":{"@type":"PropertyValueSpecification","valueRequired":true,"valueName":"search_term_string"}}],"inLanguage":"de"},{"@type":"Person","@id":"https:\/\/weltlaeden.de\/alzey\/#\/schema\/person\/63e09e991671e4dce8a37ba026a0e840","name":"morten","image":{"@type":"ImageObject","inLanguage":"de","@id":"https:\/\/weltlaeden.de\/alzey\/#\/schema\/person\/image\/","url":"https:\/\/secure.gravatar.com\/avatar\/377f1320449ae2782bc5b023f5392c40?s=96&d=mm&r=g","contentUrl":"https:\/\/secure.gravatar.com\/avatar\/377f1320449ae2782bc5b023f5392c40?s=96&d=mm&r=g","caption":"morten"}}]}},"_links":{"self":[{"href":"https:\/\/weltlaeden.de\/alzey\/wp-json\/wp\/v2\/posts\/1298","targetHints":{"allow":["GET"]}}],"collection":[{"href":"https:\/\/weltlaeden.de\/alzey\/wp-json\/wp\/v2\/posts"}],"about":[{"href":"https:\/\/weltlaeden.de\/alzey\/wp-json\/wp\/v2\/types\/post"}],"author":[{"embeddable":true,"href":"https:\/\/weltlaeden.de\/alzey\/wp-json\/wp\/v2\/users\/202"}],"replies":[{"embeddable":true,"href":"https:\/\/weltlaeden.de\/alzey\/wp-json\/wp\/v2\/comments?post=1298"}],"version-history":[{"count":1,"href":"https:\/\/weltlaeden.de\/alzey\/wp-json\/wp\/v2\/posts\/1298\/revisions"}],"predecessor-version":[{"id":1301,"href":"https:\/\/weltlaeden.de\/alzey\/wp-json\/wp\/v2\/posts\/1298\/revisions\/1301"}],"wp:featuredmedia":[{"embeddable":true,"href":"https:\/\/weltlaeden.de\/alzey\/wp-json\/wp\/v2\/media\/1300"}],"wp:attachment":[{"href":"https:\/\/weltlaeden.de\/alzey\/wp-json\/wp\/v2\/media?parent=1298"}],"wp:term":[{"taxonomy":"category","embeddable":true,"href":"https:\/\/weltlaeden.de\/alzey\/wp-json\/wp\/v2\/categories?post=1298"},{"taxonomy":"post_tag","embeddable":true,"href":"https:\/\/weltlaeden.de\/alzey\/wp-json\/wp\/v2\/tags?post=1298"}],"curies":[{"name":"wp","href":"https:\/\/api.w.org\/{rel}","templated":true}]}}