{"id":1257,"date":"2026-05-01T12:25:44","date_gmt":"2026-05-01T10:25:44","guid":{"rendered":"https:\/\/weltlaeden.de\/alzey\/?p=1257"},"modified":"2026-05-01T12:25:44","modified_gmt":"2026-05-01T10:25:44","slug":"produkt-des-monats-10-rabatt-auf-bio-mango-produkte-von-preda","status":"publish","type":"post","link":"https:\/\/weltlaeden.de\/alzey\/produkt-des-monats-10-rabatt-auf-bio-mango-produkte-von-preda\/","title":{"rendered":"Produkt des Monats: -10 % Rabatt auf Bio-Mango Produkte von Preda"},"content":{"rendered":"<div style=\"width: 478px;\" class=\"wp-video\"><!--[if lt IE 9]><script>document.createElement('video');<\/script><![endif]-->\n<video class=\"wp-video-shortcode\" id=\"video-1257-1\" width=\"478\" height=\"850\" preload=\"metadata\" controls=\"controls\"><source type=\"video\/mp4\" src=\"https:\/\/weltlaeden.de\/alzey\/wp-content\/uploads\/sites\/39\/2026\/05\/VideozuPreda.mp4?_=1\" \/><a href=\"https:\/\/weltlaeden.de\/alzey\/wp-content\/uploads\/sites\/39\/2026\/05\/VideozuPreda.mp4\">https:\/\/weltlaeden.de\/alzey\/wp-content\/uploads\/sites\/39\/2026\/05\/VideozuPreda.mp4<\/a><\/video><\/div>\n<p><strong>Produkt des Monats Mai im Weltladen Alzey<\/strong><\/p>\n<p>Im Mai stellt der Weltladen Alzey besondere Produkte in den Mittelpunkt: die handgefertigten Waren der Organisation Preda. Den ganzen Monat \u00fcber erhaltet ihr <strong>10 % Rabatt auf alle Preda-Produkte<\/strong>.<\/p>\n<p>Preda engagiert sich seit vielen Jahren f\u00fcr Kinderrechte und <strong>Kinderschutz auf den Philippinen<\/strong>. Sie setzt sich insbesondere f\u00fcr Kinder ein, die Opfer von Ausbeutung, Gewalt oder Missbrauch geworden sind. Durch <strong>Schutzprogramme<\/strong>, <strong>Bildungsangebote<\/strong> und therapeutische Unterst\u00fctzung bekommen betroffene <strong>Kinder<\/strong> eine neue Perspektive und die Chance auf ein selbstbestimmtes Leben.<\/p>\n<p>Ein wichtiger Bestandteil der Arbeit von Preda ist die Herstellung von <strong>fair gehandelten Produkten<\/strong>, darunter P\u00fcrees, So\u00dfen, Trockenfr\u00fcchte und vieles mehr <strong>aus Bio-Mangos<\/strong>. Diese Produkte sichern nicht nur Einkommen f\u00fcr benachteiligte Familien, sondern finanzieren gleichzeitig die wichtige Kinderschutzarbeit der Organisation.<\/p>\n<p>Mit dem Kauf der Preda-Produkte im Weltladen Alzey <strong>unterst\u00fctzen<\/strong> Sie also gleich <strong>doppelt<\/strong>:<\/p>\n<p>* Sie f\u00f6rdern fairen Handel und <strong>gerechte Arbeitsbedingungen<\/strong><br \/>\n* Sie leisten einen konkreten Beitrag zum <strong>Schutz von Kindern<\/strong> und zur Wahrung ihrer Rechte<\/p>\n<p>Schaut im Mai im Weltladen vorbei und entdeckt die Vielfalt der Preda-Produkte \u2013 <strong>bewusst einkaufen<\/strong> und dabei <strong>Gutes tun<\/strong>.<\/p>\n","protected":false},"excerpt":{"rendered":"<p>Produkt des Monats Mai im Weltladen Alzey Im Mai stellt der Weltladen Alzey besondere Produkte in den Mittelpunkt: die handgefertigten Waren der Organisation Preda. Den ganzen Monat \u00fcber erhaltet ihr 10 % Rabatt auf alle Preda-Produkte. Preda engagiert sich seit vielen Jahren f\u00fcr Kinderrechte und Kinderschutz auf den Philippinen. Sie setzt sich insbesondere f\u00fcr Kinder&hellip;<\/p>\n","protected":false},"author":202,"featured_media":1260,"comment_status":"closed","ping_status":"closed","sticky":false,"template":"","format":"standard","meta":{"footnotes":""},"categories":[24],"tags":[12,39,38,13,29,23],"class_list":["post-1257","post","type-post","status-publish","format-standard","has-post-thumbnail","hentry","category-produkt-des-monats","tag-fairtrade-town-alzey","tag-kinderrechte","tag-preda","tag-produkt-des-monats","tag-rabatt","tag-weltladen-alzey","category-24","description-off"],"yoast_head":"<!-- This site is optimized with the Yoast SEO plugin v26.8 - https:\/\/yoast.com\/product\/yoast-seo-wordpress\/ -->\n<title>Produkt des Monats: -10 % Rabatt auf Bio-Mango Produkte von Preda - Weltladen Alzey e.V.<\/title>\n<meta name=\"robots\" content=\"index, follow, max-snippet:-1, max-image-preview:large, max-video-preview:-1\" \/>\n<link rel=\"canonical\" href=\"https:\/\/weltlaeden.de\/alzey\/produkt-des-monats-10-rabatt-auf-bio-mango-produkte-von-preda\/\" \/>\n<meta property=\"og:locale\" content=\"de_DE\" \/>\n<meta property=\"og:type\" content=\"article\" \/>\n<meta property=\"og:title\" content=\"Produkt des Monats: -10 % Rabatt auf Bio-Mango Produkte von Preda - Weltladen Alzey e.V.\" \/>\n<meta property=\"og:description\" content=\"Produkt des Monats Mai im Weltladen Alzey Im Mai stellt der Weltladen Alzey besondere Produkte in den Mittelpunkt: die handgefertigten Waren der Organisation Preda. Den ganzen Monat \u00fcber erhaltet ihr 10 % Rabatt auf alle Preda-Produkte. Preda engagiert sich seit vielen Jahren f\u00fcr Kinderrechte und Kinderschutz auf den Philippinen. Sie setzt sich insbesondere f\u00fcr Kinder&hellip;\" \/>\n<meta property=\"og:url\" content=\"https:\/\/weltlaeden.de\/alzey\/produkt-des-monats-10-rabatt-auf-bio-mango-produkte-von-preda\/\" \/>\n<meta property=\"og:site_name\" content=\"Weltladen Alzey e.V.\" \/>\n<meta property=\"article:published_time\" content=\"2026-05-01T10:25:44+00:00\" \/>\n<meta property=\"og:image\" content=\"https:\/\/weltlaeden.de\/alzey\/wp-content\/uploads\/sites\/39\/2026\/05\/Produkt-des-Monats-6.jpg\" \/>\n\t<meta property=\"og:image:width\" content=\"1080\" \/>\n\t<meta property=\"og:image:height\" content=\"1350\" \/>\n\t<meta property=\"og:image:type\" content=\"image\/jpeg\" \/>\n<meta name=\"author\" content=\"morten\" \/>\n<meta name=\"twitter:card\" content=\"summary_large_image\" \/>\n<meta name=\"twitter:label1\" content=\"Verfasst von\" \/>\n\t<meta name=\"twitter:data1\" content=\"morten\" \/>\n\t<meta name=\"twitter:label2\" content=\"Gesch\u00e4tzte Lesezeit\" \/>\n\t<meta name=\"twitter:data2\" content=\"2\u00a0Minuten\" \/>\n<script type=\"application\/ld+json\" class=\"yoast-schema-graph\">{\"@context\":\"https:\/\/schema.org\",\"@graph\":[{\"@type\":\"Article\",\"@id\":\"https:\/\/weltlaeden.de\/alzey\/produkt-des-monats-10-rabatt-auf-bio-mango-produkte-von-preda\/#article\",\"isPartOf\":{\"@id\":\"https:\/\/weltlaeden.de\/alzey\/produkt-des-monats-10-rabatt-auf-bio-mango-produkte-von-preda\/\"},\"author\":{\"name\":\"morten\",\"@id\":\"https:\/\/weltlaeden.de\/alzey\/#\/schema\/person\/63e09e991671e4dce8a37ba026a0e840\"},\"headline\":\"Produkt des Monats: -10 % Rabatt auf Bio-Mango Produkte von Preda\",\"datePublished\":\"2026-05-01T10:25:44+00:00\",\"mainEntityOfPage\":{\"@id\":\"https:\/\/weltlaeden.de\/alzey\/produkt-des-monats-10-rabatt-auf-bio-mango-produkte-von-preda\/\"},\"wordCount\":207,\"image\":{\"@id\":\"https:\/\/weltlaeden.de\/alzey\/produkt-des-monats-10-rabatt-auf-bio-mango-produkte-von-preda\/#primaryimage\"},\"thumbnailUrl\":\"https:\/\/weltlaeden.de\/alzey\/wp-content\/uploads\/sites\/39\/2026\/05\/Produkt-des-Monats-6.jpg\",\"keywords\":[\"Fairtrade-Town Alzey\",\"Kinderrechte\",\"Preda\",\"Produkt des Monats\",\"Rabatt\",\"Weltladen Alzey\"],\"articleSection\":[\"Produkt des Monats\"],\"inLanguage\":\"de\"},{\"@type\":\"WebPage\",\"@id\":\"https:\/\/weltlaeden.de\/alzey\/produkt-des-monats-10-rabatt-auf-bio-mango-produkte-von-preda\/\",\"url\":\"https:\/\/weltlaeden.de\/alzey\/produkt-des-monats-10-rabatt-auf-bio-mango-produkte-von-preda\/\",\"name\":\"Produkt des Monats: -10 % Rabatt auf Bio-Mango Produkte von Preda - Weltladen Alzey e.V.\",\"isPartOf\":{\"@id\":\"https:\/\/weltlaeden.de\/alzey\/#website\"},\"primaryImageOfPage\":{\"@id\":\"https:\/\/weltlaeden.de\/alzey\/produkt-des-monats-10-rabatt-auf-bio-mango-produkte-von-preda\/#primaryimage\"},\"image\":{\"@id\":\"https:\/\/weltlaeden.de\/alzey\/produkt-des-monats-10-rabatt-auf-bio-mango-produkte-von-preda\/#primaryimage\"},\"thumbnailUrl\":\"https:\/\/weltlaeden.de\/alzey\/wp-content\/uploads\/sites\/39\/2026\/05\/Produkt-des-Monats-6.jpg\",\"datePublished\":\"2026-05-01T10:25:44+00:00\",\"author\":{\"@id\":\"https:\/\/weltlaeden.de\/alzey\/#\/schema\/person\/63e09e991671e4dce8a37ba026a0e840\"},\"breadcrumb\":{\"@id\":\"https:\/\/weltlaeden.de\/alzey\/produkt-des-monats-10-rabatt-auf-bio-mango-produkte-von-preda\/#breadcrumb\"},\"inLanguage\":\"de\",\"potentialAction\":[{\"@type\":\"ReadAction\",\"target\":[\"https:\/\/weltlaeden.de\/alzey\/produkt-des-monats-10-rabatt-auf-bio-mango-produkte-von-preda\/\"]}]},{\"@type\":\"ImageObject\",\"inLanguage\":\"de\",\"@id\":\"https:\/\/weltlaeden.de\/alzey\/produkt-des-monats-10-rabatt-auf-bio-mango-produkte-von-preda\/#primaryimage\",\"url\":\"https:\/\/weltlaeden.de\/alzey\/wp-content\/uploads\/sites\/39\/2026\/05\/Produkt-des-Monats-6.jpg\",\"contentUrl\":\"https:\/\/weltlaeden.de\/alzey\/wp-content\/uploads\/sites\/39\/2026\/05\/Produkt-des-Monats-6.jpg\",\"width\":1080,\"height\":1350},{\"@type\":\"BreadcrumbList\",\"@id\":\"https:\/\/weltlaeden.de\/alzey\/produkt-des-monats-10-rabatt-auf-bio-mango-produkte-von-preda\/#breadcrumb\",\"itemListElement\":[{\"@type\":\"ListItem\",\"position\":1,\"name\":\"Startseite\",\"item\":\"https:\/\/weltlaeden.de\/alzey\/\"},{\"@type\":\"ListItem\",\"position\":2,\"name\":\"Produkt des Monats: -10 % Rabatt auf Bio-Mango Produkte von Preda\"}]},{\"@type\":\"WebSite\",\"@id\":\"https:\/\/weltlaeden.de\/alzey\/#website\",\"url\":\"https:\/\/weltlaeden.de\/alzey\/\",\"name\":\"Vorlage\",\"description\":\"Faire Produkte seit 1983\",\"potentialAction\":[{\"@type\":\"SearchAction\",\"target\":{\"@type\":\"EntryPoint\",\"urlTemplate\":\"https:\/\/weltlaeden.de\/alzey\/?s={search_term_string}\"},\"query-input\":{\"@type\":\"PropertyValueSpecification\",\"valueRequired\":true,\"valueName\":\"search_term_string\"}}],\"inLanguage\":\"de\"},{\"@type\":\"Person\",\"@id\":\"https:\/\/weltlaeden.de\/alzey\/#\/schema\/person\/63e09e991671e4dce8a37ba026a0e840\",\"name\":\"morten\",\"image\":{\"@type\":\"ImageObject\",\"inLanguage\":\"de\",\"@id\":\"https:\/\/weltlaeden.de\/alzey\/#\/schema\/person\/image\/\",\"url\":\"https:\/\/secure.gravatar.com\/avatar\/377f1320449ae2782bc5b023f5392c40?s=96&d=mm&r=g\",\"contentUrl\":\"https:\/\/secure.gravatar.com\/avatar\/377f1320449ae2782bc5b023f5392c40?s=96&d=mm&r=g\",\"caption\":\"morten\"}}]}<\/script>\n<!-- \/ Yoast SEO plugin. -->","yoast_head_json":{"title":"Produkt des Monats: -10 % Rabatt auf Bio-Mango Produkte von Preda - Weltladen Alzey e.V.","robots":{"index":"index","follow":"follow","max-snippet":"max-snippet:-1","max-image-preview":"max-image-preview:large","max-video-preview":"max-video-preview:-1"},"canonical":"https:\/\/weltlaeden.de\/alzey\/produkt-des-monats-10-rabatt-auf-bio-mango-produkte-von-preda\/","og_locale":"de_DE","og_type":"article","og_title":"Produkt des Monats: -10 % Rabatt auf Bio-Mango Produkte von Preda - Weltladen Alzey e.V.","og_description":"Produkt des Monats Mai im Weltladen Alzey Im Mai stellt der Weltladen Alzey besondere Produkte in den Mittelpunkt: die handgefertigten Waren der Organisation Preda. Den ganzen Monat \u00fcber erhaltet ihr 10 % Rabatt auf alle Preda-Produkte. Preda engagiert sich seit vielen Jahren f\u00fcr Kinderrechte und Kinderschutz auf den Philippinen. Sie setzt sich insbesondere f\u00fcr Kinder&hellip;","og_url":"https:\/\/weltlaeden.de\/alzey\/produkt-des-monats-10-rabatt-auf-bio-mango-produkte-von-preda\/","og_site_name":"Weltladen Alzey e.V.","article_published_time":"2026-05-01T10:25:44+00:00","og_image":[{"width":1080,"height":1350,"url":"https:\/\/weltlaeden.de\/alzey\/wp-content\/uploads\/sites\/39\/2026\/05\/Produkt-des-Monats-6.jpg","type":"image\/jpeg"}],"author":"morten","twitter_card":"summary_large_image","twitter_misc":{"Verfasst von":"morten","Gesch\u00e4tzte Lesezeit":"2\u00a0Minuten"},"schema":{"@context":"https:\/\/schema.org","@graph":[{"@type":"Article","@id":"https:\/\/weltlaeden.de\/alzey\/produkt-des-monats-10-rabatt-auf-bio-mango-produkte-von-preda\/#article","isPartOf":{"@id":"https:\/\/weltlaeden.de\/alzey\/produkt-des-monats-10-rabatt-auf-bio-mango-produkte-von-preda\/"},"author":{"name":"morten","@id":"https:\/\/weltlaeden.de\/alzey\/#\/schema\/person\/63e09e991671e4dce8a37ba026a0e840"},"headline":"Produkt des Monats: -10 % Rabatt auf Bio-Mango Produkte von Preda","datePublished":"2026-05-01T10:25:44+00:00","mainEntityOfPage":{"@id":"https:\/\/weltlaeden.de\/alzey\/produkt-des-monats-10-rabatt-auf-bio-mango-produkte-von-preda\/"},"wordCount":207,"image":{"@id":"https:\/\/weltlaeden.de\/alzey\/produkt-des-monats-10-rabatt-auf-bio-mango-produkte-von-preda\/#primaryimage"},"thumbnailUrl":"https:\/\/weltlaeden.de\/alzey\/wp-content\/uploads\/sites\/39\/2026\/05\/Produkt-des-Monats-6.jpg","keywords":["Fairtrade-Town Alzey","Kinderrechte","Preda","Produkt des Monats","Rabatt","Weltladen Alzey"],"articleSection":["Produkt des Monats"],"inLanguage":"de"},{"@type":"WebPage","@id":"https:\/\/weltlaeden.de\/alzey\/produkt-des-monats-10-rabatt-auf-bio-mango-produkte-von-preda\/","url":"https:\/\/weltlaeden.de\/alzey\/produkt-des-monats-10-rabatt-auf-bio-mango-produkte-von-preda\/","name":"Produkt des Monats: -10 % Rabatt auf Bio-Mango Produkte von Preda - Weltladen Alzey e.V.","isPartOf":{"@id":"https:\/\/weltlaeden.de\/alzey\/#website"},"primaryImageOfPage":{"@id":"https:\/\/weltlaeden.de\/alzey\/produkt-des-monats-10-rabatt-auf-bio-mango-produkte-von-preda\/#primaryimage"},"image":{"@id":"https:\/\/weltlaeden.de\/alzey\/produkt-des-monats-10-rabatt-auf-bio-mango-produkte-von-preda\/#primaryimage"},"thumbnailUrl":"https:\/\/weltlaeden.de\/alzey\/wp-content\/uploads\/sites\/39\/2026\/05\/Produkt-des-Monats-6.jpg","datePublished":"2026-05-01T10:25:44+00:00","author":{"@id":"https:\/\/weltlaeden.de\/alzey\/#\/schema\/person\/63e09e991671e4dce8a37ba026a0e840"},"breadcrumb":{"@id":"https:\/\/weltlaeden.de\/alzey\/produkt-des-monats-10-rabatt-auf-bio-mango-produkte-von-preda\/#breadcrumb"},"inLanguage":"de","potentialAction":[{"@type":"ReadAction","target":["https:\/\/weltlaeden.de\/alzey\/produkt-des-monats-10-rabatt-auf-bio-mango-produkte-von-preda\/"]}]},{"@type":"ImageObject","inLanguage":"de","@id":"https:\/\/weltlaeden.de\/alzey\/produkt-des-monats-10-rabatt-auf-bio-mango-produkte-von-preda\/#primaryimage","url":"https:\/\/weltlaeden.de\/alzey\/wp-content\/uploads\/sites\/39\/2026\/05\/Produkt-des-Monats-6.jpg","contentUrl":"https:\/\/weltlaeden.de\/alzey\/wp-content\/uploads\/sites\/39\/2026\/05\/Produkt-des-Monats-6.jpg","width":1080,"height":1350},{"@type":"BreadcrumbList","@id":"https:\/\/weltlaeden.de\/alzey\/produkt-des-monats-10-rabatt-auf-bio-mango-produkte-von-preda\/#breadcrumb","itemListElement":[{"@type":"ListItem","position":1,"name":"Startseite","item":"https:\/\/weltlaeden.de\/alzey\/"},{"@type":"ListItem","position":2,"name":"Produkt des Monats: -10 % Rabatt auf Bio-Mango Produkte von Preda"}]},{"@type":"WebSite","@id":"https:\/\/weltlaeden.de\/alzey\/#website","url":"https:\/\/weltlaeden.de\/alzey\/","name":"Vorlage","description":"Faire Produkte seit 1983","potentialAction":[{"@type":"SearchAction","target":{"@type":"EntryPoint","urlTemplate":"https:\/\/weltlaeden.de\/alzey\/?s={search_term_string}"},"query-input":{"@type":"PropertyValueSpecification","valueRequired":true,"valueName":"search_term_string"}}],"inLanguage":"de"},{"@type":"Person","@id":"https:\/\/weltlaeden.de\/alzey\/#\/schema\/person\/63e09e991671e4dce8a37ba026a0e840","name":"morten","image":{"@type":"ImageObject","inLanguage":"de","@id":"https:\/\/weltlaeden.de\/alzey\/#\/schema\/person\/image\/","url":"https:\/\/secure.gravatar.com\/avatar\/377f1320449ae2782bc5b023f5392c40?s=96&d=mm&r=g","contentUrl":"https:\/\/secure.gravatar.com\/avatar\/377f1320449ae2782bc5b023f5392c40?s=96&d=mm&r=g","caption":"morten"}}]}},"_links":{"self":[{"href":"https:\/\/weltlaeden.de\/alzey\/wp-json\/wp\/v2\/posts\/1257","targetHints":{"allow":["GET"]}}],"collection":[{"href":"https:\/\/weltlaeden.de\/alzey\/wp-json\/wp\/v2\/posts"}],"about":[{"href":"https:\/\/weltlaeden.de\/alzey\/wp-json\/wp\/v2\/types\/post"}],"author":[{"embeddable":true,"href":"https:\/\/weltlaeden.de\/alzey\/wp-json\/wp\/v2\/users\/202"}],"replies":[{"embeddable":true,"href":"https:\/\/weltlaeden.de\/alzey\/wp-json\/wp\/v2\/comments?post=1257"}],"version-history":[{"count":1,"href":"https:\/\/weltlaeden.de\/alzey\/wp-json\/wp\/v2\/posts\/1257\/revisions"}],"predecessor-version":[{"id":1261,"href":"https:\/\/weltlaeden.de\/alzey\/wp-json\/wp\/v2\/posts\/1257\/revisions\/1261"}],"wp:featuredmedia":[{"embeddable":true,"href":"https:\/\/weltlaeden.de\/alzey\/wp-json\/wp\/v2\/media\/1260"}],"wp:attachment":[{"href":"https:\/\/weltlaeden.de\/alzey\/wp-json\/wp\/v2\/media?parent=1257"}],"wp:term":[{"taxonomy":"category","embeddable":true,"href":"https:\/\/weltlaeden.de\/alzey\/wp-json\/wp\/v2\/categories?post=1257"},{"taxonomy":"post_tag","embeddable":true,"href":"https:\/\/weltlaeden.de\/alzey\/wp-json\/wp\/v2\/tags?post=1257"}],"curies":[{"name":"wp","href":"https:\/\/api.w.org\/{rel}","templated":true}]}}