{"id":1108,"date":"2026-03-14T18:38:06","date_gmt":"2026-03-14T17:38:06","guid":{"rendered":"https:\/\/weltlaeden.de\/alsfeld\/?p=1108"},"modified":"2026-03-14T18:38:06","modified_gmt":"2026-03-14T17:38:06","slug":"vortrag-von-christine-feiler-beleuchtet-zusammmenhaenge-von-frauenrechten-und-fairem-handel","status":"publish","type":"post","link":"https:\/\/weltlaeden.de\/alsfeld\/vortrag-von-christine-feiler-beleuchtet-zusammmenhaenge-von-frauenrechten-und-fairem-handel\/","title":{"rendered":"Vortrag von Christine Feiler beleuchtet Zusammmenh\u00e4nge von Frauenrechten und Fairem Handel"},"content":{"rendered":"<h1><strong>Frauen, Macht und Fairer Handel &#8211; <\/strong><strong>Vortrag von Christine Feiler<\/strong><\/h1>\n<p>Am ersten Dienstag im M\u00e4rz drehte sich im Alsfelder Weltladen alles um Frauen, Macht und Fairen Handel. Rund zwanzig Interessierte kamen zu einem Themenabend zusammen, der einen zentralen Grundsatz des Fairen Handels in den Blick nahm: die Geschlechtergerechtigkeit.<\/p>\n<p>Christine Feiler, Fairhandelsberaterin bei Weltl\u00e4den in Hessen e.V., teilte ihr Wissen und diskutierte mit den Anwesenden \u00fcber die Rolle von Frauen in globalen Handelsstrukturen und deren F\u00f6rderung durch den Fairen Handel.<\/p>\n<p>Zu Beginn machte Feiler deutlich, dass Frauen weltweit noch immer strukturell benachteiligt sind. Besonders sichtbar sei die \u00f6konomische Ungleichheit: F\u00fcr die gleiche Arbeit erhielten Frauen h\u00e4ufig weniger Lohn als M\u00e4nner und seien deutlich seltener in F\u00fchrungspositionen vertreten \u2013 sowohl im Globalen Norden als auch im Globalen S\u00fcden. In vielen L\u00e4ndern des Globalen S\u00fcdens haben Frauen und M\u00e4dchen zudem nur eingeschr\u00e4nkten Zugang zu wichtigen Ressourcen wie Bildung, eigenem Einkommen, Land oder Krediten. Dadurch seien sie besonders h\u00e4ufig von Armut betroffen. Doch auch Gewalt gegen Frauen im Haushalt oder an konventionellen Arbeitsstellen d\u00fcrfe nicht aus dem Blick geraten, so Feiler: \u201eEs bedeutet auch, dass Frauen wesentlich weniger reproduktive Rechte haben wie M\u00e4nner. Reproduktives Recht hei\u00dft die Selbstbestimmtheit \u00fcber deinen K\u00f6rper. Das ist eigentlich ein Menschenrecht. Und trotzdem wird es vielen Frauen nach wie vor verwehrt, selber zu entscheiden mit wem m\u00f6chte ich eine Beziehung eingehen, mit wem m\u00f6chte ich eine Familie gr\u00fcnden.\u201c<\/p>\n<p>Der Faire Handel setze hier gezielt an, erkl\u00e4rte Feiler. Empowerment \u2013 also die Selbsterm\u00e4chtigung von Frauen \u2013 sei dabei eine zentrale Strategie. Durch Frauenkooperativen, bessere Arbeitsbedingungen, Weiterbildungen und faire Bezahlung werden Frauen gest\u00e4rkt: Sie k\u00f6nnen wirtschaftlich unabh\u00e4ngiger, politisch aktiver und sozial besser aufgestellt werden. Dazu z\u00e4hlen etwa Management-Fortbildungen, Computerkurse oder die Mitbestimmung innerhalb der Kooperativen.<\/p>\n<p>Ein besonders anschauliches Beispiel lieferte eine Frauenkooperative in Indien: Die 1.200 Mitglieder sind gleichzeitig Eigent\u00fcmerinnen und gestalten ihre Organisation selbst. Damit schaffen sie nicht nur direkte Vorteile f\u00fcr die Mitglieder, sondern dienen als Vorbild \u2013 nicht nur f\u00fcr Unternehmen und Arbeitnehmer*innen im Globalen S\u00fcden, sondern auch im Globalen Norden. Mit wachsender wirtschaftlicher und politischer Unabh\u00e4ngigkeit r\u00fccke auch die Frage der Care-Arbeit st\u00e4rker in den Fokus. Im Fairen Handel werde daher auch darauf geachtet, dass etwa Kinderbetreuung, Gesundheitsversorgung oder soziale Absicherung mitgedacht werden.<\/p>\n<p>Die F\u00f6rderung von Frauen stecke nicht nur in einzelnen Kooperativen, sondern in jedem fairen Produkt, betonte Feiler. So trage jeder Einkauf dazu bei, Frauen zu st\u00e4rken. Die Referentin machte daran deutlich: \u201eDer Faire Handel ist kein Wohlf\u00fchlprojekt, sondern ein festes Regelwerk\u201c. Mit diesem Regelwerk verpflichten sich die Produzenten und H\u00e4ndler entlang der Lieferkette nach diesem Grundsatz zu handeln. Insgesamt gibt es zehn Grunds\u00e4tze, die von der World Fair Trade Organization (WFTO) festgelegt wurden.<\/p>\n<p>Im Anschluss an den Vortrag entwickelte sich eine angeregte Diskussion. Kritische Fragen aus dem Publikum drehten sich unter anderem darum, wie M\u00e4nner auf die wachsende wirtschaftliche Unabh\u00e4ngigkeit von Frauen reagieren. Feiler erkl\u00e4rte, dass erfolgreiche Frauenf\u00f6rderung h\u00e4ufig auch Entlastung f\u00fcr die Familien insgesamt bedeute und die finanzielle Stabilit\u00e4t verbessere.<\/p>\n<p>Am Ende des Abends blieb vor allem eine Botschaft: \u201eGesellschaftlicher Wandel braucht Zeit \u2013 Wir m\u00fcssen das Positive erleben\u201c. Die Beispiele an diesem Abend veranschaulichten dies und gaben den Zuh\u00f6rer*innen Hoffnung, insbesondere in Zeiten, in denen sich Frauenrechte in manchen L\u00e4ndern eher r\u00fcckw\u00e4rts als vorw\u00e4rts entwickeln. Wissen zu teilen, dar\u00fcber zu diskutieren und das eigene Konsumverhalten zu hinterfragen, k\u00f6nne ein wichtiger Schritt auf dem Weg zu mehr globaler Gerechtigkeit sein.<\/p>\n<div id=\"attachment_1100\" style=\"width: 199px\" class=\"wp-caption alignnone\"><img loading=\"lazy\" decoding=\"async\" aria-describedby=\"caption-attachment-1100\" class=\"size-medium wp-image-1100\" src=\"https:\/\/weltlaeden.de\/alsfeld\/wp-content\/uploads\/sites\/34\/2026\/03\/2026-03-03_Vortrag_Weltladen-2-189x300.jpg\" alt=\"\" width=\"189\" height=\"300\" srcset=\"https:\/\/weltlaeden.de\/alsfeld\/wp-content\/uploads\/sites\/34\/2026\/03\/2026-03-03_Vortrag_Weltladen-2-189x300.jpg 189w, https:\/\/weltlaeden.de\/alsfeld\/wp-content\/uploads\/sites\/34\/2026\/03\/2026-03-03_Vortrag_Weltladen-2-646x1024.jpg 646w, https:\/\/weltlaeden.de\/alsfeld\/wp-content\/uploads\/sites\/34\/2026\/03\/2026-03-03_Vortrag_Weltladen-2-768x1217.jpg 768w, https:\/\/weltlaeden.de\/alsfeld\/wp-content\/uploads\/sites\/34\/2026\/03\/2026-03-03_Vortrag_Weltladen-2-970x1536.jpg 970w, https:\/\/weltlaeden.de\/alsfeld\/wp-content\/uploads\/sites\/34\/2026\/03\/2026-03-03_Vortrag_Weltladen-2-1293x2048.jpg 1293w, https:\/\/weltlaeden.de\/alsfeld\/wp-content\/uploads\/sites\/34\/2026\/03\/2026-03-03_Vortrag_Weltladen-2-scaled.jpg 1616w\" sizes=\"auto, (max-width: 189px) 100vw, 189px\" \/><p id=\"caption-attachment-1100\" class=\"wp-caption-text\"><strong>Referentin, Christine Feiler<\/strong><\/p><\/div>\n<div id=\"attachment_1099\" style=\"width: 310px\" class=\"wp-caption alignnone\"><img loading=\"lazy\" decoding=\"async\" aria-describedby=\"caption-attachment-1099\" class=\"size-medium wp-image-1099\" src=\"https:\/\/weltlaeden.de\/alsfeld\/wp-content\/uploads\/sites\/34\/2026\/03\/2026-03-03_Vortrag_Weltladen-1-300x200.jpg\" alt=\"\" width=\"300\" height=\"200\" srcset=\"https:\/\/weltlaeden.de\/alsfeld\/wp-content\/uploads\/sites\/34\/2026\/03\/2026-03-03_Vortrag_Weltladen-1-300x200.jpg 300w, https:\/\/weltlaeden.de\/alsfeld\/wp-content\/uploads\/sites\/34\/2026\/03\/2026-03-03_Vortrag_Weltladen-1-1024x683.jpg 1024w, https:\/\/weltlaeden.de\/alsfeld\/wp-content\/uploads\/sites\/34\/2026\/03\/2026-03-03_Vortrag_Weltladen-1-768x512.jpg 768w, https:\/\/weltlaeden.de\/alsfeld\/wp-content\/uploads\/sites\/34\/2026\/03\/2026-03-03_Vortrag_Weltladen-1-1536x1024.jpg 1536w, https:\/\/weltlaeden.de\/alsfeld\/wp-content\/uploads\/sites\/34\/2026\/03\/2026-03-03_Vortrag_Weltladen-1-2048x1366.jpg 2048w\" sizes=\"auto, (max-width: 300px) 100vw, 300px\" \/><p id=\"caption-attachment-1099\" class=\"wp-caption-text\"><strong>Die Verantwortlichen aus dem Team des Weltladens<\/strong><\/p><\/div>\n","protected":false},"excerpt":{"rendered":"<p>Frauen, Macht und Fairer Handel &#8211; Vortrag von Christine Feiler Am ersten Dienstag im M\u00e4rz drehte sich im Alsfelder Weltladen alles um Frauen, Macht und Fairen Handel. Rund zwanzig Interessierte kamen zu einem Themenabend zusammen, der einen zentralen Grundsatz des Fairen Handels in den Blick nahm: die Geschlechtergerechtigkeit. Christine Feiler, Fairhandelsberaterin bei Weltl\u00e4den in Hessen&hellip;<\/p>\n","protected":false},"author":57,"featured_media":0,"comment_status":"closed","ping_status":"closed","sticky":false,"template":"","format":"standard","meta":{"footnotes":""},"categories":[1],"tags":[],"class_list":["post-1108","post","type-post","status-publish","format-standard","hentry","category-allgemein","category-1","description-off"],"yoast_head":"<!-- This site is optimized with the Yoast SEO plugin v26.8 - https:\/\/yoast.com\/product\/yoast-seo-wordpress\/ -->\n<title>Vortrag von Christine Feiler beleuchtet Zusammmenh\u00e4nge von Frauenrechten und Fairem Handel - Weltladen Alsfeld<\/title>\n<meta name=\"robots\" content=\"index, follow, max-snippet:-1, max-image-preview:large, max-video-preview:-1\" \/>\n<link rel=\"canonical\" href=\"https:\/\/weltlaeden.de\/alsfeld\/vortrag-von-christine-feiler-beleuchtet-zusammmenhaenge-von-frauenrechten-und-fairem-handel\/\" \/>\n<meta property=\"og:locale\" content=\"de_DE\" \/>\n<meta property=\"og:type\" content=\"article\" \/>\n<meta property=\"og:title\" content=\"Vortrag von Christine Feiler beleuchtet Zusammmenh\u00e4nge von Frauenrechten und Fairem Handel - Weltladen Alsfeld\" \/>\n<meta property=\"og:description\" content=\"Frauen, Macht und Fairer Handel &#8211; Vortrag von Christine Feiler Am ersten Dienstag im M\u00e4rz drehte sich im Alsfelder Weltladen alles um Frauen, Macht und Fairen Handel. Rund zwanzig Interessierte kamen zu einem Themenabend zusammen, der einen zentralen Grundsatz des Fairen Handels in den Blick nahm: die Geschlechtergerechtigkeit. Christine Feiler, Fairhandelsberaterin bei Weltl\u00e4den in Hessen&hellip;\" \/>\n<meta property=\"og:url\" content=\"https:\/\/weltlaeden.de\/alsfeld\/vortrag-von-christine-feiler-beleuchtet-zusammmenhaenge-von-frauenrechten-und-fairem-handel\/\" \/>\n<meta property=\"og:site_name\" content=\"Weltladen Alsfeld\" \/>\n<meta property=\"article:published_time\" content=\"2026-03-14T17:38:06+00:00\" \/>\n<meta property=\"og:image\" content=\"https:\/\/weltlaeden.de\/alsfeld\/wp-content\/uploads\/sites\/34\/2026\/03\/2026-03-03_Vortrag_Weltladen-2-scaled.jpg\" \/>\n\t<meta property=\"og:image:width\" content=\"1616\" \/>\n\t<meta property=\"og:image:height\" content=\"2560\" \/>\n\t<meta property=\"og:image:type\" content=\"image\/jpeg\" \/>\n<meta name=\"author\" content=\"alsfeld\" \/>\n<meta name=\"twitter:card\" content=\"summary_large_image\" \/>\n<meta name=\"twitter:label1\" content=\"Verfasst von\" \/>\n\t<meta name=\"twitter:data1\" content=\"alsfeld\" \/>\n\t<meta name=\"twitter:label2\" content=\"Gesch\u00e4tzte Lesezeit\" \/>\n\t<meta name=\"twitter:data2\" content=\"4\u00a0Minuten\" \/>\n<script type=\"application\/ld+json\" class=\"yoast-schema-graph\">{\"@context\":\"https:\/\/schema.org\",\"@graph\":[{\"@type\":\"Article\",\"@id\":\"https:\/\/weltlaeden.de\/alsfeld\/vortrag-von-christine-feiler-beleuchtet-zusammmenhaenge-von-frauenrechten-und-fairem-handel\/#article\",\"isPartOf\":{\"@id\":\"https:\/\/weltlaeden.de\/alsfeld\/vortrag-von-christine-feiler-beleuchtet-zusammmenhaenge-von-frauenrechten-und-fairem-handel\/\"},\"author\":{\"name\":\"alsfeld\",\"@id\":\"https:\/\/weltlaeden.de\/alsfeld\/#\/schema\/person\/9d873d1626d5d604fa964263b5d73dfe\"},\"headline\":\"Vortrag von Christine Feiler beleuchtet Zusammmenh\u00e4nge von Frauenrechten und Fairem Handel\",\"datePublished\":\"2026-03-14T17:38:06+00:00\",\"mainEntityOfPage\":{\"@id\":\"https:\/\/weltlaeden.de\/alsfeld\/vortrag-von-christine-feiler-beleuchtet-zusammmenhaenge-von-frauenrechten-und-fairem-handel\/\"},\"wordCount\":643,\"image\":{\"@id\":\"https:\/\/weltlaeden.de\/alsfeld\/vortrag-von-christine-feiler-beleuchtet-zusammmenhaenge-von-frauenrechten-und-fairem-handel\/#primaryimage\"},\"thumbnailUrl\":\"https:\/\/weltlaeden.de\/alsfeld\/wp-content\/uploads\/sites\/34\/2026\/03\/2026-03-03_Vortrag_Weltladen-2-189x300.jpg\",\"articleSection\":[\"Keine Kategorie\"],\"inLanguage\":\"de\"},{\"@type\":\"WebPage\",\"@id\":\"https:\/\/weltlaeden.de\/alsfeld\/vortrag-von-christine-feiler-beleuchtet-zusammmenhaenge-von-frauenrechten-und-fairem-handel\/\",\"url\":\"https:\/\/weltlaeden.de\/alsfeld\/vortrag-von-christine-feiler-beleuchtet-zusammmenhaenge-von-frauenrechten-und-fairem-handel\/\",\"name\":\"Vortrag von Christine Feiler beleuchtet Zusammmenh\u00e4nge von Frauenrechten und Fairem Handel - Weltladen Alsfeld\",\"isPartOf\":{\"@id\":\"https:\/\/weltlaeden.de\/alsfeld\/#website\"},\"primaryImageOfPage\":{\"@id\":\"https:\/\/weltlaeden.de\/alsfeld\/vortrag-von-christine-feiler-beleuchtet-zusammmenhaenge-von-frauenrechten-und-fairem-handel\/#primaryimage\"},\"image\":{\"@id\":\"https:\/\/weltlaeden.de\/alsfeld\/vortrag-von-christine-feiler-beleuchtet-zusammmenhaenge-von-frauenrechten-und-fairem-handel\/#primaryimage\"},\"thumbnailUrl\":\"https:\/\/weltlaeden.de\/alsfeld\/wp-content\/uploads\/sites\/34\/2026\/03\/2026-03-03_Vortrag_Weltladen-2-189x300.jpg\",\"datePublished\":\"2026-03-14T17:38:06+00:00\",\"author\":{\"@id\":\"https:\/\/weltlaeden.de\/alsfeld\/#\/schema\/person\/9d873d1626d5d604fa964263b5d73dfe\"},\"breadcrumb\":{\"@id\":\"https:\/\/weltlaeden.de\/alsfeld\/vortrag-von-christine-feiler-beleuchtet-zusammmenhaenge-von-frauenrechten-und-fairem-handel\/#breadcrumb\"},\"inLanguage\":\"de\",\"potentialAction\":[{\"@type\":\"ReadAction\",\"target\":[\"https:\/\/weltlaeden.de\/alsfeld\/vortrag-von-christine-feiler-beleuchtet-zusammmenhaenge-von-frauenrechten-und-fairem-handel\/\"]}]},{\"@type\":\"ImageObject\",\"inLanguage\":\"de\",\"@id\":\"https:\/\/weltlaeden.de\/alsfeld\/vortrag-von-christine-feiler-beleuchtet-zusammmenhaenge-von-frauenrechten-und-fairem-handel\/#primaryimage\",\"url\":\"https:\/\/weltlaeden.de\/alsfeld\/wp-content\/uploads\/sites\/34\/2026\/03\/2026-03-03_Vortrag_Weltladen-2-scaled.jpg\",\"contentUrl\":\"https:\/\/weltlaeden.de\/alsfeld\/wp-content\/uploads\/sites\/34\/2026\/03\/2026-03-03_Vortrag_Weltladen-2-scaled.jpg\",\"width\":1616,\"height\":2560,\"caption\":\"Referentin, Christine Feiler\"},{\"@type\":\"BreadcrumbList\",\"@id\":\"https:\/\/weltlaeden.de\/alsfeld\/vortrag-von-christine-feiler-beleuchtet-zusammmenhaenge-von-frauenrechten-und-fairem-handel\/#breadcrumb\",\"itemListElement\":[{\"@type\":\"ListItem\",\"position\":1,\"name\":\"Startseite\",\"item\":\"https:\/\/weltlaeden.de\/alsfeld\/\"},{\"@type\":\"ListItem\",\"position\":2,\"name\":\"Vortrag von Christine Feiler beleuchtet Zusammmenh\u00e4nge von Frauenrechten und Fairem Handel\"}]},{\"@type\":\"WebSite\",\"@id\":\"https:\/\/weltlaeden.de\/alsfeld\/#website\",\"url\":\"https:\/\/weltlaeden.de\/alsfeld\/\",\"name\":\"Vorlage\",\"description\":\"Faire Produkte seit 2003, Informations- und Bildungsarbeit rund um den Fairen Handel\",\"potentialAction\":[{\"@type\":\"SearchAction\",\"target\":{\"@type\":\"EntryPoint\",\"urlTemplate\":\"https:\/\/weltlaeden.de\/alsfeld\/?s={search_term_string}\"},\"query-input\":{\"@type\":\"PropertyValueSpecification\",\"valueRequired\":true,\"valueName\":\"search_term_string\"}}],\"inLanguage\":\"de\"},{\"@type\":\"Person\",\"@id\":\"https:\/\/weltlaeden.de\/alsfeld\/#\/schema\/person\/9d873d1626d5d604fa964263b5d73dfe\",\"name\":\"alsfeld\",\"image\":{\"@type\":\"ImageObject\",\"inLanguage\":\"de\",\"@id\":\"https:\/\/weltlaeden.de\/alsfeld\/#\/schema\/person\/image\/\",\"url\":\"https:\/\/secure.gravatar.com\/avatar\/8439dbe53b28d325932ee287e6ed2e6f?s=96&d=mm&r=g\",\"contentUrl\":\"https:\/\/secure.gravatar.com\/avatar\/8439dbe53b28d325932ee287e6ed2e6f?s=96&d=mm&r=g\",\"caption\":\"alsfeld\"}}]}<\/script>\n<!-- \/ Yoast SEO plugin. -->","yoast_head_json":{"title":"Vortrag von Christine Feiler beleuchtet Zusammmenh\u00e4nge von Frauenrechten und Fairem Handel - Weltladen Alsfeld","robots":{"index":"index","follow":"follow","max-snippet":"max-snippet:-1","max-image-preview":"max-image-preview:large","max-video-preview":"max-video-preview:-1"},"canonical":"https:\/\/weltlaeden.de\/alsfeld\/vortrag-von-christine-feiler-beleuchtet-zusammmenhaenge-von-frauenrechten-und-fairem-handel\/","og_locale":"de_DE","og_type":"article","og_title":"Vortrag von Christine Feiler beleuchtet Zusammmenh\u00e4nge von Frauenrechten und Fairem Handel - Weltladen Alsfeld","og_description":"Frauen, Macht und Fairer Handel &#8211; Vortrag von Christine Feiler Am ersten Dienstag im M\u00e4rz drehte sich im Alsfelder Weltladen alles um Frauen, Macht und Fairen Handel. Rund zwanzig Interessierte kamen zu einem Themenabend zusammen, der einen zentralen Grundsatz des Fairen Handels in den Blick nahm: die Geschlechtergerechtigkeit. Christine Feiler, Fairhandelsberaterin bei Weltl\u00e4den in Hessen&hellip;","og_url":"https:\/\/weltlaeden.de\/alsfeld\/vortrag-von-christine-feiler-beleuchtet-zusammmenhaenge-von-frauenrechten-und-fairem-handel\/","og_site_name":"Weltladen Alsfeld","article_published_time":"2026-03-14T17:38:06+00:00","og_image":[{"width":1616,"height":2560,"url":"https:\/\/weltlaeden.de\/alsfeld\/wp-content\/uploads\/sites\/34\/2026\/03\/2026-03-03_Vortrag_Weltladen-2-scaled.jpg","type":"image\/jpeg"}],"author":"alsfeld","twitter_card":"summary_large_image","twitter_misc":{"Verfasst von":"alsfeld","Gesch\u00e4tzte Lesezeit":"4\u00a0Minuten"},"schema":{"@context":"https:\/\/schema.org","@graph":[{"@type":"Article","@id":"https:\/\/weltlaeden.de\/alsfeld\/vortrag-von-christine-feiler-beleuchtet-zusammmenhaenge-von-frauenrechten-und-fairem-handel\/#article","isPartOf":{"@id":"https:\/\/weltlaeden.de\/alsfeld\/vortrag-von-christine-feiler-beleuchtet-zusammmenhaenge-von-frauenrechten-und-fairem-handel\/"},"author":{"name":"alsfeld","@id":"https:\/\/weltlaeden.de\/alsfeld\/#\/schema\/person\/9d873d1626d5d604fa964263b5d73dfe"},"headline":"Vortrag von Christine Feiler beleuchtet Zusammmenh\u00e4nge von Frauenrechten und Fairem Handel","datePublished":"2026-03-14T17:38:06+00:00","mainEntityOfPage":{"@id":"https:\/\/weltlaeden.de\/alsfeld\/vortrag-von-christine-feiler-beleuchtet-zusammmenhaenge-von-frauenrechten-und-fairem-handel\/"},"wordCount":643,"image":{"@id":"https:\/\/weltlaeden.de\/alsfeld\/vortrag-von-christine-feiler-beleuchtet-zusammmenhaenge-von-frauenrechten-und-fairem-handel\/#primaryimage"},"thumbnailUrl":"https:\/\/weltlaeden.de\/alsfeld\/wp-content\/uploads\/sites\/34\/2026\/03\/2026-03-03_Vortrag_Weltladen-2-189x300.jpg","articleSection":["Keine Kategorie"],"inLanguage":"de"},{"@type":"WebPage","@id":"https:\/\/weltlaeden.de\/alsfeld\/vortrag-von-christine-feiler-beleuchtet-zusammmenhaenge-von-frauenrechten-und-fairem-handel\/","url":"https:\/\/weltlaeden.de\/alsfeld\/vortrag-von-christine-feiler-beleuchtet-zusammmenhaenge-von-frauenrechten-und-fairem-handel\/","name":"Vortrag von Christine Feiler beleuchtet Zusammmenh\u00e4nge von Frauenrechten und Fairem Handel - Weltladen Alsfeld","isPartOf":{"@id":"https:\/\/weltlaeden.de\/alsfeld\/#website"},"primaryImageOfPage":{"@id":"https:\/\/weltlaeden.de\/alsfeld\/vortrag-von-christine-feiler-beleuchtet-zusammmenhaenge-von-frauenrechten-und-fairem-handel\/#primaryimage"},"image":{"@id":"https:\/\/weltlaeden.de\/alsfeld\/vortrag-von-christine-feiler-beleuchtet-zusammmenhaenge-von-frauenrechten-und-fairem-handel\/#primaryimage"},"thumbnailUrl":"https:\/\/weltlaeden.de\/alsfeld\/wp-content\/uploads\/sites\/34\/2026\/03\/2026-03-03_Vortrag_Weltladen-2-189x300.jpg","datePublished":"2026-03-14T17:38:06+00:00","author":{"@id":"https:\/\/weltlaeden.de\/alsfeld\/#\/schema\/person\/9d873d1626d5d604fa964263b5d73dfe"},"breadcrumb":{"@id":"https:\/\/weltlaeden.de\/alsfeld\/vortrag-von-christine-feiler-beleuchtet-zusammmenhaenge-von-frauenrechten-und-fairem-handel\/#breadcrumb"},"inLanguage":"de","potentialAction":[{"@type":"ReadAction","target":["https:\/\/weltlaeden.de\/alsfeld\/vortrag-von-christine-feiler-beleuchtet-zusammmenhaenge-von-frauenrechten-und-fairem-handel\/"]}]},{"@type":"ImageObject","inLanguage":"de","@id":"https:\/\/weltlaeden.de\/alsfeld\/vortrag-von-christine-feiler-beleuchtet-zusammmenhaenge-von-frauenrechten-und-fairem-handel\/#primaryimage","url":"https:\/\/weltlaeden.de\/alsfeld\/wp-content\/uploads\/sites\/34\/2026\/03\/2026-03-03_Vortrag_Weltladen-2-scaled.jpg","contentUrl":"https:\/\/weltlaeden.de\/alsfeld\/wp-content\/uploads\/sites\/34\/2026\/03\/2026-03-03_Vortrag_Weltladen-2-scaled.jpg","width":1616,"height":2560,"caption":"Referentin, Christine Feiler"},{"@type":"BreadcrumbList","@id":"https:\/\/weltlaeden.de\/alsfeld\/vortrag-von-christine-feiler-beleuchtet-zusammmenhaenge-von-frauenrechten-und-fairem-handel\/#breadcrumb","itemListElement":[{"@type":"ListItem","position":1,"name":"Startseite","item":"https:\/\/weltlaeden.de\/alsfeld\/"},{"@type":"ListItem","position":2,"name":"Vortrag von Christine Feiler beleuchtet Zusammmenh\u00e4nge von Frauenrechten und Fairem Handel"}]},{"@type":"WebSite","@id":"https:\/\/weltlaeden.de\/alsfeld\/#website","url":"https:\/\/weltlaeden.de\/alsfeld\/","name":"Vorlage","description":"Faire Produkte seit 2003, Informations- und Bildungsarbeit rund um den Fairen Handel","potentialAction":[{"@type":"SearchAction","target":{"@type":"EntryPoint","urlTemplate":"https:\/\/weltlaeden.de\/alsfeld\/?s={search_term_string}"},"query-input":{"@type":"PropertyValueSpecification","valueRequired":true,"valueName":"search_term_string"}}],"inLanguage":"de"},{"@type":"Person","@id":"https:\/\/weltlaeden.de\/alsfeld\/#\/schema\/person\/9d873d1626d5d604fa964263b5d73dfe","name":"alsfeld","image":{"@type":"ImageObject","inLanguage":"de","@id":"https:\/\/weltlaeden.de\/alsfeld\/#\/schema\/person\/image\/","url":"https:\/\/secure.gravatar.com\/avatar\/8439dbe53b28d325932ee287e6ed2e6f?s=96&d=mm&r=g","contentUrl":"https:\/\/secure.gravatar.com\/avatar\/8439dbe53b28d325932ee287e6ed2e6f?s=96&d=mm&r=g","caption":"alsfeld"}}]}},"_links":{"self":[{"href":"https:\/\/weltlaeden.de\/alsfeld\/wp-json\/wp\/v2\/posts\/1108","targetHints":{"allow":["GET"]}}],"collection":[{"href":"https:\/\/weltlaeden.de\/alsfeld\/wp-json\/wp\/v2\/posts"}],"about":[{"href":"https:\/\/weltlaeden.de\/alsfeld\/wp-json\/wp\/v2\/types\/post"}],"author":[{"embeddable":true,"href":"https:\/\/weltlaeden.de\/alsfeld\/wp-json\/wp\/v2\/users\/57"}],"replies":[{"embeddable":true,"href":"https:\/\/weltlaeden.de\/alsfeld\/wp-json\/wp\/v2\/comments?post=1108"}],"version-history":[{"count":1,"href":"https:\/\/weltlaeden.de\/alsfeld\/wp-json\/wp\/v2\/posts\/1108\/revisions"}],"predecessor-version":[{"id":1109,"href":"https:\/\/weltlaeden.de\/alsfeld\/wp-json\/wp\/v2\/posts\/1108\/revisions\/1109"}],"wp:attachment":[{"href":"https:\/\/weltlaeden.de\/alsfeld\/wp-json\/wp\/v2\/media?parent=1108"}],"wp:term":[{"taxonomy":"category","embeddable":true,"href":"https:\/\/weltlaeden.de\/alsfeld\/wp-json\/wp\/v2\/categories?post=1108"},{"taxonomy":"post_tag","embeddable":true,"href":"https:\/\/weltlaeden.de\/alsfeld\/wp-json\/wp\/v2\/tags?post=1108"}],"curies":[{"name":"wp","href":"https:\/\/api.w.org\/{rel}","templated":true}]}}